{"id":2712,"date":"2022-10-04T07:01:41","date_gmt":"2022-10-04T07:01:41","guid":{"rendered":"https:\/\/grundschule-fasanenhof.de\/?p=2712"},"modified":"2026-04-24T15:59:27","modified_gmt":"2026-04-24T15:59:27","slug":"downloads-fhs","status":"publish","type":"post","link":"https:\/\/grundschule-fasanenhof.de\/?p=2712","title":{"rendered":"Downloads FHS"},"content":{"rendered":"\n<h2 class=\"wp-block-heading\">Beitrittserkl\u00e4rung F\u00f6rderverein <\/h2>\n\n\n\n<div data-wp-interactive=\"core\/file\" class=\"wp-block-file\"><object data-wp-bind--hidden=\"!state.hasPdfPreview\" hidden class=\"wp-block-file__embed\" data=\"https:\/\/grundschule-fasanenhof.de\/wp-content\/uploads\/2022\/10\/Flyer_FoeV_FHS-1.pdf\" type=\"application\/pdf\" style=\"width:100%;height:600px\" aria-label=\"Einbettung von Flyer_F\u00f6V_FHS.\"><\/object><a id=\"wp-block-file--media-1073c5b2-2f02-403a-a04a-8cee0e0ebf55\" href=\"https:\/\/grundschule-fasanenhof.de\/wp-content\/uploads\/2022\/10\/Flyer_FoeV_FHS-1.pdf\">Flyer_F\u00f6V_FHS<\/a><a href=\"https:\/\/grundschule-fasanenhof.de\/wp-content\/uploads\/2022\/10\/Flyer_FoeV_FHS-1.pdf\" class=\"wp-block-file__button wp-element-button\" download aria-describedby=\"wp-block-file--media-1073c5b2-2f02-403a-a04a-8cee0e0ebf55\">Herunterladen<\/a><\/div>\n\n\n\n<div class=\"wp-block-file\"><\/div>\n\n\n\n<h2 class=\"wp-block-heading\">Formulare Bildung und Teilhabe<\/h2>\n\n\n\n<div data-wp-interactive=\"core\/file\" class=\"wp-block-file\"><object data-wp-bind--hidden=\"!state.hasPdfPreview\" hidden class=\"wp-block-file__embed\" data=\"https:\/\/grundschule-fasanenhof.de\/wp-content\/uploads\/2022\/10\/Erklaerung-BuT_komplett.pdf\" type=\"application\/pdf\" style=\"width:100%;height:600px\" aria-label=\"Einbettung von Erkl\u00e4rung BuT_komplett.\"><\/object><a id=\"wp-block-file--media-da897acc-e0c9-45be-a81b-851ae39ecdde\" href=\"https:\/\/grundschule-fasanenhof.de\/wp-content\/uploads\/2022\/10\/Erklaerung-BuT_komplett.pdf\">Erkl\u00e4rung BuT_komplett<\/a><a href=\"https:\/\/grundschule-fasanenhof.de\/wp-content\/uploads\/2022\/10\/Erklaerung-BuT_komplett.pdf\" class=\"wp-block-file__button wp-element-button\" download aria-describedby=\"wp-block-file--media-da897acc-e0c9-45be-a81b-851ae39ecdde\">Herunterladen<\/a><\/div>\n\n\n\n<div data-wp-interactive=\"core\/file\" class=\"wp-block-file\"><object data-wp-bind--hidden=\"!state.hasPdfPreview\" hidden class=\"wp-block-file__embed\" data=\"https:\/\/grundschule-fasanenhof.de\/wp-content\/uploads\/2022\/10\/Antrag-Klassenfahrten.pdf\" type=\"application\/pdf\" style=\"width:100%;height:600px\" aria-label=\"Einbettung von Antrag Klassenfahrten.\"><\/object><a id=\"wp-block-file--media-7b3241fe-68d1-4b2f-a70e-7364accbb836\" href=\"https:\/\/grundschule-fasanenhof.de\/wp-content\/uploads\/2022\/10\/Antrag-Klassenfahrten.pdf\">Antrag Klassenfahrten<\/a><a href=\"https:\/\/grundschule-fasanenhof.de\/wp-content\/uploads\/2022\/10\/Antrag-Klassenfahrten.pdf\" class=\"wp-block-file__button wp-element-button\" download aria-describedby=\"wp-block-file--media-7b3241fe-68d1-4b2f-a70e-7364accbb836\">Herunterladen<\/a><\/div>\n\n\n\n<div data-wp-interactive=\"core\/file\" class=\"wp-block-file\"><object data-wp-bind--hidden=\"!state.hasPdfPreview\" hidden class=\"wp-block-file__embed\" data=\"https:\/\/grundschule-fasanenhof.de\/wp-content\/uploads\/2022\/10\/Antrag-Mittagessen.pdf\" type=\"application\/pdf\" style=\"width:100%;height:600px\" aria-label=\"Einbettung von Antrag Mittagessen.\"><\/object><a id=\"wp-block-file--media-516a6770-fa1c-42e2-95d3-0761edcbdf13\" href=\"https:\/\/grundschule-fasanenhof.de\/wp-content\/uploads\/2022\/10\/Antrag-Mittagessen.pdf\">Antrag Mittagessen<\/a><a href=\"https:\/\/grundschule-fasanenhof.de\/wp-content\/uploads\/2022\/10\/Antrag-Mittagessen.pdf\" class=\"wp-block-file__button wp-element-button\" download aria-describedby=\"wp-block-file--media-516a6770-fa1c-42e2-95d3-0761edcbdf13\">Herunterladen<\/a><\/div>\n\n\n\n<div data-wp-interactive=\"core\/file\" class=\"wp-block-file\"><object data-wp-bind--hidden=\"!state.hasPdfPreview\" hidden class=\"wp-block-file__embed\" data=\"https:\/\/grundschule-fasanenhof.de\/wp-content\/uploads\/2022\/10\/Antrag-Lernfoerderung.pdf\" type=\"application\/pdf\" style=\"width:100%;height:600px\" aria-label=\"Einbettung von Antrag Lernf\u00f6rderung.\"><\/object><a id=\"wp-block-file--media-e1100f64-8b49-47c0-b9de-f9eee62620a9\" href=\"https:\/\/grundschule-fasanenhof.de\/wp-content\/uploads\/2022\/10\/Antrag-Lernfoerderung.pdf\">Antrag Lernf\u00f6rderung<\/a><a href=\"https:\/\/grundschule-fasanenhof.de\/wp-content\/uploads\/2022\/10\/Antrag-Lernfoerderung.pdf\" class=\"wp-block-file__button wp-element-button\" download aria-describedby=\"wp-block-file--media-e1100f64-8b49-47c0-b9de-f9eee62620a9\">Herunterladen<\/a><\/div>\n\n\n\n<div data-wp-interactive=\"core\/file\" class=\"wp-block-file\"><object data-wp-bind--hidden=\"!state.hasPdfPreview\" hidden class=\"wp-block-file__embed\" data=\"https:\/\/grundschule-fasanenhof.de\/wp-content\/uploads\/2022\/10\/Bildung-und-Teilhabe_06.2024_Final.pdf\" type=\"application\/pdf\" style=\"width:100%;height:600px\" aria-label=\"Einbettung von Bildung und Teilhabe_06.2024_Final.\"><\/object><a id=\"wp-block-file--media-2461fc63-99fd-40ad-936d-23963f3f3584\" href=\"https:\/\/grundschule-fasanenhof.de\/wp-content\/uploads\/2022\/10\/Bildung-und-Teilhabe_06.2024_Final.pdf\">Bildung und Teilhabe_06.2024_Final<\/a><a href=\"https:\/\/grundschule-fasanenhof.de\/wp-content\/uploads\/2022\/10\/Bildung-und-Teilhabe_06.2024_Final.pdf\" class=\"wp-block-file__button wp-element-button\" download aria-describedby=\"wp-block-file--media-2461fc63-99fd-40ad-936d-23963f3f3584\">Herunterladen<\/a><\/div>\n\n\n\n<h2 class=\"wp-block-heading\">Speisepl\u00e4ne<\/h2>\n\n\n\n<div data-wp-interactive=\"core\/file\" class=\"wp-block-file\"><object data-wp-bind--hidden=\"!state.hasPdfPreview\" hidden class=\"wp-block-file__embed\" data=\"https:\/\/grundschule-fasanenhof.de\/wp-content\/uploads\/2022\/10\/FHS-KW-18.pdf\" type=\"application\/pdf\" style=\"width:100%;height:600px\" aria-label=\"Einbettung von FHS KW 18.\"><\/object><a id=\"wp-block-file--media-62381f50-000b-40c4-8a56-0f4d68a031f7\" href=\"https:\/\/grundschule-fasanenhof.de\/wp-content\/uploads\/2022\/10\/FHS-KW-18.pdf\">FHS KW 18<\/a><a href=\"https:\/\/grundschule-fasanenhof.de\/wp-content\/uploads\/2022\/10\/FHS-KW-18.pdf\" class=\"wp-block-file__button wp-element-button\" download aria-describedby=\"wp-block-file--media-62381f50-000b-40c4-8a56-0f4d68a031f7\">Herunterladen<\/a><\/div>\n","protected":false},"excerpt":{"rendered":"<p>Beitrittserkl\u00e4rung F\u00f6rderverein Formulare Bildung und Teilhabe Speisepl\u00e4ne<\/p>\n","protected":false},"author":1,"featured_media":0,"comment_status":"closed","ping_status":"open","sticky":false,"template":"","format":"image","meta":{"footnotes":""},"categories":[13],"tags":[12],"class_list":["post-2712","post","type-post","status-publish","format-image","hentry","category-downloads","tag-downloads-fhs","post_format-post-format-image"],"_links":{"self":[{"href":"https:\/\/grundschule-fasanenhof.de\/index.php?rest_route=\/wp\/v2\/posts\/2712","targetHints":{"allow":["GET"]}}],"collection":[{"href":"https:\/\/grundschule-fasanenhof.de\/index.php?rest_route=\/wp\/v2\/posts"}],"about":[{"href":"https:\/\/grundschule-fasanenhof.de\/index.php?rest_route=\/wp\/v2\/types\/post"}],"author":[{"embeddable":true,"href":"https:\/\/grundschule-fasanenhof.de\/index.php?rest_route=\/wp\/v2\/users\/1"}],"replies":[{"embeddable":true,"href":"https:\/\/grundschule-fasanenhof.de\/index.php?rest_route=%2Fwp%2Fv2%2Fcomments&post=2712"}],"version-history":[{"count":207,"href":"https:\/\/grundschule-fasanenhof.de\/index.php?rest_route=\/wp\/v2\/posts\/2712\/revisions"}],"predecessor-version":[{"id":5504,"href":"https:\/\/grundschule-fasanenhof.de\/index.php?rest_route=\/wp\/v2\/posts\/2712\/revisions\/5504"}],"wp:attachment":[{"href":"https:\/\/grundschule-fasanenhof.de\/index.php?rest_route=%2Fwp%2Fv2%2Fmedia&parent=2712"}],"wp:term":[{"taxonomy":"category","embeddable":true,"href":"https:\/\/grundschule-fasanenhof.de\/index.php?rest_route=%2Fwp%2Fv2%2Fcategories&post=2712"},{"taxonomy":"post_tag","embeddable":true,"href":"https:\/\/grundschule-fasanenhof.de\/index.php?rest_route=%2Fwp%2Fv2%2Ftags&post=2712"}],"curies":[{"name":"wp","href":"https:\/\/api.w.org\/{rel}","templated":true}]}}