{"id":2602,"date":"2022-09-26T07:26:38","date_gmt":"2022-09-26T07:26:38","guid":{"rendered":"https:\/\/grundschule-fasanenhof.de\/?p=2602"},"modified":"2026-02-18T16:12:44","modified_gmt":"2026-02-18T16:12:44","slug":"fotogalerie","status":"publish","type":"post","link":"https:\/\/grundschule-fasanenhof.de\/?p=2602","title":{"rendered":"Fotogalerie"},"content":{"rendered":"\n<p>16. Februar 2026 &#8211; Bunte Kost\u00fcme am Rosenmontag<\/p>\n\n\n\n<figure class=\"wp-block-gallery has-nested-images columns-default is-cropped wp-block-gallery-1 is-layout-flex wp-block-gallery-is-layout-flex\">\n<figure class=\"wp-block-image size-large\"><img loading=\"lazy\" decoding=\"async\" width=\"1024\" height=\"768\" data-id=\"5380\" src=\"https:\/\/grundschule-fasanenhof.de\/wp-content\/uploads\/2022\/09\/Fasching-\u00b426-1024x768.jpg\" alt=\"\" class=\"wp-image-5380\" srcset=\"https:\/\/grundschule-fasanenhof.de\/wp-content\/uploads\/2022\/09\/Fasching-\u00b426-1024x768.jpg 1024w, https:\/\/grundschule-fasanenhof.de\/wp-content\/uploads\/2022\/09\/Fasching-\u00b426-300x225.jpg 300w, https:\/\/grundschule-fasanenhof.de\/wp-content\/uploads\/2022\/09\/Fasching-\u00b426-768x576.jpg 768w, https:\/\/grundschule-fasanenhof.de\/wp-content\/uploads\/2022\/09\/Fasching-\u00b426-1536x1152.jpg 1536w, https:\/\/grundschule-fasanenhof.de\/wp-content\/uploads\/2022\/09\/Fasching-\u00b426-2048x1536.jpg 2048w\" sizes=\"auto, (max-width: 1024px) 100vw, 1024px\" \/><\/figure>\n\n\n\n<figure class=\"wp-block-image size-large\"><img loading=\"lazy\" decoding=\"async\" width=\"1024\" height=\"768\" data-id=\"5382\" src=\"https:\/\/grundschule-fasanenhof.de\/wp-content\/uploads\/2022\/09\/IMG_6955-1024x768.jpg\" alt=\"\" class=\"wp-image-5382\" srcset=\"https:\/\/grundschule-fasanenhof.de\/wp-content\/uploads\/2022\/09\/IMG_6955-1024x768.jpg 1024w, https:\/\/grundschule-fasanenhof.de\/wp-content\/uploads\/2022\/09\/IMG_6955-300x225.jpg 300w, https:\/\/grundschule-fasanenhof.de\/wp-content\/uploads\/2022\/09\/IMG_6955-768x576.jpg 768w, https:\/\/grundschule-fasanenhof.de\/wp-content\/uploads\/2022\/09\/IMG_6955-1536x1152.jpg 1536w, https:\/\/grundschule-fasanenhof.de\/wp-content\/uploads\/2022\/09\/IMG_6955-2048x1536.jpg 2048w\" sizes=\"auto, (max-width: 1024px) 100vw, 1024px\" \/><\/figure>\n\n\n\n<figure class=\"wp-block-image size-large\"><img loading=\"lazy\" decoding=\"async\" width=\"1024\" height=\"768\" data-id=\"5379\" src=\"https:\/\/grundschule-fasanenhof.de\/wp-content\/uploads\/2022\/09\/IMG_6959_-1024x768.jpg\" alt=\"\" class=\"wp-image-5379\" srcset=\"https:\/\/grundschule-fasanenhof.de\/wp-content\/uploads\/2022\/09\/IMG_6959_-1024x768.jpg 1024w, https:\/\/grundschule-fasanenhof.de\/wp-content\/uploads\/2022\/09\/IMG_6959_-300x225.jpg 300w, https:\/\/grundschule-fasanenhof.de\/wp-content\/uploads\/2022\/09\/IMG_6959_-768x576.jpg 768w, https:\/\/grundschule-fasanenhof.de\/wp-content\/uploads\/2022\/09\/IMG_6959_-1536x1152.jpg 1536w, https:\/\/grundschule-fasanenhof.de\/wp-content\/uploads\/2022\/09\/IMG_6959_-2048x1536.jpg 2048w\" sizes=\"auto, (max-width: 1024px) 100vw, 1024px\" \/><\/figure>\n\n\n\n<figure class=\"wp-block-image size-large\"><img loading=\"lazy\" decoding=\"async\" width=\"1024\" height=\"768\" data-id=\"5381\" src=\"https:\/\/grundschule-fasanenhof.de\/wp-content\/uploads\/2022\/09\/IMG_6961-1024x768.jpg\" alt=\"\" class=\"wp-image-5381\" srcset=\"https:\/\/grundschule-fasanenhof.de\/wp-content\/uploads\/2022\/09\/IMG_6961-1024x768.jpg 1024w, https:\/\/grundschule-fasanenhof.de\/wp-content\/uploads\/2022\/09\/IMG_6961-300x225.jpg 300w, https:\/\/grundschule-fasanenhof.de\/wp-content\/uploads\/2022\/09\/IMG_6961-768x576.jpg 768w, https:\/\/grundschule-fasanenhof.de\/wp-content\/uploads\/2022\/09\/IMG_6961-1536x1152.jpg 1536w, https:\/\/grundschule-fasanenhof.de\/wp-content\/uploads\/2022\/09\/IMG_6961-2048x1536.jpg 2048w\" sizes=\"auto, (max-width: 1024px) 100vw, 1024px\" \/><\/figure>\n\n\n\n<figure class=\"wp-block-image size-large\"><img loading=\"lazy\" decoding=\"async\" width=\"1024\" height=\"783\" data-id=\"5378\" src=\"https:\/\/grundschule-fasanenhof.de\/wp-content\/uploads\/2022\/09\/IMG-20260217-WA0000-1024x783.jpg\" alt=\"\" class=\"wp-image-5378\" srcset=\"https:\/\/grundschule-fasanenhof.de\/wp-content\/uploads\/2022\/09\/IMG-20260217-WA0000-1024x783.jpg 1024w, https:\/\/grundschule-fasanenhof.de\/wp-content\/uploads\/2022\/09\/IMG-20260217-WA0000-300x229.jpg 300w, https:\/\/grundschule-fasanenhof.de\/wp-content\/uploads\/2022\/09\/IMG-20260217-WA0000-768x587.jpg 768w, https:\/\/grundschule-fasanenhof.de\/wp-content\/uploads\/2022\/09\/IMG-20260217-WA0000-1536x1175.jpg 1536w, https:\/\/grundschule-fasanenhof.de\/wp-content\/uploads\/2022\/09\/IMG-20260217-WA0000.jpg 2048w\" sizes=\"auto, (max-width: 1024px) 100vw, 1024px\" \/><\/figure>\n<\/figure>\n\n\n\n<p> <\/p>\n\n\n\n<p>15. Dezember 2025 &#8211; Eindr\u00fccke vom abschlie\u00dfenden Adventssingen<\/p>\n\n\n\n<figure class=\"wp-block-gallery has-nested-images columns-default is-cropped wp-block-gallery-2 is-layout-flex wp-block-gallery-is-layout-flex\">\n<figure class=\"wp-block-image size-large\"><img loading=\"lazy\" decoding=\"async\" width=\"1024\" height=\"576\" data-id=\"5286\" src=\"https:\/\/grundschule-fasanenhof.de\/wp-content\/uploads\/2022\/09\/IMG_20251215_083730-1024x576.jpg\" alt=\"\" class=\"wp-image-5286\" srcset=\"https:\/\/grundschule-fasanenhof.de\/wp-content\/uploads\/2022\/09\/IMG_20251215_083730-1024x576.jpg 1024w, https:\/\/grundschule-fasanenhof.de\/wp-content\/uploads\/2022\/09\/IMG_20251215_083730-300x169.jpg 300w, https:\/\/grundschule-fasanenhof.de\/wp-content\/uploads\/2022\/09\/IMG_20251215_083730-768x432.jpg 768w, https:\/\/grundschule-fasanenhof.de\/wp-content\/uploads\/2022\/09\/IMG_20251215_083730-1536x864.jpg 1536w, https:\/\/grundschule-fasanenhof.de\/wp-content\/uploads\/2022\/09\/IMG_20251215_083730-2048x1152.jpg 2048w\" sizes=\"auto, (max-width: 1024px) 100vw, 1024px\" \/><\/figure>\n\n\n\n<figure class=\"wp-block-image size-large\"><img loading=\"lazy\" decoding=\"async\" width=\"1024\" height=\"576\" data-id=\"5289\" src=\"https:\/\/grundschule-fasanenhof.de\/wp-content\/uploads\/2022\/09\/IMG_20251215_084213-1024x576.jpg\" alt=\"\" class=\"wp-image-5289\" srcset=\"https:\/\/grundschule-fasanenhof.de\/wp-content\/uploads\/2022\/09\/IMG_20251215_084213-1024x576.jpg 1024w, https:\/\/grundschule-fasanenhof.de\/wp-content\/uploads\/2022\/09\/IMG_20251215_084213-300x169.jpg 300w, https:\/\/grundschule-fasanenhof.de\/wp-content\/uploads\/2022\/09\/IMG_20251215_084213-768x432.jpg 768w, https:\/\/grundschule-fasanenhof.de\/wp-content\/uploads\/2022\/09\/IMG_20251215_084213-1536x864.jpg 1536w, https:\/\/grundschule-fasanenhof.de\/wp-content\/uploads\/2022\/09\/IMG_20251215_084213-2048x1152.jpg 2048w\" sizes=\"auto, (max-width: 1024px) 100vw, 1024px\" \/><\/figure>\n\n\n\n<figure class=\"wp-block-image size-large\"><img loading=\"lazy\" decoding=\"async\" width=\"1024\" height=\"576\" data-id=\"5283\" src=\"https:\/\/grundschule-fasanenhof.de\/wp-content\/uploads\/2022\/09\/IMG_20251215_084641-1024x576.jpg\" alt=\"\" class=\"wp-image-5283\" srcset=\"https:\/\/grundschule-fasanenhof.de\/wp-content\/uploads\/2022\/09\/IMG_20251215_084641-1024x576.jpg 1024w, https:\/\/grundschule-fasanenhof.de\/wp-content\/uploads\/2022\/09\/IMG_20251215_084641-300x169.jpg 300w, https:\/\/grundschule-fasanenhof.de\/wp-content\/uploads\/2022\/09\/IMG_20251215_084641-768x432.jpg 768w, https:\/\/grundschule-fasanenhof.de\/wp-content\/uploads\/2022\/09\/IMG_20251215_084641-1536x864.jpg 1536w, https:\/\/grundschule-fasanenhof.de\/wp-content\/uploads\/2022\/09\/IMG_20251215_084641-2048x1152.jpg 2048w\" sizes=\"auto, (max-width: 1024px) 100vw, 1024px\" \/><\/figure>\n\n\n\n<figure class=\"wp-block-image size-large\"><img loading=\"lazy\" decoding=\"async\" width=\"1024\" height=\"576\" data-id=\"5284\" src=\"https:\/\/grundschule-fasanenhof.de\/wp-content\/uploads\/2022\/09\/IMG_20251215_085317-1024x576.jpg\" alt=\"\" class=\"wp-image-5284\" srcset=\"https:\/\/grundschule-fasanenhof.de\/wp-content\/uploads\/2022\/09\/IMG_20251215_085317-1024x576.jpg 1024w, https:\/\/grundschule-fasanenhof.de\/wp-content\/uploads\/2022\/09\/IMG_20251215_085317-300x169.jpg 300w, https:\/\/grundschule-fasanenhof.de\/wp-content\/uploads\/2022\/09\/IMG_20251215_085317-768x432.jpg 768w, https:\/\/grundschule-fasanenhof.de\/wp-content\/uploads\/2022\/09\/IMG_20251215_085317-1536x864.jpg 1536w, https:\/\/grundschule-fasanenhof.de\/wp-content\/uploads\/2022\/09\/IMG_20251215_085317-2048x1152.jpg 2048w\" sizes=\"auto, (max-width: 1024px) 100vw, 1024px\" \/><\/figure>\n\n\n\n<figure class=\"wp-block-image size-large\"><img loading=\"lazy\" decoding=\"async\" width=\"1024\" height=\"576\" data-id=\"5288\" src=\"https:\/\/grundschule-fasanenhof.de\/wp-content\/uploads\/2022\/09\/IMG_20251215_082037-1024x576.jpg\" alt=\"\" class=\"wp-image-5288\" srcset=\"https:\/\/grundschule-fasanenhof.de\/wp-content\/uploads\/2022\/09\/IMG_20251215_082037-1024x576.jpg 1024w, https:\/\/grundschule-fasanenhof.de\/wp-content\/uploads\/2022\/09\/IMG_20251215_082037-300x169.jpg 300w, https:\/\/grundschule-fasanenhof.de\/wp-content\/uploads\/2022\/09\/IMG_20251215_082037-768x432.jpg 768w, https:\/\/grundschule-fasanenhof.de\/wp-content\/uploads\/2022\/09\/IMG_20251215_082037-1536x864.jpg 1536w, https:\/\/grundschule-fasanenhof.de\/wp-content\/uploads\/2022\/09\/IMG_20251215_082037-2048x1152.jpg 2048w\" sizes=\"auto, (max-width: 1024px) 100vw, 1024px\" \/><\/figure>\n\n\n\n<figure class=\"wp-block-image size-large\"><img loading=\"lazy\" decoding=\"async\" width=\"1024\" height=\"576\" data-id=\"5287\" src=\"https:\/\/grundschule-fasanenhof.de\/wp-content\/uploads\/2022\/09\/IMG_20251215_082322-1024x576.jpg\" alt=\"\" class=\"wp-image-5287\" srcset=\"https:\/\/grundschule-fasanenhof.de\/wp-content\/uploads\/2022\/09\/IMG_20251215_082322-1024x576.jpg 1024w, https:\/\/grundschule-fasanenhof.de\/wp-content\/uploads\/2022\/09\/IMG_20251215_082322-300x169.jpg 300w, https:\/\/grundschule-fasanenhof.de\/wp-content\/uploads\/2022\/09\/IMG_20251215_082322-768x432.jpg 768w, https:\/\/grundschule-fasanenhof.de\/wp-content\/uploads\/2022\/09\/IMG_20251215_082322-1536x864.jpg 1536w, https:\/\/grundschule-fasanenhof.de\/wp-content\/uploads\/2022\/09\/IMG_20251215_082322-2048x1152.jpg 2048w\" sizes=\"auto, (max-width: 1024px) 100vw, 1024px\" \/><\/figure>\n\n\n\n<figure class=\"wp-block-image size-large\"><img loading=\"lazy\" decoding=\"async\" width=\"1024\" height=\"576\" data-id=\"5285\" src=\"https:\/\/grundschule-fasanenhof.de\/wp-content\/uploads\/2022\/09\/IMG_20251215_082908-1024x576.jpg\" alt=\"\" class=\"wp-image-5285\" srcset=\"https:\/\/grundschule-fasanenhof.de\/wp-content\/uploads\/2022\/09\/IMG_20251215_082908-1024x576.jpg 1024w, https:\/\/grundschule-fasanenhof.de\/wp-content\/uploads\/2022\/09\/IMG_20251215_082908-300x169.jpg 300w, https:\/\/grundschule-fasanenhof.de\/wp-content\/uploads\/2022\/09\/IMG_20251215_082908-768x432.jpg 768w, https:\/\/grundschule-fasanenhof.de\/wp-content\/uploads\/2022\/09\/IMG_20251215_082908-1536x864.jpg 1536w, https:\/\/grundschule-fasanenhof.de\/wp-content\/uploads\/2022\/09\/IMG_20251215_082908-2048x1152.jpg 2048w\" sizes=\"auto, (max-width: 1024px) 100vw, 1024px\" \/><\/figure>\n\n\n\n<figure class=\"wp-block-image size-large\"><img loading=\"lazy\" decoding=\"async\" width=\"1024\" height=\"576\" data-id=\"5282\" src=\"https:\/\/grundschule-fasanenhof.de\/wp-content\/uploads\/2022\/09\/IMG_20251215_083315-1024x576.jpg\" alt=\"\" class=\"wp-image-5282\" srcset=\"https:\/\/grundschule-fasanenhof.de\/wp-content\/uploads\/2022\/09\/IMG_20251215_083315-1024x576.jpg 1024w, https:\/\/grundschule-fasanenhof.de\/wp-content\/uploads\/2022\/09\/IMG_20251215_083315-300x169.jpg 300w, https:\/\/grundschule-fasanenhof.de\/wp-content\/uploads\/2022\/09\/IMG_20251215_083315-768x432.jpg 768w, https:\/\/grundschule-fasanenhof.de\/wp-content\/uploads\/2022\/09\/IMG_20251215_083315-1536x864.jpg 1536w, https:\/\/grundschule-fasanenhof.de\/wp-content\/uploads\/2022\/09\/IMG_20251215_083315-2048x1152.jpg 2048w\" sizes=\"auto, (max-width: 1024px) 100vw, 1024px\" \/><\/figure>\n<\/figure>\n\n\n\n<p>09. Dezember 2025 &#8211; Die 3c schaut das M\u00e4rchen &#8222;Aschenputtel&#8220; und schlendert \u00fcber den Weihnachtsmarkt<\/p>\n\n\n\n<figure class=\"wp-block-gallery has-nested-images columns-default is-cropped wp-block-gallery-3 is-layout-flex wp-block-gallery-is-layout-flex\">\n<figure class=\"wp-block-image size-large\"><img loading=\"lazy\" decoding=\"async\" width=\"1024\" height=\"576\" data-id=\"5272\" src=\"https:\/\/grundschule-fasanenhof.de\/wp-content\/uploads\/2022\/09\/IMG_20251209_102522_1-1-1024x576.jpg\" alt=\"\" class=\"wp-image-5272\" srcset=\"https:\/\/grundschule-fasanenhof.de\/wp-content\/uploads\/2022\/09\/IMG_20251209_102522_1-1-1024x576.jpg 1024w, https:\/\/grundschule-fasanenhof.de\/wp-content\/uploads\/2022\/09\/IMG_20251209_102522_1-1-300x169.jpg 300w, https:\/\/grundschule-fasanenhof.de\/wp-content\/uploads\/2022\/09\/IMG_20251209_102522_1-1-768x432.jpg 768w, https:\/\/grundschule-fasanenhof.de\/wp-content\/uploads\/2022\/09\/IMG_20251209_102522_1-1-1536x864.jpg 1536w, https:\/\/grundschule-fasanenhof.de\/wp-content\/uploads\/2022\/09\/IMG_20251209_102522_1-1-2048x1152.jpg 2048w\" sizes=\"auto, (max-width: 1024px) 100vw, 1024px\" \/><\/figure>\n\n\n\n<figure class=\"wp-block-image size-large\"><img loading=\"lazy\" decoding=\"async\" width=\"1024\" height=\"576\" data-id=\"5271\" src=\"https:\/\/grundschule-fasanenhof.de\/wp-content\/uploads\/2022\/09\/IMG_20251209_102555_1-1024x576.jpg\" alt=\"\" class=\"wp-image-5271\" srcset=\"https:\/\/grundschule-fasanenhof.de\/wp-content\/uploads\/2022\/09\/IMG_20251209_102555_1-1024x576.jpg 1024w, https:\/\/grundschule-fasanenhof.de\/wp-content\/uploads\/2022\/09\/IMG_20251209_102555_1-300x169.jpg 300w, https:\/\/grundschule-fasanenhof.de\/wp-content\/uploads\/2022\/09\/IMG_20251209_102555_1-768x432.jpg 768w, https:\/\/grundschule-fasanenhof.de\/wp-content\/uploads\/2022\/09\/IMG_20251209_102555_1-1536x864.jpg 1536w, https:\/\/grundschule-fasanenhof.de\/wp-content\/uploads\/2022\/09\/IMG_20251209_102555_1-2048x1152.jpg 2048w\" sizes=\"auto, (max-width: 1024px) 100vw, 1024px\" \/><\/figure>\n\n\n\n<figure class=\"wp-block-image size-large\"><img loading=\"lazy\" decoding=\"async\" width=\"1024\" height=\"576\" data-id=\"5270\" src=\"https:\/\/grundschule-fasanenhof.de\/wp-content\/uploads\/2022\/09\/IMG_20251209_102801_1-1024x576.jpg\" alt=\"\" class=\"wp-image-5270\" srcset=\"https:\/\/grundschule-fasanenhof.de\/wp-content\/uploads\/2022\/09\/IMG_20251209_102801_1-1024x576.jpg 1024w, https:\/\/grundschule-fasanenhof.de\/wp-content\/uploads\/2022\/09\/IMG_20251209_102801_1-300x169.jpg 300w, https:\/\/grundschule-fasanenhof.de\/wp-content\/uploads\/2022\/09\/IMG_20251209_102801_1-768x432.jpg 768w, https:\/\/grundschule-fasanenhof.de\/wp-content\/uploads\/2022\/09\/IMG_20251209_102801_1-1536x864.jpg 1536w, https:\/\/grundschule-fasanenhof.de\/wp-content\/uploads\/2022\/09\/IMG_20251209_102801_1-2048x1152.jpg 2048w\" sizes=\"auto, (max-width: 1024px) 100vw, 1024px\" \/><\/figure>\n\n\n\n<figure class=\"wp-block-image size-large\"><img loading=\"lazy\" decoding=\"async\" width=\"1024\" height=\"576\" data-id=\"5273\" src=\"https:\/\/grundschule-fasanenhof.de\/wp-content\/uploads\/2022\/09\/IMG_20251209_110328-1024x576.jpg\" alt=\"\" class=\"wp-image-5273\" srcset=\"https:\/\/grundschule-fasanenhof.de\/wp-content\/uploads\/2022\/09\/IMG_20251209_110328-1024x576.jpg 1024w, https:\/\/grundschule-fasanenhof.de\/wp-content\/uploads\/2022\/09\/IMG_20251209_110328-300x169.jpg 300w, https:\/\/grundschule-fasanenhof.de\/wp-content\/uploads\/2022\/09\/IMG_20251209_110328-768x432.jpg 768w, https:\/\/grundschule-fasanenhof.de\/wp-content\/uploads\/2022\/09\/IMG_20251209_110328-1536x864.jpg 1536w, https:\/\/grundschule-fasanenhof.de\/wp-content\/uploads\/2022\/09\/IMG_20251209_110328-2048x1152.jpg 2048w\" sizes=\"auto, (max-width: 1024px) 100vw, 1024px\" \/><\/figure>\n<\/figure>\n\n\n\n<p>01. Dezember 2025 &#8211; Erstes Adventssingen an der FHS<\/p>\n\n\n\n<figure class=\"wp-block-gallery has-nested-images columns-default is-cropped wp-block-gallery-4 is-layout-flex wp-block-gallery-is-layout-flex\">\n<figure class=\"wp-block-image size-large\"><img loading=\"lazy\" decoding=\"async\" width=\"1024\" height=\"576\" data-id=\"5245\" src=\"https:\/\/grundschule-fasanenhof.de\/wp-content\/uploads\/2022\/09\/1000025837-1024x576.jpg\" alt=\"\" class=\"wp-image-5245\" srcset=\"https:\/\/grundschule-fasanenhof.de\/wp-content\/uploads\/2022\/09\/1000025837-1024x576.jpg 1024w, https:\/\/grundschule-fasanenhof.de\/wp-content\/uploads\/2022\/09\/1000025837-300x169.jpg 300w, https:\/\/grundschule-fasanenhof.de\/wp-content\/uploads\/2022\/09\/1000025837-768x432.jpg 768w, https:\/\/grundschule-fasanenhof.de\/wp-content\/uploads\/2022\/09\/1000025837-1536x864.jpg 1536w, https:\/\/grundschule-fasanenhof.de\/wp-content\/uploads\/2022\/09\/1000025837-2048x1152.jpg 2048w\" sizes=\"auto, (max-width: 1024px) 100vw, 1024px\" \/><\/figure>\n\n\n\n<figure class=\"wp-block-image size-large\"><img loading=\"lazy\" decoding=\"async\" width=\"1024\" height=\"576\" data-id=\"5244\" src=\"https:\/\/grundschule-fasanenhof.de\/wp-content\/uploads\/2022\/09\/1000025836-1024x576.jpg\" alt=\"\" class=\"wp-image-5244\" srcset=\"https:\/\/grundschule-fasanenhof.de\/wp-content\/uploads\/2022\/09\/1000025836-1024x576.jpg 1024w, https:\/\/grundschule-fasanenhof.de\/wp-content\/uploads\/2022\/09\/1000025836-300x169.jpg 300w, https:\/\/grundschule-fasanenhof.de\/wp-content\/uploads\/2022\/09\/1000025836-768x432.jpg 768w, https:\/\/grundschule-fasanenhof.de\/wp-content\/uploads\/2022\/09\/1000025836-1536x864.jpg 1536w, https:\/\/grundschule-fasanenhof.de\/wp-content\/uploads\/2022\/09\/1000025836-2048x1152.jpg 2048w\" sizes=\"auto, (max-width: 1024px) 100vw, 1024px\" \/><\/figure>\n\n\n\n<figure class=\"wp-block-image size-large\"><img loading=\"lazy\" decoding=\"async\" width=\"1024\" height=\"576\" data-id=\"5243\" src=\"https:\/\/grundschule-fasanenhof.de\/wp-content\/uploads\/2022\/09\/1000025839-1024x576.jpg\" alt=\"\" class=\"wp-image-5243\" srcset=\"https:\/\/grundschule-fasanenhof.de\/wp-content\/uploads\/2022\/09\/1000025839-1024x576.jpg 1024w, https:\/\/grundschule-fasanenhof.de\/wp-content\/uploads\/2022\/09\/1000025839-300x169.jpg 300w, https:\/\/grundschule-fasanenhof.de\/wp-content\/uploads\/2022\/09\/1000025839-768x432.jpg 768w, https:\/\/grundschule-fasanenhof.de\/wp-content\/uploads\/2022\/09\/1000025839-1536x864.jpg 1536w, https:\/\/grundschule-fasanenhof.de\/wp-content\/uploads\/2022\/09\/1000025839-2048x1152.jpg 2048w\" sizes=\"auto, (max-width: 1024px) 100vw, 1024px\" \/><\/figure>\n\n\n\n<figure class=\"wp-block-image size-large\"><img loading=\"lazy\" decoding=\"async\" width=\"1024\" height=\"576\" data-id=\"5242\" src=\"https:\/\/grundschule-fasanenhof.de\/wp-content\/uploads\/2022\/09\/1000025849-1024x576.jpg\" alt=\"\" class=\"wp-image-5242\" srcset=\"https:\/\/grundschule-fasanenhof.de\/wp-content\/uploads\/2022\/09\/1000025849-1024x576.jpg 1024w, https:\/\/grundschule-fasanenhof.de\/wp-content\/uploads\/2022\/09\/1000025849-300x169.jpg 300w, https:\/\/grundschule-fasanenhof.de\/wp-content\/uploads\/2022\/09\/1000025849-768x432.jpg 768w, https:\/\/grundschule-fasanenhof.de\/wp-content\/uploads\/2022\/09\/1000025849-1536x864.jpg 1536w, https:\/\/grundschule-fasanenhof.de\/wp-content\/uploads\/2022\/09\/1000025849-2048x1152.jpg 2048w\" sizes=\"auto, (max-width: 1024px) 100vw, 1024px\" \/><\/figure>\n\n\n\n<figure class=\"wp-block-image size-large\"><img loading=\"lazy\" decoding=\"async\" width=\"1024\" height=\"576\" data-id=\"5246\" src=\"https:\/\/grundschule-fasanenhof.de\/wp-content\/uploads\/2022\/09\/1000025854-1024x576.jpg\" alt=\"\" class=\"wp-image-5246\" srcset=\"https:\/\/grundschule-fasanenhof.de\/wp-content\/uploads\/2022\/09\/1000025854-1024x576.jpg 1024w, https:\/\/grundschule-fasanenhof.de\/wp-content\/uploads\/2022\/09\/1000025854-300x169.jpg 300w, https:\/\/grundschule-fasanenhof.de\/wp-content\/uploads\/2022\/09\/1000025854-768x432.jpg 768w, https:\/\/grundschule-fasanenhof.de\/wp-content\/uploads\/2022\/09\/1000025854-1536x864.jpg 1536w, https:\/\/grundschule-fasanenhof.de\/wp-content\/uploads\/2022\/09\/1000025854-2048x1152.jpg 2048w\" sizes=\"auto, (max-width: 1024px) 100vw, 1024px\" \/><\/figure>\n\n\n\n<figure class=\"wp-block-image size-large\"><img loading=\"lazy\" decoding=\"async\" width=\"768\" height=\"1024\" data-id=\"5241\" src=\"https:\/\/grundschule-fasanenhof.de\/wp-content\/uploads\/2022\/09\/B35D5D96-64E2-430A-AAFA-E3E003F39423-768x1024.jpeg\" alt=\"\" class=\"wp-image-5241\" srcset=\"https:\/\/grundschule-fasanenhof.de\/wp-content\/uploads\/2022\/09\/B35D5D96-64E2-430A-AAFA-E3E003F39423-768x1024.jpeg 768w, https:\/\/grundschule-fasanenhof.de\/wp-content\/uploads\/2022\/09\/B35D5D96-64E2-430A-AAFA-E3E003F39423-225x300.jpeg 225w, https:\/\/grundschule-fasanenhof.de\/wp-content\/uploads\/2022\/09\/B35D5D96-64E2-430A-AAFA-E3E003F39423-1152x1536.jpeg 1152w, https:\/\/grundschule-fasanenhof.de\/wp-content\/uploads\/2022\/09\/B35D5D96-64E2-430A-AAFA-E3E003F39423.jpeg 1200w\" sizes=\"auto, (max-width: 768px) 100vw, 768px\" \/><\/figure>\n<\/figure>\n\n\n\n<p>17. November 2025 &#8211; &#8222;O&#8220; wie Obstsalat bei der Klasse 1a<\/p>\n\n\n\n<figure class=\"wp-block-gallery has-nested-images columns-default is-cropped wp-block-gallery-5 is-layout-flex wp-block-gallery-is-layout-flex\">\n<figure class=\"wp-block-image size-large\"><img loading=\"lazy\" decoding=\"async\" width=\"768\" height=\"1024\" data-id=\"5218\" src=\"https:\/\/grundschule-fasanenhof.de\/wp-content\/uploads\/2022\/09\/IMG_4898-768x1024.jpeg\" alt=\"\" class=\"wp-image-5218\" srcset=\"https:\/\/grundschule-fasanenhof.de\/wp-content\/uploads\/2022\/09\/IMG_4898-768x1024.jpeg 768w, https:\/\/grundschule-fasanenhof.de\/wp-content\/uploads\/2022\/09\/IMG_4898-225x300.jpeg 225w, https:\/\/grundschule-fasanenhof.de\/wp-content\/uploads\/2022\/09\/IMG_4898-1152x1536.jpeg 1152w, https:\/\/grundschule-fasanenhof.de\/wp-content\/uploads\/2022\/09\/IMG_4898-1536x2048.jpeg 1536w, https:\/\/grundschule-fasanenhof.de\/wp-content\/uploads\/2022\/09\/IMG_4898-scaled.jpeg 1920w\" sizes=\"auto, (max-width: 768px) 100vw, 768px\" \/><\/figure>\n\n\n\n<figure class=\"wp-block-image size-large\"><img loading=\"lazy\" decoding=\"async\" width=\"1024\" height=\"768\" data-id=\"5220\" src=\"https:\/\/grundschule-fasanenhof.de\/wp-content\/uploads\/2022\/09\/IMG_4896-1024x768.jpeg\" alt=\"\" class=\"wp-image-5220\" srcset=\"https:\/\/grundschule-fasanenhof.de\/wp-content\/uploads\/2022\/09\/IMG_4896-1024x768.jpeg 1024w, https:\/\/grundschule-fasanenhof.de\/wp-content\/uploads\/2022\/09\/IMG_4896-300x225.jpeg 300w, https:\/\/grundschule-fasanenhof.de\/wp-content\/uploads\/2022\/09\/IMG_4896-768x576.jpeg 768w, https:\/\/grundschule-fasanenhof.de\/wp-content\/uploads\/2022\/09\/IMG_4896-1536x1152.jpeg 1536w, https:\/\/grundschule-fasanenhof.de\/wp-content\/uploads\/2022\/09\/IMG_4896-2048x1536.jpeg 2048w\" sizes=\"auto, (max-width: 1024px) 100vw, 1024px\" \/><\/figure>\n\n\n\n<figure class=\"wp-block-image size-large\"><img loading=\"lazy\" decoding=\"async\" width=\"768\" height=\"1024\" data-id=\"5219\" src=\"https:\/\/grundschule-fasanenhof.de\/wp-content\/uploads\/2022\/09\/IMG_4897-768x1024.jpeg\" alt=\"\" class=\"wp-image-5219\" srcset=\"https:\/\/grundschule-fasanenhof.de\/wp-content\/uploads\/2022\/09\/IMG_4897-768x1024.jpeg 768w, https:\/\/grundschule-fasanenhof.de\/wp-content\/uploads\/2022\/09\/IMG_4897-225x300.jpeg 225w, https:\/\/grundschule-fasanenhof.de\/wp-content\/uploads\/2022\/09\/IMG_4897-1152x1536.jpeg 1152w, https:\/\/grundschule-fasanenhof.de\/wp-content\/uploads\/2022\/09\/IMG_4897-1536x2048.jpeg 1536w, https:\/\/grundschule-fasanenhof.de\/wp-content\/uploads\/2022\/09\/IMG_4897-scaled.jpeg 1920w\" sizes=\"auto, (max-width: 768px) 100vw, 768px\" \/><\/figure>\n<\/figure>\n\n\n\n<p>27. Oktober 2025 &#8211; Die 1a beim Projekt &#8222;Kindersprint&#8220;<\/p>\n\n\n\n<figure class=\"wp-block-gallery has-nested-images columns-default is-cropped wp-block-gallery-6 is-layout-flex wp-block-gallery-is-layout-flex\">\n<figure class=\"wp-block-image size-large\"><img loading=\"lazy\" decoding=\"async\" width=\"1024\" height=\"768\" data-id=\"5167\" src=\"https:\/\/grundschule-fasanenhof.de\/wp-content\/uploads\/2022\/09\/IMG_4696-1-1024x768.jpeg\" alt=\"\" class=\"wp-image-5167\" srcset=\"https:\/\/grundschule-fasanenhof.de\/wp-content\/uploads\/2022\/09\/IMG_4696-1-1024x768.jpeg 1024w, https:\/\/grundschule-fasanenhof.de\/wp-content\/uploads\/2022\/09\/IMG_4696-1-300x225.jpeg 300w, https:\/\/grundschule-fasanenhof.de\/wp-content\/uploads\/2022\/09\/IMG_4696-1-768x576.jpeg 768w, https:\/\/grundschule-fasanenhof.de\/wp-content\/uploads\/2022\/09\/IMG_4696-1-1536x1152.jpeg 1536w, https:\/\/grundschule-fasanenhof.de\/wp-content\/uploads\/2022\/09\/IMG_4696-1-2048x1536.jpeg 2048w\" sizes=\"auto, (max-width: 1024px) 100vw, 1024px\" \/><\/figure>\n\n\n\n<figure class=\"wp-block-image size-large\"><img loading=\"lazy\" decoding=\"async\" width=\"1024\" height=\"768\" data-id=\"5169\" src=\"https:\/\/grundschule-fasanenhof.de\/wp-content\/uploads\/2022\/09\/IMG_4697-1024x768.jpeg\" alt=\"\" class=\"wp-image-5169\" srcset=\"https:\/\/grundschule-fasanenhof.de\/wp-content\/uploads\/2022\/09\/IMG_4697-1024x768.jpeg 1024w, https:\/\/grundschule-fasanenhof.de\/wp-content\/uploads\/2022\/09\/IMG_4697-300x225.jpeg 300w, https:\/\/grundschule-fasanenhof.de\/wp-content\/uploads\/2022\/09\/IMG_4697-768x576.jpeg 768w, https:\/\/grundschule-fasanenhof.de\/wp-content\/uploads\/2022\/09\/IMG_4697-1536x1152.jpeg 1536w, https:\/\/grundschule-fasanenhof.de\/wp-content\/uploads\/2022\/09\/IMG_4697-2048x1536.jpeg 2048w\" sizes=\"auto, (max-width: 1024px) 100vw, 1024px\" \/><\/figure>\n\n\n\n<figure class=\"wp-block-image size-large\"><img loading=\"lazy\" decoding=\"async\" width=\"1024\" height=\"768\" data-id=\"5170\" src=\"https:\/\/grundschule-fasanenhof.de\/wp-content\/uploads\/2022\/09\/IMG_4698-1024x768.jpeg\" alt=\"\" class=\"wp-image-5170\" srcset=\"https:\/\/grundschule-fasanenhof.de\/wp-content\/uploads\/2022\/09\/IMG_4698-1024x768.jpeg 1024w, https:\/\/grundschule-fasanenhof.de\/wp-content\/uploads\/2022\/09\/IMG_4698-300x225.jpeg 300w, https:\/\/grundschule-fasanenhof.de\/wp-content\/uploads\/2022\/09\/IMG_4698-768x576.jpeg 768w, https:\/\/grundschule-fasanenhof.de\/wp-content\/uploads\/2022\/09\/IMG_4698-1536x1152.jpeg 1536w, https:\/\/grundschule-fasanenhof.de\/wp-content\/uploads\/2022\/09\/IMG_4698-2048x1536.jpeg 2048w\" sizes=\"auto, (max-width: 1024px) 100vw, 1024px\" \/><\/figure>\n\n\n\n<figure class=\"wp-block-image size-large\"><img loading=\"lazy\" decoding=\"async\" width=\"1024\" height=\"768\" data-id=\"5168\" src=\"https:\/\/grundschule-fasanenhof.de\/wp-content\/uploads\/2022\/09\/IMG_4688-1024x768.jpeg\" alt=\"\" class=\"wp-image-5168\" srcset=\"https:\/\/grundschule-fasanenhof.de\/wp-content\/uploads\/2022\/09\/IMG_4688-1024x768.jpeg 1024w, https:\/\/grundschule-fasanenhof.de\/wp-content\/uploads\/2022\/09\/IMG_4688-300x225.jpeg 300w, https:\/\/grundschule-fasanenhof.de\/wp-content\/uploads\/2022\/09\/IMG_4688-768x576.jpeg 768w, https:\/\/grundschule-fasanenhof.de\/wp-content\/uploads\/2022\/09\/IMG_4688-1536x1152.jpeg 1536w, https:\/\/grundschule-fasanenhof.de\/wp-content\/uploads\/2022\/09\/IMG_4688-2048x1536.jpeg 2048w\" sizes=\"auto, (max-width: 1024px) 100vw, 1024px\" \/><\/figure>\n<\/figure>\n\n\n\n<p>26. September 2025 &#8211; Wir k\u00fcren die Siegerklassen des Projekts &#8222;Zu Fu\u00df zur Schule&#8220;<\/p>\n\n\n\n<figure class=\"wp-block-gallery has-nested-images columns-default is-cropped wp-block-gallery-7 is-layout-flex wp-block-gallery-is-layout-flex\">\n<figure class=\"wp-block-image size-large\"><img loading=\"lazy\" decoding=\"async\" width=\"1024\" height=\"473\" data-id=\"5122\" src=\"https:\/\/grundschule-fasanenhof.de\/wp-content\/uploads\/2022\/09\/20250926_105027-1024x473.jpg\" alt=\"\" class=\"wp-image-5122\" srcset=\"https:\/\/grundschule-fasanenhof.de\/wp-content\/uploads\/2022\/09\/20250926_105027-1024x473.jpg 1024w, https:\/\/grundschule-fasanenhof.de\/wp-content\/uploads\/2022\/09\/20250926_105027-300x139.jpg 300w, https:\/\/grundschule-fasanenhof.de\/wp-content\/uploads\/2022\/09\/20250926_105027-768x355.jpg 768w, https:\/\/grundschule-fasanenhof.de\/wp-content\/uploads\/2022\/09\/20250926_105027-1536x710.jpg 1536w, https:\/\/grundschule-fasanenhof.de\/wp-content\/uploads\/2022\/09\/20250926_105027-2048x946.jpg 2048w\" sizes=\"auto, (max-width: 1024px) 100vw, 1024px\" \/><\/figure>\n\n\n\n<figure class=\"wp-block-image size-large\"><img loading=\"lazy\" decoding=\"async\" width=\"473\" height=\"1024\" data-id=\"5118\" src=\"https:\/\/grundschule-fasanenhof.de\/wp-content\/uploads\/2022\/09\/20250926_105411-473x1024.jpg\" alt=\"\" class=\"wp-image-5118\" srcset=\"https:\/\/grundschule-fasanenhof.de\/wp-content\/uploads\/2022\/09\/20250926_105411-473x1024.jpg 473w, https:\/\/grundschule-fasanenhof.de\/wp-content\/uploads\/2022\/09\/20250926_105411-139x300.jpg 139w, https:\/\/grundschule-fasanenhof.de\/wp-content\/uploads\/2022\/09\/20250926_105411-768x1662.jpg 768w, https:\/\/grundschule-fasanenhof.de\/wp-content\/uploads\/2022\/09\/20250926_105411-710x1536.jpg 710w, https:\/\/grundschule-fasanenhof.de\/wp-content\/uploads\/2022\/09\/20250926_105411-946x2048.jpg 946w, https:\/\/grundschule-fasanenhof.de\/wp-content\/uploads\/2022\/09\/20250926_105411-scaled.jpg 1183w\" sizes=\"auto, (max-width: 473px) 100vw, 473px\" \/><\/figure>\n\n\n\n<figure class=\"wp-block-image size-large\"><img loading=\"lazy\" decoding=\"async\" width=\"473\" height=\"1024\" data-id=\"5119\" src=\"https:\/\/grundschule-fasanenhof.de\/wp-content\/uploads\/2022\/09\/20250926_105608-473x1024.jpg\" alt=\"\" class=\"wp-image-5119\" srcset=\"https:\/\/grundschule-fasanenhof.de\/wp-content\/uploads\/2022\/09\/20250926_105608-473x1024.jpg 473w, https:\/\/grundschule-fasanenhof.de\/wp-content\/uploads\/2022\/09\/20250926_105608-139x300.jpg 139w, https:\/\/grundschule-fasanenhof.de\/wp-content\/uploads\/2022\/09\/20250926_105608-768x1662.jpg 768w, https:\/\/grundschule-fasanenhof.de\/wp-content\/uploads\/2022\/09\/20250926_105608-710x1536.jpg 710w, https:\/\/grundschule-fasanenhof.de\/wp-content\/uploads\/2022\/09\/20250926_105608-946x2048.jpg 946w, https:\/\/grundschule-fasanenhof.de\/wp-content\/uploads\/2022\/09\/20250926_105608-scaled.jpg 1183w\" sizes=\"auto, (max-width: 473px) 100vw, 473px\" \/><\/figure>\n\n\n\n<figure class=\"wp-block-image size-large\"><img loading=\"lazy\" decoding=\"async\" width=\"473\" height=\"1024\" data-id=\"5121\" src=\"https:\/\/grundschule-fasanenhof.de\/wp-content\/uploads\/2022\/09\/20250926_105854-473x1024.jpg\" alt=\"\" class=\"wp-image-5121\" srcset=\"https:\/\/grundschule-fasanenhof.de\/wp-content\/uploads\/2022\/09\/20250926_105854-473x1024.jpg 473w, https:\/\/grundschule-fasanenhof.de\/wp-content\/uploads\/2022\/09\/20250926_105854-139x300.jpg 139w, https:\/\/grundschule-fasanenhof.de\/wp-content\/uploads\/2022\/09\/20250926_105854-768x1662.jpg 768w, https:\/\/grundschule-fasanenhof.de\/wp-content\/uploads\/2022\/09\/20250926_105854-710x1536.jpg 710w, https:\/\/grundschule-fasanenhof.de\/wp-content\/uploads\/2022\/09\/20250926_105854-946x2048.jpg 946w, https:\/\/grundschule-fasanenhof.de\/wp-content\/uploads\/2022\/09\/20250926_105854-scaled.jpg 1183w\" sizes=\"auto, (max-width: 473px) 100vw, 473px\" \/><\/figure>\n\n\n\n<figure class=\"wp-block-image size-large\"><img loading=\"lazy\" decoding=\"async\" width=\"473\" height=\"1024\" data-id=\"5120\" src=\"https:\/\/grundschule-fasanenhof.de\/wp-content\/uploads\/2022\/09\/20250926_110120-473x1024.jpg\" alt=\"\" class=\"wp-image-5120\" srcset=\"https:\/\/grundschule-fasanenhof.de\/wp-content\/uploads\/2022\/09\/20250926_110120-473x1024.jpg 473w, https:\/\/grundschule-fasanenhof.de\/wp-content\/uploads\/2022\/09\/20250926_110120-139x300.jpg 139w, https:\/\/grundschule-fasanenhof.de\/wp-content\/uploads\/2022\/09\/20250926_110120-768x1662.jpg 768w, https:\/\/grundschule-fasanenhof.de\/wp-content\/uploads\/2022\/09\/20250926_110120-710x1536.jpg 710w, https:\/\/grundschule-fasanenhof.de\/wp-content\/uploads\/2022\/09\/20250926_110120-946x2048.jpg 946w, https:\/\/grundschule-fasanenhof.de\/wp-content\/uploads\/2022\/09\/20250926_110120-scaled.jpg 1183w\" sizes=\"auto, (max-width: 473px) 100vw, 473px\" \/><\/figure>\n<\/figure>\n\n\n\n<p>04. September 2025 &#8211; Die 3c macht einen Ausflug zum Spielplatz an der Fuldaaue<\/p>\n\n\n\n<figure class=\"wp-block-image size-large\"><img loading=\"lazy\" decoding=\"async\" width=\"724\" height=\"1024\" src=\"https:\/\/grundschule-fasanenhof.de\/wp-content\/uploads\/2022\/09\/Ausflug-Spielplatz-1-724x1024.jpg\" alt=\"\" class=\"wp-image-5064\" srcset=\"https:\/\/grundschule-fasanenhof.de\/wp-content\/uploads\/2022\/09\/Ausflug-Spielplatz-1-724x1024.jpg 724w, https:\/\/grundschule-fasanenhof.de\/wp-content\/uploads\/2022\/09\/Ausflug-Spielplatz-1-212x300.jpg 212w, https:\/\/grundschule-fasanenhof.de\/wp-content\/uploads\/2022\/09\/Ausflug-Spielplatz-1-768x1086.jpg 768w, https:\/\/grundschule-fasanenhof.de\/wp-content\/uploads\/2022\/09\/Ausflug-Spielplatz-1-1086x1536.jpg 1086w, https:\/\/grundschule-fasanenhof.de\/wp-content\/uploads\/2022\/09\/Ausflug-Spielplatz-1-1448x2048.jpg 1448w, https:\/\/grundschule-fasanenhof.de\/wp-content\/uploads\/2022\/09\/Ausflug-Spielplatz-1-scaled.jpg 1811w\" sizes=\"auto, (max-width: 724px) 100vw, 724px\" \/><\/figure>\n\n\n\n<p>19. August 2025 &#8211; Wir feiern Einschulung<\/p>\n\n\n\n<figure class=\"wp-block-gallery has-nested-images columns-default is-cropped wp-block-gallery-8 is-layout-flex wp-block-gallery-is-layout-flex\">\n<figure class=\"wp-block-image size-large\"><img loading=\"lazy\" decoding=\"async\" width=\"1024\" height=\"768\" data-id=\"5011\" src=\"https:\/\/grundschule-fasanenhof.de\/wp-content\/uploads\/2022\/09\/IMG_6379-1024x768.jpg\" alt=\"\" class=\"wp-image-5011\" srcset=\"https:\/\/grundschule-fasanenhof.de\/wp-content\/uploads\/2022\/09\/IMG_6379-1024x768.jpg 1024w, https:\/\/grundschule-fasanenhof.de\/wp-content\/uploads\/2022\/09\/IMG_6379-300x225.jpg 300w, https:\/\/grundschule-fasanenhof.de\/wp-content\/uploads\/2022\/09\/IMG_6379-768x576.jpg 768w, https:\/\/grundschule-fasanenhof.de\/wp-content\/uploads\/2022\/09\/IMG_6379-1536x1152.jpg 1536w, https:\/\/grundschule-fasanenhof.de\/wp-content\/uploads\/2022\/09\/IMG_6379-2048x1536.jpg 2048w\" sizes=\"auto, (max-width: 1024px) 100vw, 1024px\" \/><\/figure>\n\n\n\n<figure class=\"wp-block-image size-large\"><img loading=\"lazy\" decoding=\"async\" width=\"1024\" height=\"768\" data-id=\"5009\" src=\"https:\/\/grundschule-fasanenhof.de\/wp-content\/uploads\/2022\/09\/IMG_6382-1024x768.jpg\" alt=\"\" class=\"wp-image-5009\" srcset=\"https:\/\/grundschule-fasanenhof.de\/wp-content\/uploads\/2022\/09\/IMG_6382-1024x768.jpg 1024w, https:\/\/grundschule-fasanenhof.de\/wp-content\/uploads\/2022\/09\/IMG_6382-300x225.jpg 300w, https:\/\/grundschule-fasanenhof.de\/wp-content\/uploads\/2022\/09\/IMG_6382-768x576.jpg 768w, https:\/\/grundschule-fasanenhof.de\/wp-content\/uploads\/2022\/09\/IMG_6382-1536x1152.jpg 1536w, https:\/\/grundschule-fasanenhof.de\/wp-content\/uploads\/2022\/09\/IMG_6382-2048x1536.jpg 2048w\" sizes=\"auto, (max-width: 1024px) 100vw, 1024px\" \/><\/figure>\n\n\n\n<figure class=\"wp-block-image size-large\"><img loading=\"lazy\" decoding=\"async\" width=\"1024\" height=\"768\" data-id=\"5008\" src=\"https:\/\/grundschule-fasanenhof.de\/wp-content\/uploads\/2022\/09\/IMG_6385-1024x768.jpg\" alt=\"\" class=\"wp-image-5008\" srcset=\"https:\/\/grundschule-fasanenhof.de\/wp-content\/uploads\/2022\/09\/IMG_6385-1024x768.jpg 1024w, https:\/\/grundschule-fasanenhof.de\/wp-content\/uploads\/2022\/09\/IMG_6385-300x225.jpg 300w, https:\/\/grundschule-fasanenhof.de\/wp-content\/uploads\/2022\/09\/IMG_6385-768x576.jpg 768w, https:\/\/grundschule-fasanenhof.de\/wp-content\/uploads\/2022\/09\/IMG_6385-1536x1152.jpg 1536w, https:\/\/grundschule-fasanenhof.de\/wp-content\/uploads\/2022\/09\/IMG_6385-2048x1536.jpg 2048w\" sizes=\"auto, (max-width: 1024px) 100vw, 1024px\" \/><\/figure>\n\n\n\n<figure class=\"wp-block-image size-large\"><img loading=\"lazy\" decoding=\"async\" width=\"1024\" height=\"768\" data-id=\"5010\" src=\"https:\/\/grundschule-fasanenhof.de\/wp-content\/uploads\/2022\/09\/IMG_6387-1024x768.jpg\" alt=\"\" class=\"wp-image-5010\" srcset=\"https:\/\/grundschule-fasanenhof.de\/wp-content\/uploads\/2022\/09\/IMG_6387-1024x768.jpg 1024w, https:\/\/grundschule-fasanenhof.de\/wp-content\/uploads\/2022\/09\/IMG_6387-300x225.jpg 300w, https:\/\/grundschule-fasanenhof.de\/wp-content\/uploads\/2022\/09\/IMG_6387-768x576.jpg 768w, https:\/\/grundschule-fasanenhof.de\/wp-content\/uploads\/2022\/09\/IMG_6387-1536x1152.jpg 1536w, https:\/\/grundschule-fasanenhof.de\/wp-content\/uploads\/2022\/09\/IMG_6387-2048x1536.jpg 2048w\" sizes=\"auto, (max-width: 1024px) 100vw, 1024px\" \/><\/figure>\n\n\n\n<figure class=\"wp-block-image size-large\"><img loading=\"lazy\" decoding=\"async\" width=\"1024\" height=\"768\" data-id=\"5012\" src=\"https:\/\/grundschule-fasanenhof.de\/wp-content\/uploads\/2022\/09\/IMG_6389-1024x768.jpg\" alt=\"\" class=\"wp-image-5012\" srcset=\"https:\/\/grundschule-fasanenhof.de\/wp-content\/uploads\/2022\/09\/IMG_6389-1024x768.jpg 1024w, https:\/\/grundschule-fasanenhof.de\/wp-content\/uploads\/2022\/09\/IMG_6389-300x225.jpg 300w, https:\/\/grundschule-fasanenhof.de\/wp-content\/uploads\/2022\/09\/IMG_6389-768x576.jpg 768w, https:\/\/grundschule-fasanenhof.de\/wp-content\/uploads\/2022\/09\/IMG_6389-1536x1152.jpg 1536w, https:\/\/grundschule-fasanenhof.de\/wp-content\/uploads\/2022\/09\/IMG_6389-2048x1536.jpg 2048w\" sizes=\"auto, (max-width: 1024px) 100vw, 1024px\" \/><\/figure>\n<\/figure>\n\n\n\n<p>03. Juli 2025 &#8211; Verabschiedung unserer Viertkl\u00e4ssler<\/p>\n\n\n\n<figure class=\"wp-block-gallery has-nested-images columns-default is-cropped wp-block-gallery-9 is-layout-flex wp-block-gallery-is-layout-flex\">\n<figure class=\"wp-block-image size-large\"><img loading=\"lazy\" decoding=\"async\" width=\"1024\" height=\"768\" data-id=\"4942\" src=\"https:\/\/grundschule-fasanenhof.de\/wp-content\/uploads\/2022\/09\/IMG_5242-1024x768.jpg\" alt=\"\" class=\"wp-image-4942\" srcset=\"https:\/\/grundschule-fasanenhof.de\/wp-content\/uploads\/2022\/09\/IMG_5242-1024x768.jpg 1024w, https:\/\/grundschule-fasanenhof.de\/wp-content\/uploads\/2022\/09\/IMG_5242-300x225.jpg 300w, https:\/\/grundschule-fasanenhof.de\/wp-content\/uploads\/2022\/09\/IMG_5242-768x576.jpg 768w, https:\/\/grundschule-fasanenhof.de\/wp-content\/uploads\/2022\/09\/IMG_5242-1536x1152.jpg 1536w, https:\/\/grundschule-fasanenhof.de\/wp-content\/uploads\/2022\/09\/IMG_5242-2048x1536.jpg 2048w\" sizes=\"auto, (max-width: 1024px) 100vw, 1024px\" \/><\/figure>\n\n\n\n<figure class=\"wp-block-image size-large\"><img loading=\"lazy\" decoding=\"async\" width=\"1024\" height=\"768\" data-id=\"4944\" src=\"https:\/\/grundschule-fasanenhof.de\/wp-content\/uploads\/2022\/09\/IMG_5244-1024x768.jpg\" alt=\"\" class=\"wp-image-4944\" srcset=\"https:\/\/grundschule-fasanenhof.de\/wp-content\/uploads\/2022\/09\/IMG_5244-1024x768.jpg 1024w, https:\/\/grundschule-fasanenhof.de\/wp-content\/uploads\/2022\/09\/IMG_5244-300x225.jpg 300w, https:\/\/grundschule-fasanenhof.de\/wp-content\/uploads\/2022\/09\/IMG_5244-768x576.jpg 768w, https:\/\/grundschule-fasanenhof.de\/wp-content\/uploads\/2022\/09\/IMG_5244-1536x1152.jpg 1536w, https:\/\/grundschule-fasanenhof.de\/wp-content\/uploads\/2022\/09\/IMG_5244-2048x1536.jpg 2048w\" sizes=\"auto, (max-width: 1024px) 100vw, 1024px\" \/><\/figure>\n\n\n\n<figure class=\"wp-block-image size-large\"><img loading=\"lazy\" decoding=\"async\" width=\"1024\" height=\"768\" data-id=\"4943\" src=\"https:\/\/grundschule-fasanenhof.de\/wp-content\/uploads\/2022\/09\/IMG_5247-1024x768.jpg\" alt=\"\" class=\"wp-image-4943\" srcset=\"https:\/\/grundschule-fasanenhof.de\/wp-content\/uploads\/2022\/09\/IMG_5247-1024x768.jpg 1024w, https:\/\/grundschule-fasanenhof.de\/wp-content\/uploads\/2022\/09\/IMG_5247-300x225.jpg 300w, https:\/\/grundschule-fasanenhof.de\/wp-content\/uploads\/2022\/09\/IMG_5247-768x576.jpg 768w, https:\/\/grundschule-fasanenhof.de\/wp-content\/uploads\/2022\/09\/IMG_5247-1536x1152.jpg 1536w, https:\/\/grundschule-fasanenhof.de\/wp-content\/uploads\/2022\/09\/IMG_5247-2048x1536.jpg 2048w\" sizes=\"auto, (max-width: 1024px) 100vw, 1024px\" \/><\/figure>\n\n\n\n<figure class=\"wp-block-image size-large\"><img loading=\"lazy\" decoding=\"async\" width=\"1024\" height=\"768\" data-id=\"4945\" src=\"https:\/\/grundschule-fasanenhof.de\/wp-content\/uploads\/2022\/09\/IMG_5249-1024x768.jpg\" alt=\"\" class=\"wp-image-4945\" srcset=\"https:\/\/grundschule-fasanenhof.de\/wp-content\/uploads\/2022\/09\/IMG_5249-1024x768.jpg 1024w, https:\/\/grundschule-fasanenhof.de\/wp-content\/uploads\/2022\/09\/IMG_5249-300x225.jpg 300w, https:\/\/grundschule-fasanenhof.de\/wp-content\/uploads\/2022\/09\/IMG_5249-768x576.jpg 768w, https:\/\/grundschule-fasanenhof.de\/wp-content\/uploads\/2022\/09\/IMG_5249-1536x1152.jpg 1536w, https:\/\/grundschule-fasanenhof.de\/wp-content\/uploads\/2022\/09\/IMG_5249-2048x1536.jpg 2048w\" sizes=\"auto, (max-width: 1024px) 100vw, 1024px\" \/><\/figure>\n<\/figure>\n\n\n\n<p>30. Juni 2025 &#8211; Fit wie ein Turnschuh bei den Bundesjugendspielen<\/p>\n\n\n\n<figure class=\"wp-block-gallery has-nested-images columns-default is-cropped wp-block-gallery-10 is-layout-flex wp-block-gallery-is-layout-flex\">\n<figure class=\"wp-block-image size-large\"><img loading=\"lazy\" decoding=\"async\" width=\"1024\" height=\"576\" data-id=\"4915\" src=\"https:\/\/grundschule-fasanenhof.de\/wp-content\/uploads\/2022\/09\/1751369447756-1024x576.jpg\" alt=\"\" class=\"wp-image-4915\" srcset=\"https:\/\/grundschule-fasanenhof.de\/wp-content\/uploads\/2022\/09\/1751369447756-1024x576.jpg 1024w, https:\/\/grundschule-fasanenhof.de\/wp-content\/uploads\/2022\/09\/1751369447756-300x169.jpg 300w, https:\/\/grundschule-fasanenhof.de\/wp-content\/uploads\/2022\/09\/1751369447756-768x432.jpg 768w, https:\/\/grundschule-fasanenhof.de\/wp-content\/uploads\/2022\/09\/1751369447756-1536x864.jpg 1536w, https:\/\/grundschule-fasanenhof.de\/wp-content\/uploads\/2022\/09\/1751369447756-2048x1152.jpg 2048w\" sizes=\"auto, (max-width: 1024px) 100vw, 1024px\" \/><\/figure>\n\n\n\n<figure class=\"wp-block-image size-large\"><img loading=\"lazy\" decoding=\"async\" width=\"1024\" height=\"768\" data-id=\"4912\" src=\"https:\/\/grundschule-fasanenhof.de\/wp-content\/uploads\/2022\/09\/1751369447768-1024x768.jpg\" alt=\"\" class=\"wp-image-4912\" srcset=\"https:\/\/grundschule-fasanenhof.de\/wp-content\/uploads\/2022\/09\/1751369447768-1024x768.jpg 1024w, https:\/\/grundschule-fasanenhof.de\/wp-content\/uploads\/2022\/09\/1751369447768-300x225.jpg 300w, https:\/\/grundschule-fasanenhof.de\/wp-content\/uploads\/2022\/09\/1751369447768-768x576.jpg 768w, https:\/\/grundschule-fasanenhof.de\/wp-content\/uploads\/2022\/09\/1751369447768-1536x1152.jpg 1536w, https:\/\/grundschule-fasanenhof.de\/wp-content\/uploads\/2022\/09\/1751369447768-2048x1536.jpg 2048w\" sizes=\"auto, (max-width: 1024px) 100vw, 1024px\" \/><\/figure>\n\n\n\n<figure class=\"wp-block-image size-large\"><img loading=\"lazy\" decoding=\"async\" width=\"1024\" height=\"768\" data-id=\"4916\" src=\"https:\/\/grundschule-fasanenhof.de\/wp-content\/uploads\/2022\/09\/1751369447745-1024x768.jpg\" alt=\"\" class=\"wp-image-4916\" srcset=\"https:\/\/grundschule-fasanenhof.de\/wp-content\/uploads\/2022\/09\/1751369447745-1024x768.jpg 1024w, https:\/\/grundschule-fasanenhof.de\/wp-content\/uploads\/2022\/09\/1751369447745-300x225.jpg 300w, https:\/\/grundschule-fasanenhof.de\/wp-content\/uploads\/2022\/09\/1751369447745-768x576.jpg 768w, https:\/\/grundschule-fasanenhof.de\/wp-content\/uploads\/2022\/09\/1751369447745-1536x1152.jpg 1536w, https:\/\/grundschule-fasanenhof.de\/wp-content\/uploads\/2022\/09\/1751369447745-2048x1536.jpg 2048w\" sizes=\"auto, (max-width: 1024px) 100vw, 1024px\" \/><\/figure>\n\n\n\n<figure class=\"wp-block-image size-large\"><img loading=\"lazy\" decoding=\"async\" width=\"1024\" height=\"768\" data-id=\"4914\" src=\"https:\/\/grundschule-fasanenhof.de\/wp-content\/uploads\/2022\/09\/1751369447731-1024x768.jpg\" alt=\"\" class=\"wp-image-4914\" srcset=\"https:\/\/grundschule-fasanenhof.de\/wp-content\/uploads\/2022\/09\/1751369447731-1024x768.jpg 1024w, https:\/\/grundschule-fasanenhof.de\/wp-content\/uploads\/2022\/09\/1751369447731-300x225.jpg 300w, https:\/\/grundschule-fasanenhof.de\/wp-content\/uploads\/2022\/09\/1751369447731-768x576.jpg 768w, https:\/\/grundschule-fasanenhof.de\/wp-content\/uploads\/2022\/09\/1751369447731-1536x1152.jpg 1536w, https:\/\/grundschule-fasanenhof.de\/wp-content\/uploads\/2022\/09\/1751369447731-2048x1536.jpg 2048w\" sizes=\"auto, (max-width: 1024px) 100vw, 1024px\" \/><\/figure>\n\n\n\n<figure class=\"wp-block-image size-large\"><img loading=\"lazy\" decoding=\"async\" width=\"1024\" height=\"768\" data-id=\"4913\" src=\"https:\/\/grundschule-fasanenhof.de\/wp-content\/uploads\/2022\/09\/1751369447723-1024x768.jpg\" alt=\"\" class=\"wp-image-4913\" srcset=\"https:\/\/grundschule-fasanenhof.de\/wp-content\/uploads\/2022\/09\/1751369447723-1024x768.jpg 1024w, https:\/\/grundschule-fasanenhof.de\/wp-content\/uploads\/2022\/09\/1751369447723-300x225.jpg 300w, https:\/\/grundschule-fasanenhof.de\/wp-content\/uploads\/2022\/09\/1751369447723-768x576.jpg 768w, https:\/\/grundschule-fasanenhof.de\/wp-content\/uploads\/2022\/09\/1751369447723-1536x1152.jpg 1536w, https:\/\/grundschule-fasanenhof.de\/wp-content\/uploads\/2022\/09\/1751369447723-2048x1536.jpg 2048w\" sizes=\"auto, (max-width: 1024px) 100vw, 1024px\" \/><\/figure>\n\n\n\n<figure class=\"wp-block-image size-large\"><img loading=\"lazy\" decoding=\"async\" width=\"1024\" height=\"576\" data-id=\"4920\" src=\"https:\/\/grundschule-fasanenhof.de\/wp-content\/uploads\/2022\/09\/1751369518980-1024x576.jpg\" alt=\"\" class=\"wp-image-4920\" srcset=\"https:\/\/grundschule-fasanenhof.de\/wp-content\/uploads\/2022\/09\/1751369518980-1024x576.jpg 1024w, https:\/\/grundschule-fasanenhof.de\/wp-content\/uploads\/2022\/09\/1751369518980-300x169.jpg 300w, https:\/\/grundschule-fasanenhof.de\/wp-content\/uploads\/2022\/09\/1751369518980-768x432.jpg 768w, https:\/\/grundschule-fasanenhof.de\/wp-content\/uploads\/2022\/09\/1751369518980-1536x864.jpg 1536w, https:\/\/grundschule-fasanenhof.de\/wp-content\/uploads\/2022\/09\/1751369518980-2048x1152.jpg 2048w\" sizes=\"auto, (max-width: 1024px) 100vw, 1024px\" \/><\/figure>\n\n\n\n<figure class=\"wp-block-image size-large\"><img loading=\"lazy\" decoding=\"async\" width=\"1024\" height=\"768\" data-id=\"4911\" src=\"https:\/\/grundschule-fasanenhof.de\/wp-content\/uploads\/2022\/09\/1751369518995-1024x768.jpg\" alt=\"\" class=\"wp-image-4911\" srcset=\"https:\/\/grundschule-fasanenhof.de\/wp-content\/uploads\/2022\/09\/1751369518995-1024x768.jpg 1024w, https:\/\/grundschule-fasanenhof.de\/wp-content\/uploads\/2022\/09\/1751369518995-300x225.jpg 300w, https:\/\/grundschule-fasanenhof.de\/wp-content\/uploads\/2022\/09\/1751369518995-768x576.jpg 768w, https:\/\/grundschule-fasanenhof.de\/wp-content\/uploads\/2022\/09\/1751369518995-1536x1152.jpg 1536w, https:\/\/grundschule-fasanenhof.de\/wp-content\/uploads\/2022\/09\/1751369518995-2048x1537.jpg 2048w\" sizes=\"auto, (max-width: 1024px) 100vw, 1024px\" \/><\/figure>\n\n\n\n<figure class=\"wp-block-image size-large\"><img loading=\"lazy\" decoding=\"async\" width=\"576\" height=\"1024\" data-id=\"4918\" src=\"https:\/\/grundschule-fasanenhof.de\/wp-content\/uploads\/2022\/09\/1751369518967-576x1024.jpg\" alt=\"\" class=\"wp-image-4918\" srcset=\"https:\/\/grundschule-fasanenhof.de\/wp-content\/uploads\/2022\/09\/1751369518967-576x1024.jpg 576w, https:\/\/grundschule-fasanenhof.de\/wp-content\/uploads\/2022\/09\/1751369518967-169x300.jpg 169w, https:\/\/grundschule-fasanenhof.de\/wp-content\/uploads\/2022\/09\/1751369518967-768x1365.jpg 768w, https:\/\/grundschule-fasanenhof.de\/wp-content\/uploads\/2022\/09\/1751369518967-864x1536.jpg 864w, https:\/\/grundschule-fasanenhof.de\/wp-content\/uploads\/2022\/09\/1751369518967-1152x2048.jpg 1152w, https:\/\/grundschule-fasanenhof.de\/wp-content\/uploads\/2022\/09\/1751369518967-scaled.jpg 1440w\" sizes=\"auto, (max-width: 576px) 100vw, 576px\" \/><\/figure>\n\n\n\n<figure class=\"wp-block-image size-large\"><img loading=\"lazy\" decoding=\"async\" width=\"1024\" height=\"768\" data-id=\"4919\" src=\"https:\/\/grundschule-fasanenhof.de\/wp-content\/uploads\/2022\/09\/1751369518952-1024x768.jpg\" alt=\"\" class=\"wp-image-4919\" srcset=\"https:\/\/grundschule-fasanenhof.de\/wp-content\/uploads\/2022\/09\/1751369518952-1024x768.jpg 1024w, https:\/\/grundschule-fasanenhof.de\/wp-content\/uploads\/2022\/09\/1751369518952-300x225.jpg 300w, https:\/\/grundschule-fasanenhof.de\/wp-content\/uploads\/2022\/09\/1751369518952-768x576.jpg 768w, https:\/\/grundschule-fasanenhof.de\/wp-content\/uploads\/2022\/09\/1751369518952-1536x1153.jpg 1536w, https:\/\/grundschule-fasanenhof.de\/wp-content\/uploads\/2022\/09\/1751369518952-2048x1537.jpg 2048w\" sizes=\"auto, (max-width: 1024px) 100vw, 1024px\" \/><\/figure>\n<\/figure>\n\n\n\n<p>26. Juni 2025 &#8211; Impressionen von unserem Sommerfest<\/p>\n\n\n\n<figure class=\"wp-block-gallery has-nested-images columns-default is-cropped wp-block-gallery-11 is-layout-flex wp-block-gallery-is-layout-flex\">\n<figure class=\"wp-block-image size-large\"><img loading=\"lazy\" decoding=\"async\" width=\"576\" height=\"1024\" data-id=\"4868\" src=\"https:\/\/grundschule-fasanenhof.de\/wp-content\/uploads\/2022\/09\/IMG_20250626_152823-576x1024.jpg\" alt=\"\" class=\"wp-image-4868\" srcset=\"https:\/\/grundschule-fasanenhof.de\/wp-content\/uploads\/2022\/09\/IMG_20250626_152823-576x1024.jpg 576w, https:\/\/grundschule-fasanenhof.de\/wp-content\/uploads\/2022\/09\/IMG_20250626_152823-169x300.jpg 169w, https:\/\/grundschule-fasanenhof.de\/wp-content\/uploads\/2022\/09\/IMG_20250626_152823-768x1366.jpg 768w, https:\/\/grundschule-fasanenhof.de\/wp-content\/uploads\/2022\/09\/IMG_20250626_152823-864x1536.jpg 864w, https:\/\/grundschule-fasanenhof.de\/wp-content\/uploads\/2022\/09\/IMG_20250626_152823-1152x2048.jpg 1152w, https:\/\/grundschule-fasanenhof.de\/wp-content\/uploads\/2022\/09\/IMG_20250626_152823-scaled.jpg 1439w\" sizes=\"auto, (max-width: 576px) 100vw, 576px\" \/><\/figure>\n\n\n\n<figure class=\"wp-block-image size-large\"><img loading=\"lazy\" decoding=\"async\" width=\"1024\" height=\"576\" data-id=\"4866\" src=\"https:\/\/grundschule-fasanenhof.de\/wp-content\/uploads\/2022\/09\/IMG_20250626_152848-1024x576.jpg\" alt=\"\" class=\"wp-image-4866\" srcset=\"https:\/\/grundschule-fasanenhof.de\/wp-content\/uploads\/2022\/09\/IMG_20250626_152848-1024x576.jpg 1024w, https:\/\/grundschule-fasanenhof.de\/wp-content\/uploads\/2022\/09\/IMG_20250626_152848-300x169.jpg 300w, https:\/\/grundschule-fasanenhof.de\/wp-content\/uploads\/2022\/09\/IMG_20250626_152848-768x432.jpg 768w, https:\/\/grundschule-fasanenhof.de\/wp-content\/uploads\/2022\/09\/IMG_20250626_152848-1536x864.jpg 1536w, https:\/\/grundschule-fasanenhof.de\/wp-content\/uploads\/2022\/09\/IMG_20250626_152848-2048x1152.jpg 2048w\" sizes=\"auto, (max-width: 1024px) 100vw, 1024px\" \/><\/figure>\n\n\n\n<figure class=\"wp-block-image size-large\"><img loading=\"lazy\" decoding=\"async\" width=\"1024\" height=\"576\" data-id=\"4872\" src=\"https:\/\/grundschule-fasanenhof.de\/wp-content\/uploads\/2022\/09\/IMG_20250626_152929-1024x576.jpg\" alt=\"\" class=\"wp-image-4872\" srcset=\"https:\/\/grundschule-fasanenhof.de\/wp-content\/uploads\/2022\/09\/IMG_20250626_152929-1024x576.jpg 1024w, https:\/\/grundschule-fasanenhof.de\/wp-content\/uploads\/2022\/09\/IMG_20250626_152929-300x169.jpg 300w, https:\/\/grundschule-fasanenhof.de\/wp-content\/uploads\/2022\/09\/IMG_20250626_152929-768x432.jpg 768w, https:\/\/grundschule-fasanenhof.de\/wp-content\/uploads\/2022\/09\/IMG_20250626_152929-1536x864.jpg 1536w, https:\/\/grundschule-fasanenhof.de\/wp-content\/uploads\/2022\/09\/IMG_20250626_152929-2048x1152.jpg 2048w\" sizes=\"auto, (max-width: 1024px) 100vw, 1024px\" \/><\/figure>\n\n\n\n<figure class=\"wp-block-image size-large\"><img loading=\"lazy\" decoding=\"async\" width=\"1024\" height=\"576\" data-id=\"4869\" src=\"https:\/\/grundschule-fasanenhof.de\/wp-content\/uploads\/2022\/09\/IMG_20250626_153043-1024x576.jpg\" alt=\"\" class=\"wp-image-4869\" srcset=\"https:\/\/grundschule-fasanenhof.de\/wp-content\/uploads\/2022\/09\/IMG_20250626_153043-1024x576.jpg 1024w, https:\/\/grundschule-fasanenhof.de\/wp-content\/uploads\/2022\/09\/IMG_20250626_153043-300x169.jpg 300w, https:\/\/grundschule-fasanenhof.de\/wp-content\/uploads\/2022\/09\/IMG_20250626_153043-768x432.jpg 768w, https:\/\/grundschule-fasanenhof.de\/wp-content\/uploads\/2022\/09\/IMG_20250626_153043-1536x864.jpg 1536w, https:\/\/grundschule-fasanenhof.de\/wp-content\/uploads\/2022\/09\/IMG_20250626_153043-2048x1152.jpg 2048w\" sizes=\"auto, (max-width: 1024px) 100vw, 1024px\" \/><\/figure>\n\n\n\n<figure class=\"wp-block-image size-large\"><img loading=\"lazy\" decoding=\"async\" width=\"576\" height=\"1024\" data-id=\"4867\" src=\"https:\/\/grundschule-fasanenhof.de\/wp-content\/uploads\/2022\/09\/IMG_20250626_153114-576x1024.jpg\" alt=\"\" class=\"wp-image-4867\" srcset=\"https:\/\/grundschule-fasanenhof.de\/wp-content\/uploads\/2022\/09\/IMG_20250626_153114-576x1024.jpg 576w, https:\/\/grundschule-fasanenhof.de\/wp-content\/uploads\/2022\/09\/IMG_20250626_153114-169x300.jpg 169w, https:\/\/grundschule-fasanenhof.de\/wp-content\/uploads\/2022\/09\/IMG_20250626_153114-768x1366.jpg 768w, https:\/\/grundschule-fasanenhof.de\/wp-content\/uploads\/2022\/09\/IMG_20250626_153114-864x1536.jpg 864w, https:\/\/grundschule-fasanenhof.de\/wp-content\/uploads\/2022\/09\/IMG_20250626_153114-1152x2048.jpg 1152w, https:\/\/grundschule-fasanenhof.de\/wp-content\/uploads\/2022\/09\/IMG_20250626_153114-scaled.jpg 1439w\" sizes=\"auto, (max-width: 576px) 100vw, 576px\" \/><\/figure>\n\n\n\n<figure class=\"wp-block-image size-large\"><img loading=\"lazy\" decoding=\"async\" width=\"1024\" height=\"576\" data-id=\"4871\" src=\"https:\/\/grundschule-fasanenhof.de\/wp-content\/uploads\/2022\/09\/IMG_20250626_153208-1024x576.jpg\" alt=\"\" class=\"wp-image-4871\" srcset=\"https:\/\/grundschule-fasanenhof.de\/wp-content\/uploads\/2022\/09\/IMG_20250626_153208-1024x576.jpg 1024w, https:\/\/grundschule-fasanenhof.de\/wp-content\/uploads\/2022\/09\/IMG_20250626_153208-300x169.jpg 300w, https:\/\/grundschule-fasanenhof.de\/wp-content\/uploads\/2022\/09\/IMG_20250626_153208-768x432.jpg 768w, https:\/\/grundschule-fasanenhof.de\/wp-content\/uploads\/2022\/09\/IMG_20250626_153208-1536x864.jpg 1536w, https:\/\/grundschule-fasanenhof.de\/wp-content\/uploads\/2022\/09\/IMG_20250626_153208-2048x1152.jpg 2048w\" sizes=\"auto, (max-width: 1024px) 100vw, 1024px\" \/><\/figure>\n\n\n\n<figure class=\"wp-block-image size-large\"><img loading=\"lazy\" decoding=\"async\" width=\"1024\" height=\"576\" data-id=\"4873\" src=\"https:\/\/grundschule-fasanenhof.de\/wp-content\/uploads\/2022\/09\/IMG_20250626_153211-1024x576.jpg\" alt=\"\" class=\"wp-image-4873\" srcset=\"https:\/\/grundschule-fasanenhof.de\/wp-content\/uploads\/2022\/09\/IMG_20250626_153211-1024x576.jpg 1024w, https:\/\/grundschule-fasanenhof.de\/wp-content\/uploads\/2022\/09\/IMG_20250626_153211-300x169.jpg 300w, https:\/\/grundschule-fasanenhof.de\/wp-content\/uploads\/2022\/09\/IMG_20250626_153211-768x432.jpg 768w, https:\/\/grundschule-fasanenhof.de\/wp-content\/uploads\/2022\/09\/IMG_20250626_153211-1536x864.jpg 1536w, https:\/\/grundschule-fasanenhof.de\/wp-content\/uploads\/2022\/09\/IMG_20250626_153211-2048x1152.jpg 2048w\" sizes=\"auto, (max-width: 1024px) 100vw, 1024px\" \/><\/figure>\n\n\n\n<figure class=\"wp-block-image size-large\"><img loading=\"lazy\" decoding=\"async\" width=\"1024\" height=\"576\" data-id=\"4870\" src=\"https:\/\/grundschule-fasanenhof.de\/wp-content\/uploads\/2022\/09\/IMG_20250626_153305-1024x576.jpg\" alt=\"\" class=\"wp-image-4870\" srcset=\"https:\/\/grundschule-fasanenhof.de\/wp-content\/uploads\/2022\/09\/IMG_20250626_153305-1024x576.jpg 1024w, https:\/\/grundschule-fasanenhof.de\/wp-content\/uploads\/2022\/09\/IMG_20250626_153305-300x169.jpg 300w, https:\/\/grundschule-fasanenhof.de\/wp-content\/uploads\/2022\/09\/IMG_20250626_153305-768x432.jpg 768w, https:\/\/grundschule-fasanenhof.de\/wp-content\/uploads\/2022\/09\/IMG_20250626_153305-1536x864.jpg 1536w, https:\/\/grundschule-fasanenhof.de\/wp-content\/uploads\/2022\/09\/IMG_20250626_153305-2048x1152.jpg 2048w\" sizes=\"auto, (max-width: 1024px) 100vw, 1024px\" \/><\/figure>\n\n\n\n<figure class=\"wp-block-image size-large\"><img loading=\"lazy\" decoding=\"async\" width=\"1024\" height=\"576\" data-id=\"4875\" src=\"https:\/\/grundschule-fasanenhof.de\/wp-content\/uploads\/2022\/09\/IMG_20250626_153407-1024x576.jpg\" alt=\"\" class=\"wp-image-4875\" srcset=\"https:\/\/grundschule-fasanenhof.de\/wp-content\/uploads\/2022\/09\/IMG_20250626_153407-1024x576.jpg 1024w, https:\/\/grundschule-fasanenhof.de\/wp-content\/uploads\/2022\/09\/IMG_20250626_153407-300x169.jpg 300w, https:\/\/grundschule-fasanenhof.de\/wp-content\/uploads\/2022\/09\/IMG_20250626_153407-768x432.jpg 768w, https:\/\/grundschule-fasanenhof.de\/wp-content\/uploads\/2022\/09\/IMG_20250626_153407-1536x864.jpg 1536w, https:\/\/grundschule-fasanenhof.de\/wp-content\/uploads\/2022\/09\/IMG_20250626_153407-2048x1152.jpg 2048w\" sizes=\"auto, (max-width: 1024px) 100vw, 1024px\" \/><\/figure>\n\n\n\n<figure class=\"wp-block-image size-large\"><img loading=\"lazy\" decoding=\"async\" width=\"576\" height=\"1024\" data-id=\"4874\" src=\"https:\/\/grundschule-fasanenhof.de\/wp-content\/uploads\/2022\/09\/IMG_20250626_153424-576x1024.jpg\" alt=\"\" class=\"wp-image-4874\" srcset=\"https:\/\/grundschule-fasanenhof.de\/wp-content\/uploads\/2022\/09\/IMG_20250626_153424-576x1024.jpg 576w, https:\/\/grundschule-fasanenhof.de\/wp-content\/uploads\/2022\/09\/IMG_20250626_153424-169x300.jpg 169w, https:\/\/grundschule-fasanenhof.de\/wp-content\/uploads\/2022\/09\/IMG_20250626_153424-768x1366.jpg 768w, https:\/\/grundschule-fasanenhof.de\/wp-content\/uploads\/2022\/09\/IMG_20250626_153424-864x1536.jpg 864w, https:\/\/grundschule-fasanenhof.de\/wp-content\/uploads\/2022\/09\/IMG_20250626_153424-1152x2048.jpg 1152w, https:\/\/grundschule-fasanenhof.de\/wp-content\/uploads\/2022\/09\/IMG_20250626_153424-scaled.jpg 1439w\" sizes=\"auto, (max-width: 576px) 100vw, 576px\" \/><\/figure>\n<\/figure>\n\n\n\n<p>20. Mai 2025 &#8211; Trikot-Tag: Wir zeigen Flagge f\u00fcr unsere Vereine<\/p>\n\n\n\n<figure class=\"wp-block-image size-large\"><img loading=\"lazy\" decoding=\"async\" width=\"1024\" height=\"768\" src=\"https:\/\/grundschule-fasanenhof.de\/wp-content\/uploads\/2022\/09\/IMG-20250520-WA0001-1024x768.jpg\" alt=\"\" class=\"wp-image-4812\" srcset=\"https:\/\/grundschule-fasanenhof.de\/wp-content\/uploads\/2022\/09\/IMG-20250520-WA0001-1024x768.jpg 1024w, https:\/\/grundschule-fasanenhof.de\/wp-content\/uploads\/2022\/09\/IMG-20250520-WA0001-300x225.jpg 300w, https:\/\/grundschule-fasanenhof.de\/wp-content\/uploads\/2022\/09\/IMG-20250520-WA0001-768x576.jpg 768w, https:\/\/grundschule-fasanenhof.de\/wp-content\/uploads\/2022\/09\/IMG-20250520-WA0001-1536x1152.jpg 1536w, https:\/\/grundschule-fasanenhof.de\/wp-content\/uploads\/2022\/09\/IMG-20250520-WA0001.jpg 1600w\" sizes=\"auto, (max-width: 1024px) 100vw, 1024px\" \/><\/figure>\n\n\n\n<p>Mai 2025 &#8211; Captain Schnuppes Weltraumreise: Die 2a und 2c im Planetarium<\/p>\n\n\n\n<figure class=\"wp-block-gallery has-nested-images columns-default is-cropped wp-block-gallery-12 is-layout-flex wp-block-gallery-is-layout-flex\">\n<figure class=\"wp-block-image size-large\"><img loading=\"lazy\" decoding=\"async\" width=\"1024\" height=\"768\" data-id=\"4778\" src=\"https:\/\/grundschule-fasanenhof.de\/wp-content\/uploads\/2022\/09\/1747052263831-1024x768.jpeg\" alt=\"\" class=\"wp-image-4778\" srcset=\"https:\/\/grundschule-fasanenhof.de\/wp-content\/uploads\/2022\/09\/1747052263831-1024x768.jpeg 1024w, https:\/\/grundschule-fasanenhof.de\/wp-content\/uploads\/2022\/09\/1747052263831-300x225.jpeg 300w, https:\/\/grundschule-fasanenhof.de\/wp-content\/uploads\/2022\/09\/1747052263831-768x576.jpeg 768w, https:\/\/grundschule-fasanenhof.de\/wp-content\/uploads\/2022\/09\/1747052263831-1536x1152.jpeg 1536w, https:\/\/grundschule-fasanenhof.de\/wp-content\/uploads\/2022\/09\/1747052263831-2048x1536.jpeg 2048w\" sizes=\"auto, (max-width: 1024px) 100vw, 1024px\" \/><\/figure>\n\n\n\n<figure class=\"wp-block-image size-large\"><img loading=\"lazy\" decoding=\"async\" width=\"1024\" height=\"576\" data-id=\"4776\" src=\"https:\/\/grundschule-fasanenhof.de\/wp-content\/uploads\/2022\/09\/1747052263841-1-1024x576.jpg\" alt=\"\" class=\"wp-image-4776\" srcset=\"https:\/\/grundschule-fasanenhof.de\/wp-content\/uploads\/2022\/09\/1747052263841-1-1024x576.jpg 1024w, https:\/\/grundschule-fasanenhof.de\/wp-content\/uploads\/2022\/09\/1747052263841-1-300x169.jpg 300w, https:\/\/grundschule-fasanenhof.de\/wp-content\/uploads\/2022\/09\/1747052263841-1-768x432.jpg 768w, https:\/\/grundschule-fasanenhof.de\/wp-content\/uploads\/2022\/09\/1747052263841-1-1536x864.jpg 1536w, https:\/\/grundschule-fasanenhof.de\/wp-content\/uploads\/2022\/09\/1747052263841-1-2048x1152.jpg 2048w\" sizes=\"auto, (max-width: 1024px) 100vw, 1024px\" \/><\/figure>\n\n\n\n<figure class=\"wp-block-image size-large\"><img loading=\"lazy\" decoding=\"async\" width=\"1024\" height=\"576\" data-id=\"4777\" src=\"https:\/\/grundschule-fasanenhof.de\/wp-content\/uploads\/2022\/09\/1747052263818-1-1024x576.jpg\" alt=\"\" class=\"wp-image-4777\" srcset=\"https:\/\/grundschule-fasanenhof.de\/wp-content\/uploads\/2022\/09\/1747052263818-1-1024x576.jpg 1024w, https:\/\/grundschule-fasanenhof.de\/wp-content\/uploads\/2022\/09\/1747052263818-1-300x169.jpg 300w, https:\/\/grundschule-fasanenhof.de\/wp-content\/uploads\/2022\/09\/1747052263818-1-768x432.jpg 768w, https:\/\/grundschule-fasanenhof.de\/wp-content\/uploads\/2022\/09\/1747052263818-1-1536x864.jpg 1536w, https:\/\/grundschule-fasanenhof.de\/wp-content\/uploads\/2022\/09\/1747052263818-1-2048x1152.jpg 2048w\" sizes=\"auto, (max-width: 1024px) 100vw, 1024px\" \/><\/figure>\n\n\n\n<figure class=\"wp-block-image size-large\"><img loading=\"lazy\" decoding=\"async\" width=\"1024\" height=\"576\" data-id=\"4775\" src=\"https:\/\/grundschule-fasanenhof.de\/wp-content\/uploads\/2022\/09\/1747052263830-1-1024x576.jpg\" alt=\"\" class=\"wp-image-4775\" srcset=\"https:\/\/grundschule-fasanenhof.de\/wp-content\/uploads\/2022\/09\/1747052263830-1-1024x576.jpg 1024w, https:\/\/grundschule-fasanenhof.de\/wp-content\/uploads\/2022\/09\/1747052263830-1-300x169.jpg 300w, https:\/\/grundschule-fasanenhof.de\/wp-content\/uploads\/2022\/09\/1747052263830-1-768x432.jpg 768w, https:\/\/grundschule-fasanenhof.de\/wp-content\/uploads\/2022\/09\/1747052263830-1-1536x864.jpg 1536w, https:\/\/grundschule-fasanenhof.de\/wp-content\/uploads\/2022\/09\/1747052263830-1-2048x1152.jpg 2048w\" sizes=\"auto, (max-width: 1024px) 100vw, 1024px\" \/><\/figure>\n<\/figure>\n\n\n\n<p>Februar 2025 &#8211; Demokratielernen beim Sch\u00fclerparlament<\/p>\n\n\n\n<figure class=\"wp-block-gallery has-nested-images columns-default is-cropped wp-block-gallery-13 is-layout-flex wp-block-gallery-is-layout-flex\">\n<figure class=\"wp-block-image size-large\"><img loading=\"lazy\" decoding=\"async\" width=\"768\" height=\"1024\" data-id=\"4652\" src=\"https:\/\/grundschule-fasanenhof.de\/wp-content\/uploads\/2022\/09\/IMG_3159-768x1024.jpg\" alt=\"\" class=\"wp-image-4652\" srcset=\"https:\/\/grundschule-fasanenhof.de\/wp-content\/uploads\/2022\/09\/IMG_3159-768x1024.jpg 768w, https:\/\/grundschule-fasanenhof.de\/wp-content\/uploads\/2022\/09\/IMG_3159-225x300.jpg 225w, https:\/\/grundschule-fasanenhof.de\/wp-content\/uploads\/2022\/09\/IMG_3159-1152x1536.jpg 1152w, https:\/\/grundschule-fasanenhof.de\/wp-content\/uploads\/2022\/09\/IMG_3159-rotated.jpg 1512w\" sizes=\"auto, (max-width: 768px) 100vw, 768px\" \/><\/figure>\n\n\n\n<figure class=\"wp-block-image size-large\"><img loading=\"lazy\" decoding=\"async\" width=\"1024\" height=\"768\" data-id=\"4653\" src=\"https:\/\/grundschule-fasanenhof.de\/wp-content\/uploads\/2022\/09\/IMG_3160-1024x768.jpg\" alt=\"\" class=\"wp-image-4653\" srcset=\"https:\/\/grundschule-fasanenhof.de\/wp-content\/uploads\/2022\/09\/IMG_3160-1024x768.jpg 1024w, https:\/\/grundschule-fasanenhof.de\/wp-content\/uploads\/2022\/09\/IMG_3160-300x225.jpg 300w, https:\/\/grundschule-fasanenhof.de\/wp-content\/uploads\/2022\/09\/IMG_3160-768x576.jpg 768w, https:\/\/grundschule-fasanenhof.de\/wp-content\/uploads\/2022\/09\/IMG_3160-1536x1152.jpg 1536w, https:\/\/grundschule-fasanenhof.de\/wp-content\/uploads\/2022\/09\/IMG_3160.jpg 2016w\" sizes=\"auto, (max-width: 1024px) 100vw, 1024px\" \/><\/figure>\n\n\n\n<figure class=\"wp-block-image size-large\"><img loading=\"lazy\" decoding=\"async\" width=\"1024\" height=\"768\" data-id=\"4654\" src=\"https:\/\/grundschule-fasanenhof.de\/wp-content\/uploads\/2022\/09\/IMG_3163-1024x768.jpg\" alt=\"\" class=\"wp-image-4654\" srcset=\"https:\/\/grundschule-fasanenhof.de\/wp-content\/uploads\/2022\/09\/IMG_3163-1024x768.jpg 1024w, https:\/\/grundschule-fasanenhof.de\/wp-content\/uploads\/2022\/09\/IMG_3163-300x225.jpg 300w, https:\/\/grundschule-fasanenhof.de\/wp-content\/uploads\/2022\/09\/IMG_3163-768x576.jpg 768w, https:\/\/grundschule-fasanenhof.de\/wp-content\/uploads\/2022\/09\/IMG_3163-1536x1152.jpg 1536w, https:\/\/grundschule-fasanenhof.de\/wp-content\/uploads\/2022\/09\/IMG_3163.jpg 2016w\" sizes=\"auto, (max-width: 1024px) 100vw, 1024px\" \/><\/figure>\n<\/figure>\n\n\n\n<p>Februar 2025 &#8211; Die 2b schaut sich Captain Schnuppes Weltraumreise im Planetarium an<\/p>\n\n\n\n<figure class=\"wp-block-gallery has-nested-images columns-default is-cropped wp-block-gallery-14 is-layout-flex wp-block-gallery-is-layout-flex\">\n<figure class=\"wp-block-image size-large\"><img loading=\"lazy\" decoding=\"async\" width=\"1024\" height=\"768\" data-id=\"4600\" src=\"https:\/\/grundschule-fasanenhof.de\/wp-content\/uploads\/2022\/09\/IMG_20250206_102630-1-1024x768.jpg\" alt=\"\" class=\"wp-image-4600\" srcset=\"https:\/\/grundschule-fasanenhof.de\/wp-content\/uploads\/2022\/09\/IMG_20250206_102630-1-1024x768.jpg 1024w, https:\/\/grundschule-fasanenhof.de\/wp-content\/uploads\/2022\/09\/IMG_20250206_102630-1-300x225.jpg 300w, https:\/\/grundschule-fasanenhof.de\/wp-content\/uploads\/2022\/09\/IMG_20250206_102630-1-768x576.jpg 768w, https:\/\/grundschule-fasanenhof.de\/wp-content\/uploads\/2022\/09\/IMG_20250206_102630-1-1536x1152.jpg 1536w, https:\/\/grundschule-fasanenhof.de\/wp-content\/uploads\/2022\/09\/IMG_20250206_102630-1-2048x1536.jpg 2048w\" sizes=\"auto, (max-width: 1024px) 100vw, 1024px\" \/><\/figure>\n\n\n\n<figure class=\"wp-block-image size-large\"><img loading=\"lazy\" decoding=\"async\" width=\"768\" height=\"1024\" data-id=\"4601\" src=\"https:\/\/grundschule-fasanenhof.de\/wp-content\/uploads\/2022\/09\/IMG_20250206_102616-1-768x1024.jpg\" alt=\"\" class=\"wp-image-4601\" srcset=\"https:\/\/grundschule-fasanenhof.de\/wp-content\/uploads\/2022\/09\/IMG_20250206_102616-1-768x1024.jpg 768w, https:\/\/grundschule-fasanenhof.de\/wp-content\/uploads\/2022\/09\/IMG_20250206_102616-1-225x300.jpg 225w, https:\/\/grundschule-fasanenhof.de\/wp-content\/uploads\/2022\/09\/IMG_20250206_102616-1-1152x1536.jpg 1152w, https:\/\/grundschule-fasanenhof.de\/wp-content\/uploads\/2022\/09\/IMG_20250206_102616-1-1536x2048.jpg 1536w, https:\/\/grundschule-fasanenhof.de\/wp-content\/uploads\/2022\/09\/IMG_20250206_102616-1-scaled.jpg 1920w\" sizes=\"auto, (max-width: 768px) 100vw, 768px\" \/><\/figure>\n<\/figure>\n\n\n\n<p>Januar 2025 &#8211; Kleine Baumeister: Edin und Ali Eymen pr\u00e4sentieren ihre Burg<\/p>\n\n\n\n<figure class=\"wp-block-gallery has-nested-images columns-default is-cropped wp-block-gallery-15 is-layout-flex wp-block-gallery-is-layout-flex\">\n<figure class=\"wp-block-image size-large\"><img loading=\"lazy\" decoding=\"async\" width=\"768\" height=\"1024\" data-id=\"4582\" src=\"https:\/\/grundschule-fasanenhof.de\/wp-content\/uploads\/2022\/09\/1000042208-5-768x1024.jpg\" alt=\"\" class=\"wp-image-4582\" srcset=\"https:\/\/grundschule-fasanenhof.de\/wp-content\/uploads\/2022\/09\/1000042208-5-768x1024.jpg 768w, https:\/\/grundschule-fasanenhof.de\/wp-content\/uploads\/2022\/09\/1000042208-5-225x300.jpg 225w, https:\/\/grundschule-fasanenhof.de\/wp-content\/uploads\/2022\/09\/1000042208-5-1152x1536.jpg 1152w, https:\/\/grundschule-fasanenhof.de\/wp-content\/uploads\/2022\/09\/1000042208-5-1536x2048.jpg 1536w, https:\/\/grundschule-fasanenhof.de\/wp-content\/uploads\/2022\/09\/1000042208-5-scaled.jpg 1920w\" sizes=\"auto, (max-width: 768px) 100vw, 768px\" \/><\/figure>\n\n\n\n<figure class=\"wp-block-image size-large\"><img loading=\"lazy\" decoding=\"async\" width=\"1024\" height=\"768\" data-id=\"4581\" src=\"https:\/\/grundschule-fasanenhof.de\/wp-content\/uploads\/2022\/09\/1000042207-1024x768.jpg\" alt=\"\" class=\"wp-image-4581\" srcset=\"https:\/\/grundschule-fasanenhof.de\/wp-content\/uploads\/2022\/09\/1000042207-1024x768.jpg 1024w, https:\/\/grundschule-fasanenhof.de\/wp-content\/uploads\/2022\/09\/1000042207-300x225.jpg 300w, https:\/\/grundschule-fasanenhof.de\/wp-content\/uploads\/2022\/09\/1000042207-768x576.jpg 768w, https:\/\/grundschule-fasanenhof.de\/wp-content\/uploads\/2022\/09\/1000042207-1536x1152.jpg 1536w, https:\/\/grundschule-fasanenhof.de\/wp-content\/uploads\/2022\/09\/1000042207-2048x1536.jpg 2048w\" sizes=\"auto, (max-width: 1024px) 100vw, 1024px\" \/><\/figure>\n<\/figure>\n\n\n\n<p>Dezember 2024 &#8211; Unterwegs in Kassel: Die 4d besucht das Theater und den Future Space<\/p>\n\n\n\n<figure class=\"wp-block-gallery has-nested-images columns-default is-cropped wp-block-gallery-16 is-layout-flex wp-block-gallery-is-layout-flex\">\n<figure class=\"wp-block-image size-large\"><img loading=\"lazy\" decoding=\"async\" width=\"768\" height=\"1024\" data-id=\"4536\" src=\"https:\/\/grundschule-fasanenhof.de\/wp-content\/uploads\/2022\/09\/1000039721-768x1024.jpg\" alt=\"\" class=\"wp-image-4536\" srcset=\"https:\/\/grundschule-fasanenhof.de\/wp-content\/uploads\/2022\/09\/1000039721-768x1024.jpg 768w, https:\/\/grundschule-fasanenhof.de\/wp-content\/uploads\/2022\/09\/1000039721-225x300.jpg 225w, https:\/\/grundschule-fasanenhof.de\/wp-content\/uploads\/2022\/09\/1000039721-1152x1536.jpg 1152w, https:\/\/grundschule-fasanenhof.de\/wp-content\/uploads\/2022\/09\/1000039721-1536x2048.jpg 1536w, https:\/\/grundschule-fasanenhof.de\/wp-content\/uploads\/2022\/09\/1000039721-scaled.jpg 1920w\" sizes=\"auto, (max-width: 768px) 100vw, 768px\" \/><\/figure>\n\n\n\n<figure class=\"wp-block-image size-large\"><img loading=\"lazy\" decoding=\"async\" width=\"768\" height=\"1024\" data-id=\"4538\" src=\"https:\/\/grundschule-fasanenhof.de\/wp-content\/uploads\/2022\/09\/1000039723-768x1024.jpg\" alt=\"\" class=\"wp-image-4538\" srcset=\"https:\/\/grundschule-fasanenhof.de\/wp-content\/uploads\/2022\/09\/1000039723-768x1024.jpg 768w, https:\/\/grundschule-fasanenhof.de\/wp-content\/uploads\/2022\/09\/1000039723-225x300.jpg 225w, https:\/\/grundschule-fasanenhof.de\/wp-content\/uploads\/2022\/09\/1000039723-1152x1536.jpg 1152w, https:\/\/grundschule-fasanenhof.de\/wp-content\/uploads\/2022\/09\/1000039723-1536x2048.jpg 1536w, https:\/\/grundschule-fasanenhof.de\/wp-content\/uploads\/2022\/09\/1000039723-scaled.jpg 1920w\" sizes=\"auto, (max-width: 768px) 100vw, 768px\" \/><\/figure>\n\n\n\n<figure class=\"wp-block-image size-large\"><img loading=\"lazy\" decoding=\"async\" width=\"1024\" height=\"768\" data-id=\"4539\" src=\"https:\/\/grundschule-fasanenhof.de\/wp-content\/uploads\/2022\/09\/1000039733-1024x768.jpg\" alt=\"\" class=\"wp-image-4539\" srcset=\"https:\/\/grundschule-fasanenhof.de\/wp-content\/uploads\/2022\/09\/1000039733-1024x768.jpg 1024w, https:\/\/grundschule-fasanenhof.de\/wp-content\/uploads\/2022\/09\/1000039733-300x225.jpg 300w, https:\/\/grundschule-fasanenhof.de\/wp-content\/uploads\/2022\/09\/1000039733-768x576.jpg 768w, https:\/\/grundschule-fasanenhof.de\/wp-content\/uploads\/2022\/09\/1000039733-1536x1152.jpg 1536w, https:\/\/grundschule-fasanenhof.de\/wp-content\/uploads\/2022\/09\/1000039733-2048x1536.jpg 2048w\" sizes=\"auto, (max-width: 1024px) 100vw, 1024px\" \/><\/figure>\n\n\n\n<figure class=\"wp-block-image size-large\"><img loading=\"lazy\" decoding=\"async\" width=\"768\" height=\"1024\" data-id=\"4537\" src=\"https:\/\/grundschule-fasanenhof.de\/wp-content\/uploads\/2022\/09\/1000040235-768x1024.jpg\" alt=\"\" class=\"wp-image-4537\" srcset=\"https:\/\/grundschule-fasanenhof.de\/wp-content\/uploads\/2022\/09\/1000040235-768x1024.jpg 768w, https:\/\/grundschule-fasanenhof.de\/wp-content\/uploads\/2022\/09\/1000040235-225x300.jpg 225w, https:\/\/grundschule-fasanenhof.de\/wp-content\/uploads\/2022\/09\/1000040235-1152x1536.jpg 1152w, https:\/\/grundschule-fasanenhof.de\/wp-content\/uploads\/2022\/09\/1000040235-1536x2048.jpg 1536w, https:\/\/grundschule-fasanenhof.de\/wp-content\/uploads\/2022\/09\/1000040235-scaled.jpg 1920w\" sizes=\"auto, (max-width: 768px) 100vw, 768px\" \/><\/figure>\n\n\n\n<figure class=\"wp-block-image size-large\"><img loading=\"lazy\" decoding=\"async\" width=\"1024\" height=\"768\" data-id=\"4541\" src=\"https:\/\/grundschule-fasanenhof.de\/wp-content\/uploads\/2022\/09\/1000040240-1024x768.jpg\" alt=\"\" class=\"wp-image-4541\" srcset=\"https:\/\/grundschule-fasanenhof.de\/wp-content\/uploads\/2022\/09\/1000040240-1024x768.jpg 1024w, https:\/\/grundschule-fasanenhof.de\/wp-content\/uploads\/2022\/09\/1000040240-300x225.jpg 300w, https:\/\/grundschule-fasanenhof.de\/wp-content\/uploads\/2022\/09\/1000040240-768x576.jpg 768w, https:\/\/grundschule-fasanenhof.de\/wp-content\/uploads\/2022\/09\/1000040240-1536x1152.jpg 1536w, https:\/\/grundschule-fasanenhof.de\/wp-content\/uploads\/2022\/09\/1000040240-2048x1536.jpg 2048w\" sizes=\"auto, (max-width: 1024px) 100vw, 1024px\" \/><\/figure>\n\n\n\n<figure class=\"wp-block-image size-large\"><img loading=\"lazy\" decoding=\"async\" width=\"1024\" height=\"768\" data-id=\"4540\" src=\"https:\/\/grundschule-fasanenhof.de\/wp-content\/uploads\/2022\/09\/1000040241-1024x768.jpg\" alt=\"\" class=\"wp-image-4540\" srcset=\"https:\/\/grundschule-fasanenhof.de\/wp-content\/uploads\/2022\/09\/1000040241-1024x768.jpg 1024w, https:\/\/grundschule-fasanenhof.de\/wp-content\/uploads\/2022\/09\/1000040241-300x225.jpg 300w, https:\/\/grundschule-fasanenhof.de\/wp-content\/uploads\/2022\/09\/1000040241-768x576.jpg 768w, https:\/\/grundschule-fasanenhof.de\/wp-content\/uploads\/2022\/09\/1000040241-1536x1152.jpg 1536w, https:\/\/grundschule-fasanenhof.de\/wp-content\/uploads\/2022\/09\/1000040241-2048x1536.jpg 2048w\" sizes=\"auto, (max-width: 1024px) 100vw, 1024px\" \/><\/figure>\n<\/figure>\n\n\n\n<p>Dezember 2024 &#8211; Oh du Fr\u00f6hliche! Gemeinsames Singen in der Adventszeit<\/p>\n\n\n\n<figure class=\"wp-block-gallery has-nested-images columns-default is-cropped wp-block-gallery-17 is-layout-flex wp-block-gallery-is-layout-flex\">\n<figure class=\"wp-block-image size-large\"><img loading=\"lazy\" decoding=\"async\" width=\"768\" height=\"1024\" data-id=\"4515\" src=\"https:\/\/grundschule-fasanenhof.de\/wp-content\/uploads\/2022\/09\/IMG_1892-768x1024.jpg\" alt=\"\" class=\"wp-image-4515\" srcset=\"https:\/\/grundschule-fasanenhof.de\/wp-content\/uploads\/2022\/09\/IMG_1892-768x1024.jpg 768w, https:\/\/grundschule-fasanenhof.de\/wp-content\/uploads\/2022\/09\/IMG_1892-225x300.jpg 225w, https:\/\/grundschule-fasanenhof.de\/wp-content\/uploads\/2022\/09\/IMG_1892-1152x1536.jpg 1152w, https:\/\/grundschule-fasanenhof.de\/wp-content\/uploads\/2022\/09\/IMG_1892-1536x2048.jpg 1536w, https:\/\/grundschule-fasanenhof.de\/wp-content\/uploads\/2022\/09\/IMG_1892-scaled.jpg 1920w\" sizes=\"auto, (max-width: 768px) 100vw, 768px\" \/><\/figure>\n\n\n\n<figure class=\"wp-block-image size-large\"><img loading=\"lazy\" decoding=\"async\" width=\"1024\" height=\"768\" data-id=\"4517\" src=\"https:\/\/grundschule-fasanenhof.de\/wp-content\/uploads\/2022\/09\/IMG_1894-1024x768.jpg\" alt=\"\" class=\"wp-image-4517\" srcset=\"https:\/\/grundschule-fasanenhof.de\/wp-content\/uploads\/2022\/09\/IMG_1894-1024x768.jpg 1024w, https:\/\/grundschule-fasanenhof.de\/wp-content\/uploads\/2022\/09\/IMG_1894-300x225.jpg 300w, https:\/\/grundschule-fasanenhof.de\/wp-content\/uploads\/2022\/09\/IMG_1894-768x576.jpg 768w, https:\/\/grundschule-fasanenhof.de\/wp-content\/uploads\/2022\/09\/IMG_1894-1536x1152.jpg 1536w, https:\/\/grundschule-fasanenhof.de\/wp-content\/uploads\/2022\/09\/IMG_1894-2048x1536.jpg 2048w\" sizes=\"auto, (max-width: 1024px) 100vw, 1024px\" \/><\/figure>\n\n\n\n<figure class=\"wp-block-image size-large\"><img loading=\"lazy\" decoding=\"async\" width=\"1024\" height=\"768\" data-id=\"4516\" src=\"https:\/\/grundschule-fasanenhof.de\/wp-content\/uploads\/2022\/09\/IMG_1896-1024x768.jpg\" alt=\"\" class=\"wp-image-4516\" srcset=\"https:\/\/grundschule-fasanenhof.de\/wp-content\/uploads\/2022\/09\/IMG_1896-1024x768.jpg 1024w, https:\/\/grundschule-fasanenhof.de\/wp-content\/uploads\/2022\/09\/IMG_1896-300x225.jpg 300w, https:\/\/grundschule-fasanenhof.de\/wp-content\/uploads\/2022\/09\/IMG_1896-768x576.jpg 768w, https:\/\/grundschule-fasanenhof.de\/wp-content\/uploads\/2022\/09\/IMG_1896-1536x1152.jpg 1536w, https:\/\/grundschule-fasanenhof.de\/wp-content\/uploads\/2022\/09\/IMG_1896-2048x1536.jpg 2048w\" sizes=\"auto, (max-width: 1024px) 100vw, 1024px\" \/><\/figure>\n\n\n\n<figure class=\"wp-block-image size-large\"><img loading=\"lazy\" decoding=\"async\" width=\"1024\" height=\"768\" data-id=\"4514\" src=\"https:\/\/grundschule-fasanenhof.de\/wp-content\/uploads\/2022\/09\/IMG_1907-1024x768.jpg\" alt=\"\" class=\"wp-image-4514\" srcset=\"https:\/\/grundschule-fasanenhof.de\/wp-content\/uploads\/2022\/09\/IMG_1907-1024x768.jpg 1024w, https:\/\/grundschule-fasanenhof.de\/wp-content\/uploads\/2022\/09\/IMG_1907-300x225.jpg 300w, https:\/\/grundschule-fasanenhof.de\/wp-content\/uploads\/2022\/09\/IMG_1907-768x576.jpg 768w, https:\/\/grundschule-fasanenhof.de\/wp-content\/uploads\/2022\/09\/IMG_1907-1536x1152.jpg 1536w, https:\/\/grundschule-fasanenhof.de\/wp-content\/uploads\/2022\/09\/IMG_1907-2048x1536.jpg 2048w\" sizes=\"auto, (max-width: 1024px) 100vw, 1024px\" \/><\/figure>\n<\/figure>\n\n\n\n<p>November 2024 &#8211; Unser gro\u00dfer Auftritt beim Projekt &#8222;Wir bewegen Schule&#8220;<\/p>\n\n\n\n<figure class=\"wp-block-gallery has-nested-images columns-default is-cropped wp-block-gallery-18 is-layout-flex wp-block-gallery-is-layout-flex\">\n<figure class=\"wp-block-image size-large\"><img loading=\"lazy\" decoding=\"async\" width=\"1024\" height=\"768\" data-id=\"4467\" src=\"https:\/\/grundschule-fasanenhof.de\/wp-content\/uploads\/2022\/09\/IMG_1251-1024x768.jpg\" alt=\"\" class=\"wp-image-4467\" srcset=\"https:\/\/grundschule-fasanenhof.de\/wp-content\/uploads\/2022\/09\/IMG_1251-1024x768.jpg 1024w, https:\/\/grundschule-fasanenhof.de\/wp-content\/uploads\/2022\/09\/IMG_1251-300x225.jpg 300w, https:\/\/grundschule-fasanenhof.de\/wp-content\/uploads\/2022\/09\/IMG_1251-768x576.jpg 768w, https:\/\/grundschule-fasanenhof.de\/wp-content\/uploads\/2022\/09\/IMG_1251-1536x1152.jpg 1536w, https:\/\/grundschule-fasanenhof.de\/wp-content\/uploads\/2022\/09\/IMG_1251.jpg 2016w\" sizes=\"auto, (max-width: 1024px) 100vw, 1024px\" \/><\/figure>\n\n\n\n<figure class=\"wp-block-image size-large\"><img loading=\"lazy\" decoding=\"async\" width=\"1024\" height=\"768\" data-id=\"4470\" src=\"https:\/\/grundschule-fasanenhof.de\/wp-content\/uploads\/2022\/09\/IMG_1467-1024x768.jpg\" alt=\"\" class=\"wp-image-4470\" srcset=\"https:\/\/grundschule-fasanenhof.de\/wp-content\/uploads\/2022\/09\/IMG_1467-1024x768.jpg 1024w, https:\/\/grundschule-fasanenhof.de\/wp-content\/uploads\/2022\/09\/IMG_1467-300x225.jpg 300w, https:\/\/grundschule-fasanenhof.de\/wp-content\/uploads\/2022\/09\/IMG_1467-768x576.jpg 768w, https:\/\/grundschule-fasanenhof.de\/wp-content\/uploads\/2022\/09\/IMG_1467-1536x1152.jpg 1536w, https:\/\/grundschule-fasanenhof.de\/wp-content\/uploads\/2022\/09\/IMG_1467-2048x1536.jpg 2048w\" sizes=\"auto, (max-width: 1024px) 100vw, 1024px\" \/><\/figure>\n\n\n\n<figure class=\"wp-block-image size-large\"><img loading=\"lazy\" decoding=\"async\" width=\"1024\" height=\"768\" data-id=\"4469\" src=\"https:\/\/grundschule-fasanenhof.de\/wp-content\/uploads\/2022\/09\/IMG_1473-1024x768.jpg\" alt=\"\" class=\"wp-image-4469\" srcset=\"https:\/\/grundschule-fasanenhof.de\/wp-content\/uploads\/2022\/09\/IMG_1473-1024x768.jpg 1024w, https:\/\/grundschule-fasanenhof.de\/wp-content\/uploads\/2022\/09\/IMG_1473-300x225.jpg 300w, https:\/\/grundschule-fasanenhof.de\/wp-content\/uploads\/2022\/09\/IMG_1473-768x576.jpg 768w, https:\/\/grundschule-fasanenhof.de\/wp-content\/uploads\/2022\/09\/IMG_1473-1536x1152.jpg 1536w, https:\/\/grundschule-fasanenhof.de\/wp-content\/uploads\/2022\/09\/IMG_1473-2048x1536.jpg 2048w\" sizes=\"auto, (max-width: 1024px) 100vw, 1024px\" \/><\/figure>\n\n\n\n<figure class=\"wp-block-image size-large\"><img loading=\"lazy\" decoding=\"async\" width=\"1024\" height=\"768\" data-id=\"4473\" src=\"https:\/\/grundschule-fasanenhof.de\/wp-content\/uploads\/2022\/09\/IMG_1478-1024x768.jpg\" alt=\"\" class=\"wp-image-4473\" srcset=\"https:\/\/grundschule-fasanenhof.de\/wp-content\/uploads\/2022\/09\/IMG_1478-1024x768.jpg 1024w, https:\/\/grundschule-fasanenhof.de\/wp-content\/uploads\/2022\/09\/IMG_1478-300x225.jpg 300w, https:\/\/grundschule-fasanenhof.de\/wp-content\/uploads\/2022\/09\/IMG_1478-768x576.jpg 768w, https:\/\/grundschule-fasanenhof.de\/wp-content\/uploads\/2022\/09\/IMG_1478-1536x1152.jpg 1536w, https:\/\/grundschule-fasanenhof.de\/wp-content\/uploads\/2022\/09\/IMG_1478-2048x1536.jpg 2048w\" sizes=\"auto, (max-width: 1024px) 100vw, 1024px\" \/><\/figure>\n\n\n\n<figure class=\"wp-block-image size-large\"><img loading=\"lazy\" decoding=\"async\" width=\"1024\" height=\"785\" data-id=\"4468\" src=\"https:\/\/grundschule-fasanenhof.de\/wp-content\/uploads\/2022\/09\/IMG_1480-1024x785.jpg\" alt=\"\" class=\"wp-image-4468\" srcset=\"https:\/\/grundschule-fasanenhof.de\/wp-content\/uploads\/2022\/09\/IMG_1480-1024x785.jpg 1024w, https:\/\/grundschule-fasanenhof.de\/wp-content\/uploads\/2022\/09\/IMG_1480-300x230.jpg 300w, https:\/\/grundschule-fasanenhof.de\/wp-content\/uploads\/2022\/09\/IMG_1480-768x589.jpg 768w, https:\/\/grundschule-fasanenhof.de\/wp-content\/uploads\/2022\/09\/IMG_1480-1536x1177.jpg 1536w, https:\/\/grundschule-fasanenhof.de\/wp-content\/uploads\/2022\/09\/IMG_1480-2048x1570.jpg 2048w\" sizes=\"auto, (max-width: 1024px) 100vw, 1024px\" \/><\/figure>\n\n\n\n<figure class=\"wp-block-image size-large\"><img loading=\"lazy\" decoding=\"async\" width=\"1024\" height=\"768\" data-id=\"4471\" src=\"https:\/\/grundschule-fasanenhof.de\/wp-content\/uploads\/2022\/09\/IMG_1484-1024x768.jpg\" alt=\"\" class=\"wp-image-4471\" srcset=\"https:\/\/grundschule-fasanenhof.de\/wp-content\/uploads\/2022\/09\/IMG_1484-1024x768.jpg 1024w, https:\/\/grundschule-fasanenhof.de\/wp-content\/uploads\/2022\/09\/IMG_1484-300x225.jpg 300w, https:\/\/grundschule-fasanenhof.de\/wp-content\/uploads\/2022\/09\/IMG_1484-768x576.jpg 768w, https:\/\/grundschule-fasanenhof.de\/wp-content\/uploads\/2022\/09\/IMG_1484-1536x1152.jpg 1536w, https:\/\/grundschule-fasanenhof.de\/wp-content\/uploads\/2022\/09\/IMG_1484-2048x1536.jpg 2048w\" sizes=\"auto, (max-width: 1024px) 100vw, 1024px\" \/><\/figure>\n\n\n\n<figure class=\"wp-block-image size-large\"><img loading=\"lazy\" decoding=\"async\" width=\"1024\" height=\"768\" data-id=\"4472\" src=\"https:\/\/grundschule-fasanenhof.de\/wp-content\/uploads\/2022\/09\/IMG_1494-1024x768.jpg\" alt=\"\" class=\"wp-image-4472\" srcset=\"https:\/\/grundschule-fasanenhof.de\/wp-content\/uploads\/2022\/09\/IMG_1494-1024x768.jpg 1024w, https:\/\/grundschule-fasanenhof.de\/wp-content\/uploads\/2022\/09\/IMG_1494-300x225.jpg 300w, https:\/\/grundschule-fasanenhof.de\/wp-content\/uploads\/2022\/09\/IMG_1494-768x576.jpg 768w, https:\/\/grundschule-fasanenhof.de\/wp-content\/uploads\/2022\/09\/IMG_1494-1536x1152.jpg 1536w, https:\/\/grundschule-fasanenhof.de\/wp-content\/uploads\/2022\/09\/IMG_1494-2048x1536.jpg 2048w\" sizes=\"auto, (max-width: 1024px) 100vw, 1024px\" \/><\/figure>\n<\/figure>\n\n\n\n<p>November 2024 &#8211; Wir \u00fcben flei\u00dfig f\u00fcr unsere Tanzauftritte<\/p>\n\n\n\n<figure class=\"wp-block-gallery has-nested-images columns-default is-cropped wp-block-gallery-19 is-layout-flex wp-block-gallery-is-layout-flex\">\n<figure class=\"wp-block-image size-large\"><img loading=\"lazy\" decoding=\"async\" width=\"1024\" height=\"768\" data-id=\"4433\" src=\"https:\/\/grundschule-fasanenhof.de\/wp-content\/uploads\/2022\/09\/IMG_1148-1024x768.jpg\" alt=\"\" class=\"wp-image-4433\" srcset=\"https:\/\/grundschule-fasanenhof.de\/wp-content\/uploads\/2022\/09\/IMG_1148-1024x768.jpg 1024w, https:\/\/grundschule-fasanenhof.de\/wp-content\/uploads\/2022\/09\/IMG_1148-300x225.jpg 300w, https:\/\/grundschule-fasanenhof.de\/wp-content\/uploads\/2022\/09\/IMG_1148-768x576.jpg 768w, https:\/\/grundschule-fasanenhof.de\/wp-content\/uploads\/2022\/09\/IMG_1148-1536x1152.jpg 1536w, https:\/\/grundschule-fasanenhof.de\/wp-content\/uploads\/2022\/09\/IMG_1148.jpg 2016w\" sizes=\"auto, (max-width: 1024px) 100vw, 1024px\" \/><\/figure>\n\n\n\n<figure class=\"wp-block-image size-large\"><img loading=\"lazy\" decoding=\"async\" width=\"1024\" height=\"768\" data-id=\"4434\" src=\"https:\/\/grundschule-fasanenhof.de\/wp-content\/uploads\/2022\/09\/IMG_1153-1024x768.jpg\" alt=\"\" class=\"wp-image-4434\" srcset=\"https:\/\/grundschule-fasanenhof.de\/wp-content\/uploads\/2022\/09\/IMG_1153-1024x768.jpg 1024w, https:\/\/grundschule-fasanenhof.de\/wp-content\/uploads\/2022\/09\/IMG_1153-300x225.jpg 300w, https:\/\/grundschule-fasanenhof.de\/wp-content\/uploads\/2022\/09\/IMG_1153-768x576.jpg 768w, https:\/\/grundschule-fasanenhof.de\/wp-content\/uploads\/2022\/09\/IMG_1153-1536x1152.jpg 1536w, https:\/\/grundschule-fasanenhof.de\/wp-content\/uploads\/2022\/09\/IMG_1153.jpg 2016w\" sizes=\"auto, (max-width: 1024px) 100vw, 1024px\" \/><\/figure>\n\n\n\n<figure class=\"wp-block-image size-large\"><img loading=\"lazy\" decoding=\"async\" width=\"1024\" height=\"768\" data-id=\"4431\" src=\"https:\/\/grundschule-fasanenhof.de\/wp-content\/uploads\/2022\/09\/IMG_1154-1024x768.jpg\" alt=\"\" class=\"wp-image-4431\" srcset=\"https:\/\/grundschule-fasanenhof.de\/wp-content\/uploads\/2022\/09\/IMG_1154-1024x768.jpg 1024w, https:\/\/grundschule-fasanenhof.de\/wp-content\/uploads\/2022\/09\/IMG_1154-300x225.jpg 300w, https:\/\/grundschule-fasanenhof.de\/wp-content\/uploads\/2022\/09\/IMG_1154-768x576.jpg 768w, https:\/\/grundschule-fasanenhof.de\/wp-content\/uploads\/2022\/09\/IMG_1154-1536x1152.jpg 1536w, https:\/\/grundschule-fasanenhof.de\/wp-content\/uploads\/2022\/09\/IMG_1154.jpg 2016w\" sizes=\"auto, (max-width: 1024px) 100vw, 1024px\" \/><\/figure>\n\n\n\n<figure class=\"wp-block-image size-large\"><img loading=\"lazy\" decoding=\"async\" width=\"1024\" height=\"768\" data-id=\"4440\" src=\"https:\/\/grundschule-fasanenhof.de\/wp-content\/uploads\/2022\/09\/IMG_1156-1024x768.jpg\" alt=\"\" class=\"wp-image-4440\" srcset=\"https:\/\/grundschule-fasanenhof.de\/wp-content\/uploads\/2022\/09\/IMG_1156-1024x768.jpg 1024w, https:\/\/grundschule-fasanenhof.de\/wp-content\/uploads\/2022\/09\/IMG_1156-300x225.jpg 300w, https:\/\/grundschule-fasanenhof.de\/wp-content\/uploads\/2022\/09\/IMG_1156-768x576.jpg 768w, https:\/\/grundschule-fasanenhof.de\/wp-content\/uploads\/2022\/09\/IMG_1156-1536x1152.jpg 1536w, https:\/\/grundschule-fasanenhof.de\/wp-content\/uploads\/2022\/09\/IMG_1156.jpg 2016w\" sizes=\"auto, (max-width: 1024px) 100vw, 1024px\" \/><\/figure>\n\n\n\n<figure class=\"wp-block-image size-large\"><img loading=\"lazy\" decoding=\"async\" width=\"1024\" height=\"768\" data-id=\"4430\" src=\"https:\/\/grundschule-fasanenhof.de\/wp-content\/uploads\/2022\/09\/IMG_1159-1024x768.jpg\" alt=\"\" class=\"wp-image-4430\" srcset=\"https:\/\/grundschule-fasanenhof.de\/wp-content\/uploads\/2022\/09\/IMG_1159-1024x768.jpg 1024w, https:\/\/grundschule-fasanenhof.de\/wp-content\/uploads\/2022\/09\/IMG_1159-300x225.jpg 300w, https:\/\/grundschule-fasanenhof.de\/wp-content\/uploads\/2022\/09\/IMG_1159-768x576.jpg 768w, https:\/\/grundschule-fasanenhof.de\/wp-content\/uploads\/2022\/09\/IMG_1159-1536x1152.jpg 1536w, https:\/\/grundschule-fasanenhof.de\/wp-content\/uploads\/2022\/09\/IMG_1159.jpg 2016w\" sizes=\"auto, (max-width: 1024px) 100vw, 1024px\" \/><\/figure>\n\n\n\n<figure class=\"wp-block-image size-large\"><img loading=\"lazy\" decoding=\"async\" width=\"1024\" height=\"768\" data-id=\"4442\" src=\"https:\/\/grundschule-fasanenhof.de\/wp-content\/uploads\/2022\/09\/IMG_1163-1024x768.jpg\" alt=\"\" class=\"wp-image-4442\" srcset=\"https:\/\/grundschule-fasanenhof.de\/wp-content\/uploads\/2022\/09\/IMG_1163-1024x768.jpg 1024w, https:\/\/grundschule-fasanenhof.de\/wp-content\/uploads\/2022\/09\/IMG_1163-300x225.jpg 300w, https:\/\/grundschule-fasanenhof.de\/wp-content\/uploads\/2022\/09\/IMG_1163-768x576.jpg 768w, https:\/\/grundschule-fasanenhof.de\/wp-content\/uploads\/2022\/09\/IMG_1163-1536x1152.jpg 1536w, https:\/\/grundschule-fasanenhof.de\/wp-content\/uploads\/2022\/09\/IMG_1163.jpg 2016w\" sizes=\"auto, (max-width: 1024px) 100vw, 1024px\" \/><\/figure>\n\n\n\n<figure class=\"wp-block-image size-large\"><img loading=\"lazy\" decoding=\"async\" width=\"1024\" height=\"768\" data-id=\"4441\" src=\"https:\/\/grundschule-fasanenhof.de\/wp-content\/uploads\/2022\/09\/IMG_1166-1024x768.jpg\" alt=\"\" class=\"wp-image-4441\" srcset=\"https:\/\/grundschule-fasanenhof.de\/wp-content\/uploads\/2022\/09\/IMG_1166-1024x768.jpg 1024w, https:\/\/grundschule-fasanenhof.de\/wp-content\/uploads\/2022\/09\/IMG_1166-300x225.jpg 300w, https:\/\/grundschule-fasanenhof.de\/wp-content\/uploads\/2022\/09\/IMG_1166-768x576.jpg 768w, https:\/\/grundschule-fasanenhof.de\/wp-content\/uploads\/2022\/09\/IMG_1166-1536x1152.jpg 1536w, https:\/\/grundschule-fasanenhof.de\/wp-content\/uploads\/2022\/09\/IMG_1166.jpg 2016w\" sizes=\"auto, (max-width: 1024px) 100vw, 1024px\" \/><\/figure>\n\n\n\n<figure class=\"wp-block-image size-large\"><img loading=\"lazy\" decoding=\"async\" width=\"768\" height=\"1024\" data-id=\"4435\" src=\"https:\/\/grundschule-fasanenhof.de\/wp-content\/uploads\/2022\/09\/IMG_1198-768x1024.jpg\" alt=\"\" class=\"wp-image-4435\" srcset=\"https:\/\/grundschule-fasanenhof.de\/wp-content\/uploads\/2022\/09\/IMG_1198-768x1024.jpg 768w, https:\/\/grundschule-fasanenhof.de\/wp-content\/uploads\/2022\/09\/IMG_1198-225x300.jpg 225w, https:\/\/grundschule-fasanenhof.de\/wp-content\/uploads\/2022\/09\/IMG_1198-1152x1536.jpg 1152w, https:\/\/grundschule-fasanenhof.de\/wp-content\/uploads\/2022\/09\/IMG_1198-rotated.jpg 1512w\" sizes=\"auto, (max-width: 768px) 100vw, 768px\" \/><\/figure>\n\n\n\n<figure class=\"wp-block-image size-large\"><img loading=\"lazy\" decoding=\"async\" width=\"1024\" height=\"768\" data-id=\"4432\" src=\"https:\/\/grundschule-fasanenhof.de\/wp-content\/uploads\/2022\/09\/IMG_1200-1024x768.jpg\" alt=\"\" class=\"wp-image-4432\" srcset=\"https:\/\/grundschule-fasanenhof.de\/wp-content\/uploads\/2022\/09\/IMG_1200-1024x768.jpg 1024w, https:\/\/grundschule-fasanenhof.de\/wp-content\/uploads\/2022\/09\/IMG_1200-300x225.jpg 300w, https:\/\/grundschule-fasanenhof.de\/wp-content\/uploads\/2022\/09\/IMG_1200-768x576.jpg 768w, https:\/\/grundschule-fasanenhof.de\/wp-content\/uploads\/2022\/09\/IMG_1200-1536x1152.jpg 1536w, https:\/\/grundschule-fasanenhof.de\/wp-content\/uploads\/2022\/09\/IMG_1200.jpg 2016w\" sizes=\"auto, (max-width: 1024px) 100vw, 1024px\" \/><\/figure>\n\n\n\n<figure class=\"wp-block-image size-large\"><img loading=\"lazy\" decoding=\"async\" width=\"768\" height=\"1024\" data-id=\"4438\" src=\"https:\/\/grundschule-fasanenhof.de\/wp-content\/uploads\/2022\/09\/IMG_1204-768x1024.jpg\" alt=\"\" class=\"wp-image-4438\" srcset=\"https:\/\/grundschule-fasanenhof.de\/wp-content\/uploads\/2022\/09\/IMG_1204-768x1024.jpg 768w, https:\/\/grundschule-fasanenhof.de\/wp-content\/uploads\/2022\/09\/IMG_1204-225x300.jpg 225w, https:\/\/grundschule-fasanenhof.de\/wp-content\/uploads\/2022\/09\/IMG_1204-1152x1536.jpg 1152w, https:\/\/grundschule-fasanenhof.de\/wp-content\/uploads\/2022\/09\/IMG_1204.jpg 1200w\" sizes=\"auto, (max-width: 768px) 100vw, 768px\" \/><\/figure>\n\n\n\n<figure class=\"wp-block-image size-large\"><img loading=\"lazy\" decoding=\"async\" width=\"1024\" height=\"768\" data-id=\"4437\" src=\"https:\/\/grundschule-fasanenhof.de\/wp-content\/uploads\/2022\/09\/IMG_1206-1024x768.jpg\" alt=\"\" class=\"wp-image-4437\" srcset=\"https:\/\/grundschule-fasanenhof.de\/wp-content\/uploads\/2022\/09\/IMG_1206-1024x768.jpg 1024w, https:\/\/grundschule-fasanenhof.de\/wp-content\/uploads\/2022\/09\/IMG_1206-300x225.jpg 300w, https:\/\/grundschule-fasanenhof.de\/wp-content\/uploads\/2022\/09\/IMG_1206-768x576.jpg 768w, https:\/\/grundschule-fasanenhof.de\/wp-content\/uploads\/2022\/09\/IMG_1206-1536x1152.jpg 1536w, https:\/\/grundschule-fasanenhof.de\/wp-content\/uploads\/2022\/09\/IMG_1206.jpg 1600w\" sizes=\"auto, (max-width: 1024px) 100vw, 1024px\" \/><\/figure>\n\n\n\n<figure class=\"wp-block-image size-large\"><img loading=\"lazy\" decoding=\"async\" width=\"1024\" height=\"768\" data-id=\"4436\" src=\"https:\/\/grundschule-fasanenhof.de\/wp-content\/uploads\/2022\/09\/IMG_1207-1024x768.jpg\" alt=\"\" class=\"wp-image-4436\" srcset=\"https:\/\/grundschule-fasanenhof.de\/wp-content\/uploads\/2022\/09\/IMG_1207-1024x768.jpg 1024w, https:\/\/grundschule-fasanenhof.de\/wp-content\/uploads\/2022\/09\/IMG_1207-300x225.jpg 300w, https:\/\/grundschule-fasanenhof.de\/wp-content\/uploads\/2022\/09\/IMG_1207-768x576.jpg 768w, https:\/\/grundschule-fasanenhof.de\/wp-content\/uploads\/2022\/09\/IMG_1207-1536x1152.jpg 1536w, https:\/\/grundschule-fasanenhof.de\/wp-content\/uploads\/2022\/09\/IMG_1207.jpg 1600w\" sizes=\"auto, (max-width: 1024px) 100vw, 1024px\" \/><\/figure>\n\n\n\n<figure class=\"wp-block-image size-large\"><img loading=\"lazy\" decoding=\"async\" width=\"768\" height=\"1024\" data-id=\"4439\" src=\"https:\/\/grundschule-fasanenhof.de\/wp-content\/uploads\/2022\/09\/IMG_1208-768x1024.jpg\" alt=\"\" class=\"wp-image-4439\" srcset=\"https:\/\/grundschule-fasanenhof.de\/wp-content\/uploads\/2022\/09\/IMG_1208-768x1024.jpg 768w, https:\/\/grundschule-fasanenhof.de\/wp-content\/uploads\/2022\/09\/IMG_1208-225x300.jpg 225w, https:\/\/grundschule-fasanenhof.de\/wp-content\/uploads\/2022\/09\/IMG_1208-1152x1536.jpg 1152w, https:\/\/grundschule-fasanenhof.de\/wp-content\/uploads\/2022\/09\/IMG_1208.jpg 1200w\" sizes=\"auto, (max-width: 768px) 100vw, 768px\" \/><\/figure>\n<\/figure>\n\n\n\n<p>Oktober 2024 &#8211; Die 2c bestimmt im Ahnepark B\u00e4ume und sammelt Bl\u00e4tter<\/p>\n\n\n\n<figure class=\"wp-block-gallery has-nested-images columns-default is-cropped wp-block-gallery-20 is-layout-flex wp-block-gallery-is-layout-flex\">\n<figure class=\"wp-block-image size-large\"><img loading=\"lazy\" decoding=\"async\" width=\"576\" height=\"1024\" data-id=\"4425\" src=\"https:\/\/grundschule-fasanenhof.de\/wp-content\/uploads\/2022\/09\/1730721866524-576x1024.jpg\" alt=\"\" class=\"wp-image-4425\" srcset=\"https:\/\/grundschule-fasanenhof.de\/wp-content\/uploads\/2022\/09\/1730721866524-576x1024.jpg 576w, https:\/\/grundschule-fasanenhof.de\/wp-content\/uploads\/2022\/09\/1730721866524-169x300.jpg 169w, https:\/\/grundschule-fasanenhof.de\/wp-content\/uploads\/2022\/09\/1730721866524-768x1366.jpg 768w, https:\/\/grundschule-fasanenhof.de\/wp-content\/uploads\/2022\/09\/1730721866524-864x1536.jpg 864w, https:\/\/grundschule-fasanenhof.de\/wp-content\/uploads\/2022\/09\/1730721866524-1152x2048.jpg 1152w, https:\/\/grundschule-fasanenhof.de\/wp-content\/uploads\/2022\/09\/1730721866524-scaled.jpg 1439w\" sizes=\"auto, (max-width: 576px) 100vw, 576px\" \/><\/figure>\n\n\n\n<figure class=\"wp-block-image size-large\"><img loading=\"lazy\" decoding=\"async\" width=\"576\" height=\"1024\" data-id=\"4427\" src=\"https:\/\/grundschule-fasanenhof.de\/wp-content\/uploads\/2022\/09\/1730721852965-576x1024.jpg\" alt=\"\" class=\"wp-image-4427\" srcset=\"https:\/\/grundschule-fasanenhof.de\/wp-content\/uploads\/2022\/09\/1730721852965-576x1024.jpg 576w, https:\/\/grundschule-fasanenhof.de\/wp-content\/uploads\/2022\/09\/1730721852965-169x300.jpg 169w, https:\/\/grundschule-fasanenhof.de\/wp-content\/uploads\/2022\/09\/1730721852965-768x1366.jpg 768w, https:\/\/grundschule-fasanenhof.de\/wp-content\/uploads\/2022\/09\/1730721852965-864x1536.jpg 864w, https:\/\/grundschule-fasanenhof.de\/wp-content\/uploads\/2022\/09\/1730721852965-1152x2048.jpg 1152w, https:\/\/grundschule-fasanenhof.de\/wp-content\/uploads\/2022\/09\/1730721852965-scaled.jpg 1439w\" sizes=\"auto, (max-width: 576px) 100vw, 576px\" \/><\/figure>\n\n\n\n<figure class=\"wp-block-image size-large\"><img loading=\"lazy\" decoding=\"async\" width=\"576\" height=\"1024\" data-id=\"4423\" src=\"https:\/\/grundschule-fasanenhof.de\/wp-content\/uploads\/2022\/09\/1730721828084-576x1024.jpg\" alt=\"\" class=\"wp-image-4423\" srcset=\"https:\/\/grundschule-fasanenhof.de\/wp-content\/uploads\/2022\/09\/1730721828084-576x1024.jpg 576w, https:\/\/grundschule-fasanenhof.de\/wp-content\/uploads\/2022\/09\/1730721828084-169x300.jpg 169w, https:\/\/grundschule-fasanenhof.de\/wp-content\/uploads\/2022\/09\/1730721828084-768x1366.jpg 768w, https:\/\/grundschule-fasanenhof.de\/wp-content\/uploads\/2022\/09\/1730721828084-864x1536.jpg 864w, https:\/\/grundschule-fasanenhof.de\/wp-content\/uploads\/2022\/09\/1730721828084-1152x2048.jpg 1152w, https:\/\/grundschule-fasanenhof.de\/wp-content\/uploads\/2022\/09\/1730721828084-scaled.jpg 1439w\" sizes=\"auto, (max-width: 576px) 100vw, 576px\" \/><\/figure>\n\n\n\n<figure class=\"wp-block-image size-large\"><img loading=\"lazy\" decoding=\"async\" width=\"1024\" height=\"576\" data-id=\"4426\" src=\"https:\/\/grundschule-fasanenhof.de\/wp-content\/uploads\/2022\/09\/1730721818974-1024x576.jpg\" alt=\"\" class=\"wp-image-4426\" srcset=\"https:\/\/grundschule-fasanenhof.de\/wp-content\/uploads\/2022\/09\/1730721818974-1024x576.jpg 1024w, https:\/\/grundschule-fasanenhof.de\/wp-content\/uploads\/2022\/09\/1730721818974-300x169.jpg 300w, https:\/\/grundschule-fasanenhof.de\/wp-content\/uploads\/2022\/09\/1730721818974-768x432.jpg 768w, https:\/\/grundschule-fasanenhof.de\/wp-content\/uploads\/2022\/09\/1730721818974-1536x864.jpg 1536w, https:\/\/grundschule-fasanenhof.de\/wp-content\/uploads\/2022\/09\/1730721818974-2048x1152.jpg 2048w\" sizes=\"auto, (max-width: 1024px) 100vw, 1024px\" \/><\/figure>\n\n\n\n<figure class=\"wp-block-image size-large\"><img loading=\"lazy\" decoding=\"async\" width=\"1024\" height=\"576\" data-id=\"4424\" src=\"https:\/\/grundschule-fasanenhof.de\/wp-content\/uploads\/2022\/09\/1730721781179-1024x576.jpg\" alt=\"\" class=\"wp-image-4424\" srcset=\"https:\/\/grundschule-fasanenhof.de\/wp-content\/uploads\/2022\/09\/1730721781179-1024x576.jpg 1024w, https:\/\/grundschule-fasanenhof.de\/wp-content\/uploads\/2022\/09\/1730721781179-300x169.jpg 300w, https:\/\/grundschule-fasanenhof.de\/wp-content\/uploads\/2022\/09\/1730721781179-768x432.jpg 768w, https:\/\/grundschule-fasanenhof.de\/wp-content\/uploads\/2022\/09\/1730721781179-1536x864.jpg 1536w, https:\/\/grundschule-fasanenhof.de\/wp-content\/uploads\/2022\/09\/1730721781179-2048x1152.jpg 2048w\" sizes=\"auto, (max-width: 1024px) 100vw, 1024px\" \/><\/figure>\n<\/figure>\n\n\n\n<p>September 2024 &#8211; Skipping Hearts<\/p>\n\n\n\n<figure class=\"wp-block-gallery has-nested-images columns-default is-cropped wp-block-gallery-21 is-layout-flex wp-block-gallery-is-layout-flex\">\n<figure class=\"wp-block-image size-large\"><img loading=\"lazy\" decoding=\"async\" width=\"1024\" height=\"768\" data-id=\"4378\" src=\"https:\/\/grundschule-fasanenhof.de\/wp-content\/uploads\/2022\/09\/IMG_2628-1024x768.jpeg\" alt=\"\" class=\"wp-image-4378\" srcset=\"https:\/\/grundschule-fasanenhof.de\/wp-content\/uploads\/2022\/09\/IMG_2628-1024x768.jpeg 1024w, https:\/\/grundschule-fasanenhof.de\/wp-content\/uploads\/2022\/09\/IMG_2628-300x225.jpeg 300w, https:\/\/grundschule-fasanenhof.de\/wp-content\/uploads\/2022\/09\/IMG_2628-768x576.jpeg 768w, https:\/\/grundschule-fasanenhof.de\/wp-content\/uploads\/2022\/09\/IMG_2628-1536x1152.jpeg 1536w, https:\/\/grundschule-fasanenhof.de\/wp-content\/uploads\/2022\/09\/IMG_2628-2048x1536.jpeg 2048w\" sizes=\"auto, (max-width: 1024px) 100vw, 1024px\" \/><\/figure>\n\n\n\n<figure class=\"wp-block-image size-large\"><img loading=\"lazy\" decoding=\"async\" width=\"1024\" height=\"579\" data-id=\"4380\" src=\"https:\/\/grundschule-fasanenhof.de\/wp-content\/uploads\/2022\/09\/IMG_2631-1024x579.png\" alt=\"\" class=\"wp-image-4380\" srcset=\"https:\/\/grundschule-fasanenhof.de\/wp-content\/uploads\/2022\/09\/IMG_2631-1024x579.png 1024w, https:\/\/grundschule-fasanenhof.de\/wp-content\/uploads\/2022\/09\/IMG_2631-300x170.png 300w, https:\/\/grundschule-fasanenhof.de\/wp-content\/uploads\/2022\/09\/IMG_2631-768x434.png 768w, https:\/\/grundschule-fasanenhof.de\/wp-content\/uploads\/2022\/09\/IMG_2631-1536x868.png 1536w, https:\/\/grundschule-fasanenhof.de\/wp-content\/uploads\/2022\/09\/IMG_2631-2048x1158.png 2048w, https:\/\/grundschule-fasanenhof.de\/wp-content\/uploads\/2022\/09\/IMG_2631-848x480.png 848w\" sizes=\"auto, (max-width: 1024px) 100vw, 1024px\" \/><\/figure>\n\n\n\n<figure class=\"wp-block-image size-large\"><img loading=\"lazy\" decoding=\"async\" width=\"1024\" height=\"768\" data-id=\"4377\" src=\"https:\/\/grundschule-fasanenhof.de\/wp-content\/uploads\/2022\/09\/IMG_2634-1024x768.jpeg\" alt=\"\" class=\"wp-image-4377\" srcset=\"https:\/\/grundschule-fasanenhof.de\/wp-content\/uploads\/2022\/09\/IMG_2634-1024x768.jpeg 1024w, https:\/\/grundschule-fasanenhof.de\/wp-content\/uploads\/2022\/09\/IMG_2634-300x225.jpeg 300w, https:\/\/grundschule-fasanenhof.de\/wp-content\/uploads\/2022\/09\/IMG_2634-768x576.jpeg 768w, https:\/\/grundschule-fasanenhof.de\/wp-content\/uploads\/2022\/09\/IMG_2634-1536x1152.jpeg 1536w, https:\/\/grundschule-fasanenhof.de\/wp-content\/uploads\/2022\/09\/IMG_2634-2048x1536.jpeg 2048w\" sizes=\"auto, (max-width: 1024px) 100vw, 1024px\" \/><\/figure>\n\n\n\n<figure class=\"wp-block-image size-large\"><img loading=\"lazy\" decoding=\"async\" width=\"1024\" height=\"719\" data-id=\"4379\" src=\"https:\/\/grundschule-fasanenhof.de\/wp-content\/uploads\/2022\/09\/IMG_2636-1024x719.png\" alt=\"\" class=\"wp-image-4379\" srcset=\"https:\/\/grundschule-fasanenhof.de\/wp-content\/uploads\/2022\/09\/IMG_2636-1024x719.png 1024w, https:\/\/grundschule-fasanenhof.de\/wp-content\/uploads\/2022\/09\/IMG_2636-300x211.png 300w, https:\/\/grundschule-fasanenhof.de\/wp-content\/uploads\/2022\/09\/IMG_2636-768x540.png 768w, https:\/\/grundschule-fasanenhof.de\/wp-content\/uploads\/2022\/09\/IMG_2636-1536x1079.png 1536w, https:\/\/grundschule-fasanenhof.de\/wp-content\/uploads\/2022\/09\/IMG_2636-2048x1439.png 2048w\" sizes=\"auto, (max-width: 1024px) 100vw, 1024px\" \/><\/figure>\n\n\n\n<figure class=\"wp-block-image size-large\"><img loading=\"lazy\" decoding=\"async\" width=\"1024\" height=\"768\" data-id=\"4376\" src=\"https:\/\/grundschule-fasanenhof.de\/wp-content\/uploads\/2022\/09\/IMG_2638-1024x768.jpeg\" alt=\"\" class=\"wp-image-4376\" srcset=\"https:\/\/grundschule-fasanenhof.de\/wp-content\/uploads\/2022\/09\/IMG_2638-1024x768.jpeg 1024w, https:\/\/grundschule-fasanenhof.de\/wp-content\/uploads\/2022\/09\/IMG_2638-300x225.jpeg 300w, https:\/\/grundschule-fasanenhof.de\/wp-content\/uploads\/2022\/09\/IMG_2638-768x576.jpeg 768w, https:\/\/grundschule-fasanenhof.de\/wp-content\/uploads\/2022\/09\/IMG_2638-1536x1152.jpeg 1536w, https:\/\/grundschule-fasanenhof.de\/wp-content\/uploads\/2022\/09\/IMG_2638-2048x1536.jpeg 2048w\" sizes=\"auto, (max-width: 1024px) 100vw, 1024px\" \/><\/figure>\n\n\n\n<figure class=\"wp-block-image size-large\"><img loading=\"lazy\" decoding=\"async\" width=\"768\" height=\"1024\" data-id=\"4375\" src=\"https:\/\/grundschule-fasanenhof.de\/wp-content\/uploads\/2022\/09\/IMG_2640-768x1024.jpeg\" alt=\"\" class=\"wp-image-4375\" srcset=\"https:\/\/grundschule-fasanenhof.de\/wp-content\/uploads\/2022\/09\/IMG_2640-768x1024.jpeg 768w, https:\/\/grundschule-fasanenhof.de\/wp-content\/uploads\/2022\/09\/IMG_2640-225x300.jpeg 225w, https:\/\/grundschule-fasanenhof.de\/wp-content\/uploads\/2022\/09\/IMG_2640-1152x1536.jpeg 1152w, https:\/\/grundschule-fasanenhof.de\/wp-content\/uploads\/2022\/09\/IMG_2640-1536x2048.jpeg 1536w, https:\/\/grundschule-fasanenhof.de\/wp-content\/uploads\/2022\/09\/IMG_2640-scaled.jpeg 1920w\" sizes=\"auto, (max-width: 768px) 100vw, 768px\" \/><\/figure>\n<\/figure>\n\n\n\n<p>September 2024 &#8211; Die Sieger unseres Projekts &#8222;Zu Fu\u00df zur Schule&#8220;<\/p>\n\n\n\n<figure class=\"wp-block-gallery has-nested-images columns-default is-cropped wp-block-gallery-22 is-layout-flex wp-block-gallery-is-layout-flex\">\n<figure class=\"wp-block-image size-large\"><img loading=\"lazy\" decoding=\"async\" width=\"1024\" height=\"576\" data-id=\"4364\" src=\"https:\/\/grundschule-fasanenhof.de\/wp-content\/uploads\/2024\/09\/1727442357573-1024x576.jpg\" alt=\"\" class=\"wp-image-4364\" srcset=\"https:\/\/grundschule-fasanenhof.de\/wp-content\/uploads\/2024\/09\/1727442357573-1024x576.jpg 1024w, https:\/\/grundschule-fasanenhof.de\/wp-content\/uploads\/2024\/09\/1727442357573-300x169.jpg 300w, https:\/\/grundschule-fasanenhof.de\/wp-content\/uploads\/2024\/09\/1727442357573-768x432.jpg 768w, https:\/\/grundschule-fasanenhof.de\/wp-content\/uploads\/2024\/09\/1727442357573-1536x864.jpg 1536w, https:\/\/grundschule-fasanenhof.de\/wp-content\/uploads\/2024\/09\/1727442357573-2048x1152.jpg 2048w\" sizes=\"auto, (max-width: 1024px) 100vw, 1024px\" \/><\/figure>\n\n\n\n<figure class=\"wp-block-image size-large\"><img loading=\"lazy\" decoding=\"async\" width=\"1024\" height=\"576\" data-id=\"4363\" src=\"https:\/\/grundschule-fasanenhof.de\/wp-content\/uploads\/2024\/09\/1727442357562-1024x576.jpg\" alt=\"\" class=\"wp-image-4363\" srcset=\"https:\/\/grundschule-fasanenhof.de\/wp-content\/uploads\/2024\/09\/1727442357562-1024x576.jpg 1024w, https:\/\/grundschule-fasanenhof.de\/wp-content\/uploads\/2024\/09\/1727442357562-300x169.jpg 300w, https:\/\/grundschule-fasanenhof.de\/wp-content\/uploads\/2024\/09\/1727442357562-768x432.jpg 768w, https:\/\/grundschule-fasanenhof.de\/wp-content\/uploads\/2024\/09\/1727442357562-1536x864.jpg 1536w, https:\/\/grundschule-fasanenhof.de\/wp-content\/uploads\/2024\/09\/1727442357562-2048x1152.jpg 2048w\" sizes=\"auto, (max-width: 1024px) 100vw, 1024px\" \/><\/figure>\n\n\n\n<figure class=\"wp-block-image size-large\"><img loading=\"lazy\" decoding=\"async\" width=\"1024\" height=\"576\" data-id=\"4362\" src=\"https:\/\/grundschule-fasanenhof.de\/wp-content\/uploads\/2024\/09\/1727442357551-1024x576.jpg\" alt=\"\" class=\"wp-image-4362\" srcset=\"https:\/\/grundschule-fasanenhof.de\/wp-content\/uploads\/2024\/09\/1727442357551-1024x576.jpg 1024w, https:\/\/grundschule-fasanenhof.de\/wp-content\/uploads\/2024\/09\/1727442357551-300x169.jpg 300w, https:\/\/grundschule-fasanenhof.de\/wp-content\/uploads\/2024\/09\/1727442357551-768x432.jpg 768w, https:\/\/grundschule-fasanenhof.de\/wp-content\/uploads\/2024\/09\/1727442357551-1536x864.jpg 1536w, https:\/\/grundschule-fasanenhof.de\/wp-content\/uploads\/2024\/09\/1727442357551-2048x1152.jpg 2048w\" sizes=\"auto, (max-width: 1024px) 100vw, 1024px\" \/><\/figure>\n\n\n\n<figure class=\"wp-block-image size-large\"><img loading=\"lazy\" decoding=\"async\" width=\"1024\" height=\"576\" data-id=\"4361\" src=\"https:\/\/grundschule-fasanenhof.de\/wp-content\/uploads\/2024\/09\/1727442357540-1024x576.jpg\" alt=\"\" class=\"wp-image-4361\" srcset=\"https:\/\/grundschule-fasanenhof.de\/wp-content\/uploads\/2024\/09\/1727442357540-1024x576.jpg 1024w, https:\/\/grundschule-fasanenhof.de\/wp-content\/uploads\/2024\/09\/1727442357540-300x169.jpg 300w, https:\/\/grundschule-fasanenhof.de\/wp-content\/uploads\/2024\/09\/1727442357540-768x432.jpg 768w, https:\/\/grundschule-fasanenhof.de\/wp-content\/uploads\/2024\/09\/1727442357540-1536x864.jpg 1536w, https:\/\/grundschule-fasanenhof.de\/wp-content\/uploads\/2024\/09\/1727442357540-2048x1152.jpg 2048w\" sizes=\"auto, (max-width: 1024px) 100vw, 1024px\" \/><\/figure>\n<\/figure>\n\n\n\n<p>Juni 2024 &#8211; Die 1c lernt im Rahmen der Projektwoche viel Neues zum Thema &#8222;M\u00fcll&#8220;<\/p>\n\n\n\n<figure class=\"wp-block-gallery has-nested-images columns-default is-cropped wp-block-gallery-23 is-layout-flex wp-block-gallery-is-layout-flex\">\n<figure class=\"wp-block-image size-large\"><img loading=\"lazy\" decoding=\"async\" width=\"1024\" height=\"576\" data-id=\"4263\" src=\"https:\/\/grundschule-fasanenhof.de\/wp-content\/uploads\/2024\/07\/1720708841612-1024x576.jpg\" alt=\"\" class=\"wp-image-4263\" srcset=\"https:\/\/grundschule-fasanenhof.de\/wp-content\/uploads\/2024\/07\/1720708841612-1024x576.jpg 1024w, https:\/\/grundschule-fasanenhof.de\/wp-content\/uploads\/2024\/07\/1720708841612-300x169.jpg 300w, https:\/\/grundschule-fasanenhof.de\/wp-content\/uploads\/2024\/07\/1720708841612-768x432.jpg 768w, https:\/\/grundschule-fasanenhof.de\/wp-content\/uploads\/2024\/07\/1720708841612-1536x864.jpg 1536w, https:\/\/grundschule-fasanenhof.de\/wp-content\/uploads\/2024\/07\/1720708841612-2048x1152.jpg 2048w\" sizes=\"auto, (max-width: 1024px) 100vw, 1024px\" \/><\/figure>\n\n\n\n<figure class=\"wp-block-image size-large\"><img loading=\"lazy\" decoding=\"async\" width=\"1024\" height=\"576\" data-id=\"4264\" src=\"https:\/\/grundschule-fasanenhof.de\/wp-content\/uploads\/2024\/07\/1720708869373-1024x576.jpg\" alt=\"\" class=\"wp-image-4264\" srcset=\"https:\/\/grundschule-fasanenhof.de\/wp-content\/uploads\/2024\/07\/1720708869373-1024x576.jpg 1024w, https:\/\/grundschule-fasanenhof.de\/wp-content\/uploads\/2024\/07\/1720708869373-300x169.jpg 300w, https:\/\/grundschule-fasanenhof.de\/wp-content\/uploads\/2024\/07\/1720708869373-768x432.jpg 768w, https:\/\/grundschule-fasanenhof.de\/wp-content\/uploads\/2024\/07\/1720708869373-1536x864.jpg 1536w, https:\/\/grundschule-fasanenhof.de\/wp-content\/uploads\/2024\/07\/1720708869373-2048x1152.jpg 2048w\" sizes=\"auto, (max-width: 1024px) 100vw, 1024px\" \/><\/figure>\n\n\n\n<figure class=\"wp-block-image size-large\"><img loading=\"lazy\" decoding=\"async\" width=\"1024\" height=\"576\" data-id=\"4266\" src=\"https:\/\/grundschule-fasanenhof.de\/wp-content\/uploads\/2024\/07\/1720708841587-1024x576.jpg\" alt=\"\" class=\"wp-image-4266\" srcset=\"https:\/\/grundschule-fasanenhof.de\/wp-content\/uploads\/2024\/07\/1720708841587-1024x576.jpg 1024w, https:\/\/grundschule-fasanenhof.de\/wp-content\/uploads\/2024\/07\/1720708841587-300x169.jpg 300w, https:\/\/grundschule-fasanenhof.de\/wp-content\/uploads\/2024\/07\/1720708841587-768x432.jpg 768w, https:\/\/grundschule-fasanenhof.de\/wp-content\/uploads\/2024\/07\/1720708841587-1536x864.jpg 1536w, https:\/\/grundschule-fasanenhof.de\/wp-content\/uploads\/2024\/07\/1720708841587-2048x1152.jpg 2048w\" sizes=\"auto, (max-width: 1024px) 100vw, 1024px\" \/><\/figure>\n\n\n\n<figure class=\"wp-block-image size-large\"><img loading=\"lazy\" decoding=\"async\" width=\"1024\" height=\"576\" data-id=\"4262\" src=\"https:\/\/grundschule-fasanenhof.de\/wp-content\/uploads\/2024\/07\/1720708869404-1024x576.jpg\" alt=\"\" class=\"wp-image-4262\" srcset=\"https:\/\/grundschule-fasanenhof.de\/wp-content\/uploads\/2024\/07\/1720708869404-1024x576.jpg 1024w, https:\/\/grundschule-fasanenhof.de\/wp-content\/uploads\/2024\/07\/1720708869404-300x169.jpg 300w, https:\/\/grundschule-fasanenhof.de\/wp-content\/uploads\/2024\/07\/1720708869404-768x432.jpg 768w, https:\/\/grundschule-fasanenhof.de\/wp-content\/uploads\/2024\/07\/1720708869404-1536x864.jpg 1536w, https:\/\/grundschule-fasanenhof.de\/wp-content\/uploads\/2024\/07\/1720708869404-2048x1152.jpg 2048w\" sizes=\"auto, (max-width: 1024px) 100vw, 1024px\" \/><\/figure>\n<\/figure>\n\n\n\n<p>Juni 2024 &#8211; Flei\u00dfige Sportler bei den Bundesjugendspielen und der Kinderolympiade<\/p>\n\n\n\n<figure class=\"wp-block-gallery has-nested-images columns-default is-cropped wp-block-gallery-24 is-layout-flex wp-block-gallery-is-layout-flex\">\n<figure class=\"wp-block-image size-large\"><img loading=\"lazy\" decoding=\"async\" width=\"1024\" height=\"768\" data-id=\"4150\" src=\"https:\/\/grundschule-fasanenhof.de\/wp-content\/uploads\/2024\/06\/1717939405799-1024x768.jpg\" alt=\"\" class=\"wp-image-4150\" srcset=\"https:\/\/grundschule-fasanenhof.de\/wp-content\/uploads\/2024\/06\/1717939405799-1024x768.jpg 1024w, https:\/\/grundschule-fasanenhof.de\/wp-content\/uploads\/2024\/06\/1717939405799-300x225.jpg 300w, https:\/\/grundschule-fasanenhof.de\/wp-content\/uploads\/2024\/06\/1717939405799-768x576.jpg 768w, https:\/\/grundschule-fasanenhof.de\/wp-content\/uploads\/2024\/06\/1717939405799-1536x1152.jpg 1536w, https:\/\/grundschule-fasanenhof.de\/wp-content\/uploads\/2024\/06\/1717939405799.jpg 1600w\" sizes=\"auto, (max-width: 1024px) 100vw, 1024px\" \/><\/figure>\n\n\n\n<figure class=\"wp-block-image size-large\"><img loading=\"lazy\" decoding=\"async\" width=\"1024\" height=\"768\" data-id=\"4156\" src=\"https:\/\/grundschule-fasanenhof.de\/wp-content\/uploads\/2024\/06\/1717939405817-1024x768.jpg\" alt=\"\" class=\"wp-image-4156\" srcset=\"https:\/\/grundschule-fasanenhof.de\/wp-content\/uploads\/2024\/06\/1717939405817-1024x768.jpg 1024w, https:\/\/grundschule-fasanenhof.de\/wp-content\/uploads\/2024\/06\/1717939405817-300x225.jpg 300w, https:\/\/grundschule-fasanenhof.de\/wp-content\/uploads\/2024\/06\/1717939405817-768x576.jpg 768w, https:\/\/grundschule-fasanenhof.de\/wp-content\/uploads\/2024\/06\/1717939405817-1536x1152.jpg 1536w, https:\/\/grundschule-fasanenhof.de\/wp-content\/uploads\/2024\/06\/1717939405817.jpg 1600w\" sizes=\"auto, (max-width: 1024px) 100vw, 1024px\" \/><\/figure>\n\n\n\n<figure class=\"wp-block-image size-large\"><img loading=\"lazy\" decoding=\"async\" width=\"1024\" height=\"768\" data-id=\"4153\" src=\"https:\/\/grundschule-fasanenhof.de\/wp-content\/uploads\/2024\/06\/1717939405853-1024x768.jpg\" alt=\"\" class=\"wp-image-4153\" srcset=\"https:\/\/grundschule-fasanenhof.de\/wp-content\/uploads\/2024\/06\/1717939405853-1024x768.jpg 1024w, https:\/\/grundschule-fasanenhof.de\/wp-content\/uploads\/2024\/06\/1717939405853-300x225.jpg 300w, https:\/\/grundschule-fasanenhof.de\/wp-content\/uploads\/2024\/06\/1717939405853-768x576.jpg 768w, https:\/\/grundschule-fasanenhof.de\/wp-content\/uploads\/2024\/06\/1717939405853-1536x1152.jpg 1536w, https:\/\/grundschule-fasanenhof.de\/wp-content\/uploads\/2024\/06\/1717939405853.jpg 1600w\" sizes=\"auto, (max-width: 1024px) 100vw, 1024px\" \/><\/figure>\n\n\n\n<figure class=\"wp-block-image size-large\"><img loading=\"lazy\" decoding=\"async\" width=\"1024\" height=\"768\" data-id=\"4154\" src=\"https:\/\/grundschule-fasanenhof.de\/wp-content\/uploads\/2024\/06\/1717939435387-1024x768.jpg\" alt=\"\" class=\"wp-image-4154\" srcset=\"https:\/\/grundschule-fasanenhof.de\/wp-content\/uploads\/2024\/06\/1717939435387-1024x768.jpg 1024w, https:\/\/grundschule-fasanenhof.de\/wp-content\/uploads\/2024\/06\/1717939435387-300x225.jpg 300w, https:\/\/grundschule-fasanenhof.de\/wp-content\/uploads\/2024\/06\/1717939435387-768x576.jpg 768w, https:\/\/grundschule-fasanenhof.de\/wp-content\/uploads\/2024\/06\/1717939435387-1536x1152.jpg 1536w, https:\/\/grundschule-fasanenhof.de\/wp-content\/uploads\/2024\/06\/1717939435387.jpg 1600w\" sizes=\"auto, (max-width: 1024px) 100vw, 1024px\" \/><\/figure>\n\n\n\n<figure class=\"wp-block-image size-large\"><img loading=\"lazy\" decoding=\"async\" width=\"768\" height=\"1024\" data-id=\"4155\" src=\"https:\/\/grundschule-fasanenhof.de\/wp-content\/uploads\/2024\/06\/1717939435398-768x1024.jpg\" alt=\"\" class=\"wp-image-4155\" srcset=\"https:\/\/grundschule-fasanenhof.de\/wp-content\/uploads\/2024\/06\/1717939435398-768x1024.jpg 768w, https:\/\/grundschule-fasanenhof.de\/wp-content\/uploads\/2024\/06\/1717939435398-225x300.jpg 225w, https:\/\/grundschule-fasanenhof.de\/wp-content\/uploads\/2024\/06\/1717939435398-1152x1536.jpg 1152w, https:\/\/grundschule-fasanenhof.de\/wp-content\/uploads\/2024\/06\/1717939435398.jpg 1200w\" sizes=\"auto, (max-width: 768px) 100vw, 768px\" \/><\/figure>\n\n\n\n<figure class=\"wp-block-image size-large\"><img loading=\"lazy\" decoding=\"async\" width=\"768\" height=\"1024\" data-id=\"4151\" src=\"https:\/\/grundschule-fasanenhof.de\/wp-content\/uploads\/2024\/06\/1717939435408-768x1024.jpg\" alt=\"\" class=\"wp-image-4151\" srcset=\"https:\/\/grundschule-fasanenhof.de\/wp-content\/uploads\/2024\/06\/1717939435408-768x1024.jpg 768w, https:\/\/grundschule-fasanenhof.de\/wp-content\/uploads\/2024\/06\/1717939435408-225x300.jpg 225w, https:\/\/grundschule-fasanenhof.de\/wp-content\/uploads\/2024\/06\/1717939435408-1152x1536.jpg 1152w, https:\/\/grundschule-fasanenhof.de\/wp-content\/uploads\/2024\/06\/1717939435408.jpg 1200w\" sizes=\"auto, (max-width: 768px) 100vw, 768px\" \/><\/figure>\n\n\n\n<figure class=\"wp-block-image size-large\"><img loading=\"lazy\" decoding=\"async\" width=\"1024\" height=\"768\" data-id=\"4152\" src=\"https:\/\/grundschule-fasanenhof.de\/wp-content\/uploads\/2024\/06\/1717939467131-1024x768.jpg\" alt=\"\" class=\"wp-image-4152\" srcset=\"https:\/\/grundschule-fasanenhof.de\/wp-content\/uploads\/2024\/06\/1717939467131-1024x768.jpg 1024w, https:\/\/grundschule-fasanenhof.de\/wp-content\/uploads\/2024\/06\/1717939467131-300x225.jpg 300w, https:\/\/grundschule-fasanenhof.de\/wp-content\/uploads\/2024\/06\/1717939467131-768x576.jpg 768w, https:\/\/grundschule-fasanenhof.de\/wp-content\/uploads\/2024\/06\/1717939467131-1536x1152.jpg 1536w, https:\/\/grundschule-fasanenhof.de\/wp-content\/uploads\/2024\/06\/1717939467131.jpg 1600w\" sizes=\"auto, (max-width: 1024px) 100vw, 1024px\" \/><\/figure>\n\n\n\n<figure class=\"wp-block-image size-large\"><img loading=\"lazy\" decoding=\"async\" width=\"1024\" height=\"576\" data-id=\"4157\" src=\"https:\/\/grundschule-fasanenhof.de\/wp-content\/uploads\/2024\/06\/1717939467170-1024x576.jpg\" alt=\"\" class=\"wp-image-4157\" srcset=\"https:\/\/grundschule-fasanenhof.de\/wp-content\/uploads\/2024\/06\/1717939467170-1024x576.jpg 1024w, https:\/\/grundschule-fasanenhof.de\/wp-content\/uploads\/2024\/06\/1717939467170-300x169.jpg 300w, https:\/\/grundschule-fasanenhof.de\/wp-content\/uploads\/2024\/06\/1717939467170-768x432.jpg 768w, https:\/\/grundschule-fasanenhof.de\/wp-content\/uploads\/2024\/06\/1717939467170-1536x864.jpg 1536w, https:\/\/grundschule-fasanenhof.de\/wp-content\/uploads\/2024\/06\/1717939467170-2048x1152.jpg 2048w\" sizes=\"auto, (max-width: 1024px) 100vw, 1024px\" \/><\/figure>\n<\/figure>\n\n\n\n<p>Juni 2024 &#8211; Die Klasse 1b bei Faszination Schach<\/p>\n\n\n\n<figure class=\"wp-block-gallery has-nested-images columns-default is-cropped wp-block-gallery-25 is-layout-flex wp-block-gallery-is-layout-flex\">\n<figure class=\"wp-block-image size-large\"><img loading=\"lazy\" decoding=\"async\" width=\"1024\" height=\"768\" data-id=\"4142\" src=\"https:\/\/grundschule-fasanenhof.de\/wp-content\/uploads\/2024\/06\/IMG_20240604_092510-1024x768.jpg\" alt=\"\" class=\"wp-image-4142\" srcset=\"https:\/\/grundschule-fasanenhof.de\/wp-content\/uploads\/2024\/06\/IMG_20240604_092510-1024x768.jpg 1024w, https:\/\/grundschule-fasanenhof.de\/wp-content\/uploads\/2024\/06\/IMG_20240604_092510-300x225.jpg 300w, https:\/\/grundschule-fasanenhof.de\/wp-content\/uploads\/2024\/06\/IMG_20240604_092510-768x576.jpg 768w, https:\/\/grundschule-fasanenhof.de\/wp-content\/uploads\/2024\/06\/IMG_20240604_092510-1536x1152.jpg 1536w, https:\/\/grundschule-fasanenhof.de\/wp-content\/uploads\/2024\/06\/IMG_20240604_092510-2048x1536.jpg 2048w\" sizes=\"auto, (max-width: 1024px) 100vw, 1024px\" \/><\/figure>\n\n\n\n<figure class=\"wp-block-image size-large\"><img loading=\"lazy\" decoding=\"async\" width=\"1024\" height=\"768\" data-id=\"4144\" src=\"https:\/\/grundschule-fasanenhof.de\/wp-content\/uploads\/2024\/06\/IMG_20240604_092435-1024x768.jpg\" alt=\"\" class=\"wp-image-4144\" srcset=\"https:\/\/grundschule-fasanenhof.de\/wp-content\/uploads\/2024\/06\/IMG_20240604_092435-1024x768.jpg 1024w, https:\/\/grundschule-fasanenhof.de\/wp-content\/uploads\/2024\/06\/IMG_20240604_092435-300x225.jpg 300w, https:\/\/grundschule-fasanenhof.de\/wp-content\/uploads\/2024\/06\/IMG_20240604_092435-768x576.jpg 768w, https:\/\/grundschule-fasanenhof.de\/wp-content\/uploads\/2024\/06\/IMG_20240604_092435-1536x1152.jpg 1536w, https:\/\/grundschule-fasanenhof.de\/wp-content\/uploads\/2024\/06\/IMG_20240604_092435-2048x1536.jpg 2048w\" sizes=\"auto, (max-width: 1024px) 100vw, 1024px\" \/><\/figure>\n\n\n\n<figure class=\"wp-block-image size-large\"><img loading=\"lazy\" decoding=\"async\" width=\"768\" height=\"1024\" data-id=\"4143\" src=\"https:\/\/grundschule-fasanenhof.de\/wp-content\/uploads\/2024\/06\/IMG_20240604_101324-768x1024.jpg\" alt=\"\" class=\"wp-image-4143\" srcset=\"https:\/\/grundschule-fasanenhof.de\/wp-content\/uploads\/2024\/06\/IMG_20240604_101324-768x1024.jpg 768w, https:\/\/grundschule-fasanenhof.de\/wp-content\/uploads\/2024\/06\/IMG_20240604_101324-225x300.jpg 225w, https:\/\/grundschule-fasanenhof.de\/wp-content\/uploads\/2024\/06\/IMG_20240604_101324-1152x1536.jpg 1152w, https:\/\/grundschule-fasanenhof.de\/wp-content\/uploads\/2024\/06\/IMG_20240604_101324-1536x2048.jpg 1536w, https:\/\/grundschule-fasanenhof.de\/wp-content\/uploads\/2024\/06\/IMG_20240604_101324-scaled.jpg 1920w\" sizes=\"auto, (max-width: 768px) 100vw, 768px\" \/><\/figure>\n<\/figure>\n\n\n\n<p>Mai 2024 &#8211; Ich wandre ja so gerne: Die 3d besucht die L\u00f6wenburg<\/p>\n\n\n\n<figure class=\"wp-block-gallery has-nested-images columns-default is-cropped wp-block-gallery-26 is-layout-flex wp-block-gallery-is-layout-flex\">\n<figure class=\"wp-block-image size-large\"><img loading=\"lazy\" decoding=\"async\" width=\"768\" height=\"1024\" data-id=\"4123\" src=\"https:\/\/grundschule-fasanenhof.de\/wp-content\/uploads\/2024\/05\/1000025106-768x1024.jpg\" alt=\"\" class=\"wp-image-4123\" srcset=\"https:\/\/grundschule-fasanenhof.de\/wp-content\/uploads\/2024\/05\/1000025106-768x1024.jpg 768w, https:\/\/grundschule-fasanenhof.de\/wp-content\/uploads\/2024\/05\/1000025106-225x300.jpg 225w, https:\/\/grundschule-fasanenhof.de\/wp-content\/uploads\/2024\/05\/1000025106-1152x1536.jpg 1152w, https:\/\/grundschule-fasanenhof.de\/wp-content\/uploads\/2024\/05\/1000025106-1536x2048.jpg 1536w, https:\/\/grundschule-fasanenhof.de\/wp-content\/uploads\/2024\/05\/1000025106-scaled.jpg 1920w\" sizes=\"auto, (max-width: 768px) 100vw, 768px\" \/><\/figure>\n\n\n\n<figure class=\"wp-block-image size-large\"><img loading=\"lazy\" decoding=\"async\" width=\"1024\" height=\"768\" data-id=\"4126\" src=\"https:\/\/grundschule-fasanenhof.de\/wp-content\/uploads\/2024\/05\/1000025130-1024x768.jpg\" alt=\"\" class=\"wp-image-4126\" srcset=\"https:\/\/grundschule-fasanenhof.de\/wp-content\/uploads\/2024\/05\/1000025130-1024x768.jpg 1024w, https:\/\/grundschule-fasanenhof.de\/wp-content\/uploads\/2024\/05\/1000025130-300x225.jpg 300w, https:\/\/grundschule-fasanenhof.de\/wp-content\/uploads\/2024\/05\/1000025130-768x576.jpg 768w, https:\/\/grundschule-fasanenhof.de\/wp-content\/uploads\/2024\/05\/1000025130-1536x1152.jpg 1536w, https:\/\/grundschule-fasanenhof.de\/wp-content\/uploads\/2024\/05\/1000025130-2048x1536.jpg 2048w\" sizes=\"auto, (max-width: 1024px) 100vw, 1024px\" \/><\/figure>\n\n\n\n<figure class=\"wp-block-image size-large\"><img loading=\"lazy\" decoding=\"async\" width=\"768\" height=\"1024\" data-id=\"4127\" src=\"https:\/\/grundschule-fasanenhof.de\/wp-content\/uploads\/2024\/05\/1000025120-768x1024.jpg\" alt=\"\" class=\"wp-image-4127\" srcset=\"https:\/\/grundschule-fasanenhof.de\/wp-content\/uploads\/2024\/05\/1000025120-768x1024.jpg 768w, https:\/\/grundschule-fasanenhof.de\/wp-content\/uploads\/2024\/05\/1000025120-225x300.jpg 225w, https:\/\/grundschule-fasanenhof.de\/wp-content\/uploads\/2024\/05\/1000025120-1152x1536.jpg 1152w, https:\/\/grundschule-fasanenhof.de\/wp-content\/uploads\/2024\/05\/1000025120-1536x2048.jpg 1536w, https:\/\/grundschule-fasanenhof.de\/wp-content\/uploads\/2024\/05\/1000025120-scaled.jpg 1920w\" sizes=\"auto, (max-width: 768px) 100vw, 768px\" \/><\/figure>\n\n\n\n<figure class=\"wp-block-image size-large\"><img loading=\"lazy\" decoding=\"async\" width=\"1024\" height=\"768\" data-id=\"4128\" src=\"https:\/\/grundschule-fasanenhof.de\/wp-content\/uploads\/2024\/05\/1000025132-1024x768.jpg\" alt=\"\" class=\"wp-image-4128\" srcset=\"https:\/\/grundschule-fasanenhof.de\/wp-content\/uploads\/2024\/05\/1000025132-1024x768.jpg 1024w, https:\/\/grundschule-fasanenhof.de\/wp-content\/uploads\/2024\/05\/1000025132-300x225.jpg 300w, https:\/\/grundschule-fasanenhof.de\/wp-content\/uploads\/2024\/05\/1000025132-768x576.jpg 768w, https:\/\/grundschule-fasanenhof.de\/wp-content\/uploads\/2024\/05\/1000025132-1536x1152.jpg 1536w, https:\/\/grundschule-fasanenhof.de\/wp-content\/uploads\/2024\/05\/1000025132-2048x1536.jpg 2048w\" sizes=\"auto, (max-width: 1024px) 100vw, 1024px\" \/><\/figure>\n\n\n\n<figure class=\"wp-block-image size-large\"><img loading=\"lazy\" decoding=\"async\" width=\"768\" height=\"1024\" data-id=\"4130\" src=\"https:\/\/grundschule-fasanenhof.de\/wp-content\/uploads\/2024\/05\/1000025134-768x1024.jpg\" alt=\"\" class=\"wp-image-4130\" srcset=\"https:\/\/grundschule-fasanenhof.de\/wp-content\/uploads\/2024\/05\/1000025134-768x1024.jpg 768w, https:\/\/grundschule-fasanenhof.de\/wp-content\/uploads\/2024\/05\/1000025134-225x300.jpg 225w, https:\/\/grundschule-fasanenhof.de\/wp-content\/uploads\/2024\/05\/1000025134-1152x1536.jpg 1152w, https:\/\/grundschule-fasanenhof.de\/wp-content\/uploads\/2024\/05\/1000025134-1536x2048.jpg 1536w, https:\/\/grundschule-fasanenhof.de\/wp-content\/uploads\/2024\/05\/1000025134-scaled.jpg 1920w\" sizes=\"auto, (max-width: 768px) 100vw, 768px\" \/><\/figure>\n\n\n\n<figure class=\"wp-block-image size-large\"><img loading=\"lazy\" decoding=\"async\" width=\"768\" height=\"1024\" data-id=\"4129\" src=\"https:\/\/grundschule-fasanenhof.de\/wp-content\/uploads\/2024\/05\/1000025124-768x1024.jpg\" alt=\"\" class=\"wp-image-4129\" srcset=\"https:\/\/grundschule-fasanenhof.de\/wp-content\/uploads\/2024\/05\/1000025124-768x1024.jpg 768w, https:\/\/grundschule-fasanenhof.de\/wp-content\/uploads\/2024\/05\/1000025124-225x300.jpg 225w, https:\/\/grundschule-fasanenhof.de\/wp-content\/uploads\/2024\/05\/1000025124-1152x1536.jpg 1152w, https:\/\/grundschule-fasanenhof.de\/wp-content\/uploads\/2024\/05\/1000025124-1536x2048.jpg 1536w, https:\/\/grundschule-fasanenhof.de\/wp-content\/uploads\/2024\/05\/1000025124-scaled.jpg 1920w\" sizes=\"auto, (max-width: 768px) 100vw, 768px\" \/><\/figure>\n<\/figure>\n\n\n\n<p>Mai 2024 &#8211; Wir k\u00fcren die Sieger des Projekts &#8222;Zu Fu\u00df zur Schule&#8220;<\/p>\n\n\n\n<figure class=\"wp-block-image size-large\"><img loading=\"lazy\" decoding=\"async\" width=\"1024\" height=\"586\" src=\"https:\/\/grundschule-fasanenhof.de\/wp-content\/uploads\/2024\/05\/kkk-1-1024x586.jpg\" alt=\"\" class=\"wp-image-4109\" srcset=\"https:\/\/grundschule-fasanenhof.de\/wp-content\/uploads\/2024\/05\/kkk-1-1024x586.jpg 1024w, https:\/\/grundschule-fasanenhof.de\/wp-content\/uploads\/2024\/05\/kkk-1-300x172.jpg 300w, https:\/\/grundschule-fasanenhof.de\/wp-content\/uploads\/2024\/05\/kkk-1-768x440.jpg 768w, https:\/\/grundschule-fasanenhof.de\/wp-content\/uploads\/2024\/05\/kkk-1-1536x880.jpg 1536w, https:\/\/grundschule-fasanenhof.de\/wp-content\/uploads\/2024\/05\/kkk-1-2048x1173.jpg 2048w\" sizes=\"auto, (max-width: 1024px) 100vw, 1024px\" \/><\/figure>\n\n\n\n<p>Februar 2024 &#8211; Das p\u00e4dagogische Personal bildet sich im Rahmen eines erste Hilfe-Kurses weiter<\/p>\n\n\n\n<figure class=\"wp-block-gallery has-nested-images columns-default is-cropped wp-block-gallery-27 is-layout-flex wp-block-gallery-is-layout-flex\">\n<figure class=\"wp-block-image size-large\"><img loading=\"lazy\" decoding=\"async\" width=\"576\" height=\"1024\" data-id=\"3893\" src=\"https:\/\/grundschule-fasanenhof.de\/wp-content\/uploads\/2024\/02\/IMG_20240125_155114-576x1024.jpg\" alt=\"\" class=\"wp-image-3893\" srcset=\"https:\/\/grundschule-fasanenhof.de\/wp-content\/uploads\/2024\/02\/IMG_20240125_155114-576x1024.jpg 576w, https:\/\/grundschule-fasanenhof.de\/wp-content\/uploads\/2024\/02\/IMG_20240125_155114-169x300.jpg 169w, https:\/\/grundschule-fasanenhof.de\/wp-content\/uploads\/2024\/02\/IMG_20240125_155114-768x1366.jpg 768w, https:\/\/grundschule-fasanenhof.de\/wp-content\/uploads\/2024\/02\/IMG_20240125_155114-864x1536.jpg 864w, https:\/\/grundschule-fasanenhof.de\/wp-content\/uploads\/2024\/02\/IMG_20240125_155114-1152x2048.jpg 1152w, https:\/\/grundschule-fasanenhof.de\/wp-content\/uploads\/2024\/02\/IMG_20240125_155114-scaled.jpg 1439w\" sizes=\"auto, (max-width: 576px) 100vw, 576px\" \/><\/figure>\n\n\n\n<figure class=\"wp-block-image size-large\"><img loading=\"lazy\" decoding=\"async\" width=\"576\" height=\"1024\" data-id=\"3890\" src=\"https:\/\/grundschule-fasanenhof.de\/wp-content\/uploads\/2024\/02\/IMG_20240125_173330-576x1024.jpg\" alt=\"\" class=\"wp-image-3890\" srcset=\"https:\/\/grundschule-fasanenhof.de\/wp-content\/uploads\/2024\/02\/IMG_20240125_173330-576x1024.jpg 576w, https:\/\/grundschule-fasanenhof.de\/wp-content\/uploads\/2024\/02\/IMG_20240125_173330-169x300.jpg 169w, https:\/\/grundschule-fasanenhof.de\/wp-content\/uploads\/2024\/02\/IMG_20240125_173330-768x1366.jpg 768w, https:\/\/grundschule-fasanenhof.de\/wp-content\/uploads\/2024\/02\/IMG_20240125_173330-864x1536.jpg 864w, https:\/\/grundschule-fasanenhof.de\/wp-content\/uploads\/2024\/02\/IMG_20240125_173330-1152x2048.jpg 1152w, https:\/\/grundschule-fasanenhof.de\/wp-content\/uploads\/2024\/02\/IMG_20240125_173330-scaled.jpg 1439w\" sizes=\"auto, (max-width: 576px) 100vw, 576px\" \/><\/figure>\n\n\n\n<figure class=\"wp-block-image size-large\"><img loading=\"lazy\" decoding=\"async\" width=\"576\" height=\"1024\" data-id=\"3892\" src=\"https:\/\/grundschule-fasanenhof.de\/wp-content\/uploads\/2024\/02\/IMG_20240201_161254-576x1024.jpg\" alt=\"\" class=\"wp-image-3892\" srcset=\"https:\/\/grundschule-fasanenhof.de\/wp-content\/uploads\/2024\/02\/IMG_20240201_161254-576x1024.jpg 576w, https:\/\/grundschule-fasanenhof.de\/wp-content\/uploads\/2024\/02\/IMG_20240201_161254-169x300.jpg 169w, https:\/\/grundschule-fasanenhof.de\/wp-content\/uploads\/2024\/02\/IMG_20240201_161254-768x1366.jpg 768w, https:\/\/grundschule-fasanenhof.de\/wp-content\/uploads\/2024\/02\/IMG_20240201_161254-864x1536.jpg 864w, https:\/\/grundschule-fasanenhof.de\/wp-content\/uploads\/2024\/02\/IMG_20240201_161254-1152x2048.jpg 1152w, https:\/\/grundschule-fasanenhof.de\/wp-content\/uploads\/2024\/02\/IMG_20240201_161254-scaled.jpg 1439w\" sizes=\"auto, (max-width: 576px) 100vw, 576px\" \/><\/figure>\n\n\n\n<figure class=\"wp-block-image size-large\"><img loading=\"lazy\" decoding=\"async\" width=\"576\" height=\"1024\" data-id=\"3891\" src=\"https:\/\/grundschule-fasanenhof.de\/wp-content\/uploads\/2024\/02\/IMG_20240201_161327-576x1024.jpg\" alt=\"\" class=\"wp-image-3891\" srcset=\"https:\/\/grundschule-fasanenhof.de\/wp-content\/uploads\/2024\/02\/IMG_20240201_161327-576x1024.jpg 576w, https:\/\/grundschule-fasanenhof.de\/wp-content\/uploads\/2024\/02\/IMG_20240201_161327-169x300.jpg 169w, https:\/\/grundschule-fasanenhof.de\/wp-content\/uploads\/2024\/02\/IMG_20240201_161327-768x1366.jpg 768w, https:\/\/grundschule-fasanenhof.de\/wp-content\/uploads\/2024\/02\/IMG_20240201_161327-864x1536.jpg 864w, https:\/\/grundschule-fasanenhof.de\/wp-content\/uploads\/2024\/02\/IMG_20240201_161327-1152x2048.jpg 1152w, https:\/\/grundschule-fasanenhof.de\/wp-content\/uploads\/2024\/02\/IMG_20240201_161327-scaled.jpg 1439w\" sizes=\"auto, (max-width: 576px) 100vw, 576px\" \/><\/figure>\n\n\n\n<figure class=\"wp-block-image size-large\"><img loading=\"lazy\" decoding=\"async\" width=\"576\" height=\"1024\" data-id=\"3889\" src=\"https:\/\/grundschule-fasanenhof.de\/wp-content\/uploads\/2024\/02\/IMG_20240201_170450-576x1024.jpg\" alt=\"\" class=\"wp-image-3889\" srcset=\"https:\/\/grundschule-fasanenhof.de\/wp-content\/uploads\/2024\/02\/IMG_20240201_170450-576x1024.jpg 576w, https:\/\/grundschule-fasanenhof.de\/wp-content\/uploads\/2024\/02\/IMG_20240201_170450-169x300.jpg 169w, https:\/\/grundschule-fasanenhof.de\/wp-content\/uploads\/2024\/02\/IMG_20240201_170450-768x1366.jpg 768w, https:\/\/grundschule-fasanenhof.de\/wp-content\/uploads\/2024\/02\/IMG_20240201_170450-864x1536.jpg 864w, https:\/\/grundschule-fasanenhof.de\/wp-content\/uploads\/2024\/02\/IMG_20240201_170450-1152x2048.jpg 1152w, https:\/\/grundschule-fasanenhof.de\/wp-content\/uploads\/2024\/02\/IMG_20240201_170450-scaled.jpg 1439w\" sizes=\"auto, (max-width: 576px) 100vw, 576px\" \/><\/figure>\n<\/figure>\n\n\n\n<p>Oktober 2023 &#8211; Die Klasse 4c pflanzt den Baum des Jahres<\/p>\n\n\n\n<figure class=\"wp-block-image size-large\"><img loading=\"lazy\" decoding=\"async\" width=\"975\" height=\"1024\" src=\"https:\/\/grundschule-fasanenhof.de\/wp-content\/uploads\/2023\/11\/1000016192-975x1024.jpg\" alt=\"\" class=\"wp-image-3778\" srcset=\"https:\/\/grundschule-fasanenhof.de\/wp-content\/uploads\/2023\/11\/1000016192-975x1024.jpg 975w, https:\/\/grundschule-fasanenhof.de\/wp-content\/uploads\/2023\/11\/1000016192-286x300.jpg 286w, https:\/\/grundschule-fasanenhof.de\/wp-content\/uploads\/2023\/11\/1000016192-768x807.jpg 768w, https:\/\/grundschule-fasanenhof.de\/wp-content\/uploads\/2023\/11\/1000016192.jpg 1187w\" sizes=\"auto, (max-width: 975px) 100vw, 975px\" \/><\/figure>\n\n\n\n<p>Oktober 2023 &#8211; Jetzt wirds sportlich: Der Bewegungscheck in Klasse 3<\/p>\n\n\n\n<figure class=\"wp-block-gallery has-nested-images columns-default is-cropped wp-block-gallery-28 is-layout-flex wp-block-gallery-is-layout-flex\">\n<figure class=\"wp-block-image size-large\"><img loading=\"lazy\" decoding=\"async\" width=\"1024\" height=\"768\" data-id=\"3727\" src=\"https:\/\/grundschule-fasanenhof.de\/wp-content\/uploads\/2023\/10\/IMG_7131-1024x768.jpg\" alt=\"\" class=\"wp-image-3727\" srcset=\"https:\/\/grundschule-fasanenhof.de\/wp-content\/uploads\/2023\/10\/IMG_7131-1024x768.jpg 1024w, https:\/\/grundschule-fasanenhof.de\/wp-content\/uploads\/2023\/10\/IMG_7131-300x225.jpg 300w, https:\/\/grundschule-fasanenhof.de\/wp-content\/uploads\/2023\/10\/IMG_7131-768x576.jpg 768w, https:\/\/grundschule-fasanenhof.de\/wp-content\/uploads\/2023\/10\/IMG_7131-1536x1152.jpg 1536w, https:\/\/grundschule-fasanenhof.de\/wp-content\/uploads\/2023\/10\/IMG_7131.jpg 2016w\" sizes=\"auto, (max-width: 1024px) 100vw, 1024px\" \/><\/figure>\n\n\n\n<figure class=\"wp-block-image size-large\"><img loading=\"lazy\" decoding=\"async\" width=\"1024\" height=\"768\" data-id=\"3726\" src=\"https:\/\/grundschule-fasanenhof.de\/wp-content\/uploads\/2023\/10\/IMG_7129-1024x768.jpg\" alt=\"\" class=\"wp-image-3726\" srcset=\"https:\/\/grundschule-fasanenhof.de\/wp-content\/uploads\/2023\/10\/IMG_7129-1024x768.jpg 1024w, https:\/\/grundschule-fasanenhof.de\/wp-content\/uploads\/2023\/10\/IMG_7129-300x225.jpg 300w, https:\/\/grundschule-fasanenhof.de\/wp-content\/uploads\/2023\/10\/IMG_7129-768x576.jpg 768w, https:\/\/grundschule-fasanenhof.de\/wp-content\/uploads\/2023\/10\/IMG_7129-1536x1152.jpg 1536w, https:\/\/grundschule-fasanenhof.de\/wp-content\/uploads\/2023\/10\/IMG_7129.jpg 2016w\" sizes=\"auto, (max-width: 1024px) 100vw, 1024px\" \/><\/figure>\n\n\n\n<figure class=\"wp-block-image size-large\"><img loading=\"lazy\" decoding=\"async\" width=\"1024\" height=\"768\" data-id=\"3725\" src=\"https:\/\/grundschule-fasanenhof.de\/wp-content\/uploads\/2023\/10\/IMG_7128-1024x768.jpg\" alt=\"\" class=\"wp-image-3725\" srcset=\"https:\/\/grundschule-fasanenhof.de\/wp-content\/uploads\/2023\/10\/IMG_7128-1024x768.jpg 1024w, https:\/\/grundschule-fasanenhof.de\/wp-content\/uploads\/2023\/10\/IMG_7128-300x225.jpg 300w, https:\/\/grundschule-fasanenhof.de\/wp-content\/uploads\/2023\/10\/IMG_7128-768x576.jpg 768w, https:\/\/grundschule-fasanenhof.de\/wp-content\/uploads\/2023\/10\/IMG_7128-1536x1152.jpg 1536w, https:\/\/grundschule-fasanenhof.de\/wp-content\/uploads\/2023\/10\/IMG_7128.jpg 2016w\" sizes=\"auto, (max-width: 1024px) 100vw, 1024px\" \/><\/figure>\n\n\n\n<figure class=\"wp-block-image size-large\"><img loading=\"lazy\" decoding=\"async\" width=\"1024\" height=\"768\" data-id=\"3724\" src=\"https:\/\/grundschule-fasanenhof.de\/wp-content\/uploads\/2023\/10\/IMG_7127-1-1024x768.jpg\" alt=\"\" class=\"wp-image-3724\" srcset=\"https:\/\/grundschule-fasanenhof.de\/wp-content\/uploads\/2023\/10\/IMG_7127-1-1024x768.jpg 1024w, https:\/\/grundschule-fasanenhof.de\/wp-content\/uploads\/2023\/10\/IMG_7127-1-300x225.jpg 300w, https:\/\/grundschule-fasanenhof.de\/wp-content\/uploads\/2023\/10\/IMG_7127-1-768x576.jpg 768w, https:\/\/grundschule-fasanenhof.de\/wp-content\/uploads\/2023\/10\/IMG_7127-1-1536x1152.jpg 1536w, https:\/\/grundschule-fasanenhof.de\/wp-content\/uploads\/2023\/10\/IMG_7127-1.jpg 2016w\" sizes=\"auto, (max-width: 1024px) 100vw, 1024px\" \/><\/figure>\n<\/figure>\n\n\n\n<p><p>September 2023 Unsere flei\u00dfigen L\u00e4ufer vom Kassel-Marathon<\/p> <p><a href=\"https:\/\/grundschule-fasanenhof.de\/wp-content\/uploads\/2022\/09\/IMG_1875-scaled.jpg\"><img loading=\"lazy\" decoding=\"async\" width=\"300\" height=\"225\" class=\"alignnone size-medium wp-image-3670\" src=\"https:\/\/grundschule-fasanenhof.de\/wp-content\/uploads\/2022\/09\/IMG_1875-300x225.jpg\" alt=\"\" srcset=\"https:\/\/grundschule-fasanenhof.de\/wp-content\/uploads\/2022\/09\/IMG_1875-300x225.jpg 300w, https:\/\/grundschule-fasanenhof.de\/wp-content\/uploads\/2022\/09\/IMG_1875-1024x768.jpg 1024w, https:\/\/grundschule-fasanenhof.de\/wp-content\/uploads\/2022\/09\/IMG_1875-768x576.jpg 768w, https:\/\/grundschule-fasanenhof.de\/wp-content\/uploads\/2022\/09\/IMG_1875-1536x1152.jpg 1536w, https:\/\/grundschule-fasanenhof.de\/wp-content\/uploads\/2022\/09\/IMG_1875-2048x1536.jpg 2048w\" sizes=\"auto, (max-width: 300px) 100vw, 300px\" \/><\/a> <a href=\"https:\/\/grundschule-fasanenhof.de\/wp-content\/uploads\/2022\/09\/IMG_1863-1-scaled.jpg\"><img loading=\"lazy\" decoding=\"async\" width=\"300\" height=\"225\" class=\"alignnone size-medium wp-image-3672\" src=\"https:\/\/grundschule-fasanenhof.de\/wp-content\/uploads\/2022\/09\/IMG_1863-1-300x225.jpg\" alt=\"\" srcset=\"https:\/\/grundschule-fasanenhof.de\/wp-content\/uploads\/2022\/09\/IMG_1863-1-300x225.jpg 300w, https:\/\/grundschule-fasanenhof.de\/wp-content\/uploads\/2022\/09\/IMG_1863-1-1024x768.jpg 1024w, https:\/\/grundschule-fasanenhof.de\/wp-content\/uploads\/2022\/09\/IMG_1863-1-768x576.jpg 768w, https:\/\/grundschule-fasanenhof.de\/wp-content\/uploads\/2022\/09\/IMG_1863-1-1536x1152.jpg 1536w, https:\/\/grundschule-fasanenhof.de\/wp-content\/uploads\/2022\/09\/IMG_1863-1-2048x1536.jpg 2048w\" sizes=\"auto, (max-width: 300px) 100vw, 300px\" \/><\/a> <a href=\"https:\/\/grundschule-fasanenhof.de\/wp-content\/uploads\/2022\/09\/IMG_1865-1-scaled.jpg\"><img loading=\"lazy\" decoding=\"async\" width=\"300\" height=\"225\" class=\"alignnone size-medium wp-image-3673\" src=\"https:\/\/grundschule-fasanenhof.de\/wp-content\/uploads\/2022\/09\/IMG_1865-1-300x225.jpg\" alt=\"\" srcset=\"https:\/\/grundschule-fasanenhof.de\/wp-content\/uploads\/2022\/09\/IMG_1865-1-300x225.jpg 300w, https:\/\/grundschule-fasanenhof.de\/wp-content\/uploads\/2022\/09\/IMG_1865-1-1024x768.jpg 1024w, https:\/\/grundschule-fasanenhof.de\/wp-content\/uploads\/2022\/09\/IMG_1865-1-768x576.jpg 768w, https:\/\/grundschule-fasanenhof.de\/wp-content\/uploads\/2022\/09\/IMG_1865-1-1536x1152.jpg 1536w, https:\/\/grundschule-fasanenhof.de\/wp-content\/uploads\/2022\/09\/IMG_1865-1-2048x1536.jpg 2048w\" sizes=\"auto, (max-width: 300px) 100vw, 300px\" \/><\/a> <a href=\"https:\/\/grundschule-fasanenhof.de\/wp-content\/uploads\/2022\/09\/IMG_1868-1-scaled.jpg\"><img loading=\"lazy\" decoding=\"async\" width=\"300\" height=\"225\" class=\"alignnone size-medium wp-image-3674\" src=\"https:\/\/grundschule-fasanenhof.de\/wp-content\/uploads\/2022\/09\/IMG_1868-1-300x225.jpg\" alt=\"\" srcset=\"https:\/\/grundschule-fasanenhof.de\/wp-content\/uploads\/2022\/09\/IMG_1868-1-300x225.jpg 300w, https:\/\/grundschule-fasanenhof.de\/wp-content\/uploads\/2022\/09\/IMG_1868-1-1024x768.jpg 1024w, https:\/\/grundschule-fasanenhof.de\/wp-content\/uploads\/2022\/09\/IMG_1868-1-768x576.jpg 768w, https:\/\/grundschule-fasanenhof.de\/wp-content\/uploads\/2022\/09\/IMG_1868-1-1536x1152.jpg 1536w, https:\/\/grundschule-fasanenhof.de\/wp-content\/uploads\/2022\/09\/IMG_1868-1-2048x1536.jpg 2048w\" sizes=\"auto, (max-width: 300px) 100vw, 300px\" \/><\/a> <a href=\"https:\/\/grundschule-fasanenhof.de\/wp-content\/uploads\/2022\/09\/IMG_6887-1.jpg\"><img loading=\"lazy\" decoding=\"async\" width=\"300\" height=\"225\" class=\"alignnone size-medium wp-image-3676\" src=\"https:\/\/grundschule-fasanenhof.de\/wp-content\/uploads\/2022\/09\/IMG_6887-1-300x225.jpg\" alt=\"\" srcset=\"https:\/\/grundschule-fasanenhof.de\/wp-content\/uploads\/2022\/09\/IMG_6887-1-300x225.jpg 300w, https:\/\/grundschule-fasanenhof.de\/wp-content\/uploads\/2022\/09\/IMG_6887-1.jpg 640w\" sizes=\"auto, (max-width: 300px) 100vw, 300px\" \/><\/a><\/p> <p>Juli 2023 Die ganze Schule steht Spalier zur Verabschiedung unserer Viertkl\u00e4ssler<\/p> <p><a href=\"https:\/\/grundschule-fasanenhof.de\/wp-content\/uploads\/2022\/09\/IMG_5084.jpg\"><img loading=\"lazy\" decoding=\"async\" width=\"300\" height=\"225\" class=\"alignnone size-medium wp-image-3596\" src=\"https:\/\/grundschule-fasanenhof.de\/wp-content\/uploads\/2022\/09\/IMG_5084-300x225.jpg\" alt=\"\" srcset=\"https:\/\/grundschule-fasanenhof.de\/wp-content\/uploads\/2022\/09\/IMG_5084-300x225.jpg 300w, https:\/\/grundschule-fasanenhof.de\/wp-content\/uploads\/2022\/09\/IMG_5084.jpg 640w\" sizes=\"auto, (max-width: 300px) 100vw, 300px\" \/><\/a> <a href=\"https:\/\/grundschule-fasanenhof.de\/wp-content\/uploads\/2022\/09\/IMG_5087.jpg\"><img loading=\"lazy\" decoding=\"async\" width=\"300\" height=\"225\" class=\"alignnone size-medium wp-image-3597\" src=\"https:\/\/grundschule-fasanenhof.de\/wp-content\/uploads\/2022\/09\/IMG_5087-300x225.jpg\" alt=\"\" srcset=\"https:\/\/grundschule-fasanenhof.de\/wp-content\/uploads\/2022\/09\/IMG_5087-300x225.jpg 300w, https:\/\/grundschule-fasanenhof.de\/wp-content\/uploads\/2022\/09\/IMG_5087.jpg 640w\" sizes=\"auto, (max-width: 300px) 100vw, 300px\" \/><\/a><\/p> <p>Juli 2023 Sommerfest\u00a0<\/p> <p><a href=\"https:\/\/grundschule-fasanenhof.de\/wp-content\/uploads\/2022\/09\/2f61f891-11ad-4fd2-b5e4-969fe9900570.jpg\"><img loading=\"lazy\" decoding=\"async\" width=\"169\" height=\"300\" class=\"alignnone size-medium wp-image-3549\" src=\"https:\/\/grundschule-fasanenhof.de\/wp-content\/uploads\/2022\/09\/2f61f891-11ad-4fd2-b5e4-969fe9900570-169x300.jpg\" alt=\"\" srcset=\"https:\/\/grundschule-fasanenhof.de\/wp-content\/uploads\/2022\/09\/2f61f891-11ad-4fd2-b5e4-969fe9900570-169x300.jpg 169w, https:\/\/grundschule-fasanenhof.de\/wp-content\/uploads\/2022\/09\/2f61f891-11ad-4fd2-b5e4-969fe9900570-576x1024.jpg 576w, https:\/\/grundschule-fasanenhof.de\/wp-content\/uploads\/2022\/09\/2f61f891-11ad-4fd2-b5e4-969fe9900570-768x1365.jpg 768w, https:\/\/grundschule-fasanenhof.de\/wp-content\/uploads\/2022\/09\/2f61f891-11ad-4fd2-b5e4-969fe9900570-864x1536.jpg 864w, https:\/\/grundschule-fasanenhof.de\/wp-content\/uploads\/2022\/09\/2f61f891-11ad-4fd2-b5e4-969fe9900570.jpg 900w\" sizes=\"auto, (max-width: 169px) 100vw, 169px\" \/><\/a> <a href=\"https:\/\/grundschule-fasanenhof.de\/wp-content\/uploads\/2022\/09\/55bf697d-773f-4607-9ab9-d5490645f1a1.jpg\"><img loading=\"lazy\" decoding=\"async\" width=\"169\" height=\"300\" class=\"alignnone size-medium wp-image-3550\" src=\"https:\/\/grundschule-fasanenhof.de\/wp-content\/uploads\/2022\/09\/55bf697d-773f-4607-9ab9-d5490645f1a1-169x300.jpg\" alt=\"\" srcset=\"https:\/\/grundschule-fasanenhof.de\/wp-content\/uploads\/2022\/09\/55bf697d-773f-4607-9ab9-d5490645f1a1-169x300.jpg 169w, https:\/\/grundschule-fasanenhof.de\/wp-content\/uploads\/2022\/09\/55bf697d-773f-4607-9ab9-d5490645f1a1-576x1024.jpg 576w, https:\/\/grundschule-fasanenhof.de\/wp-content\/uploads\/2022\/09\/55bf697d-773f-4607-9ab9-d5490645f1a1-768x1365.jpg 768w, https:\/\/grundschule-fasanenhof.de\/wp-content\/uploads\/2022\/09\/55bf697d-773f-4607-9ab9-d5490645f1a1-864x1536.jpg 864w, https:\/\/grundschule-fasanenhof.de\/wp-content\/uploads\/2022\/09\/55bf697d-773f-4607-9ab9-d5490645f1a1.jpg 900w\" sizes=\"auto, (max-width: 169px) 100vw, 169px\" \/><\/a> <a href=\"https:\/\/grundschule-fasanenhof.de\/wp-content\/uploads\/2022\/09\/58a561c1-63b6-4498-906f-7979cf846f1a.jpg\"><img loading=\"lazy\" decoding=\"async\" width=\"169\" height=\"300\" class=\"alignnone size-medium wp-image-3551\" src=\"https:\/\/grundschule-fasanenhof.de\/wp-content\/uploads\/2022\/09\/58a561c1-63b6-4498-906f-7979cf846f1a-169x300.jpg\" alt=\"\" srcset=\"https:\/\/grundschule-fasanenhof.de\/wp-content\/uploads\/2022\/09\/58a561c1-63b6-4498-906f-7979cf846f1a-169x300.jpg 169w, https:\/\/grundschule-fasanenhof.de\/wp-content\/uploads\/2022\/09\/58a561c1-63b6-4498-906f-7979cf846f1a-576x1024.jpg 576w, https:\/\/grundschule-fasanenhof.de\/wp-content\/uploads\/2022\/09\/58a561c1-63b6-4498-906f-7979cf846f1a-768x1365.jpg 768w, https:\/\/grundschule-fasanenhof.de\/wp-content\/uploads\/2022\/09\/58a561c1-63b6-4498-906f-7979cf846f1a-864x1536.jpg 864w, https:\/\/grundschule-fasanenhof.de\/wp-content\/uploads\/2022\/09\/58a561c1-63b6-4498-906f-7979cf846f1a.jpg 900w\" sizes=\"auto, (max-width: 169px) 100vw, 169px\" \/><\/a> <a href=\"https:\/\/grundschule-fasanenhof.de\/wp-content\/uploads\/2022\/09\/ac1fa8b9-7dba-4675-b478-54f6a939daa9.jpg\"><img loading=\"lazy\" decoding=\"async\" width=\"300\" height=\"169\" class=\"alignnone size-medium wp-image-3552\" src=\"https:\/\/grundschule-fasanenhof.de\/wp-content\/uploads\/2022\/09\/ac1fa8b9-7dba-4675-b478-54f6a939daa9-300x169.jpg\" alt=\"\" srcset=\"https:\/\/grundschule-fasanenhof.de\/wp-content\/uploads\/2022\/09\/ac1fa8b9-7dba-4675-b478-54f6a939daa9-300x169.jpg 300w, https:\/\/grundschule-fasanenhof.de\/wp-content\/uploads\/2022\/09\/ac1fa8b9-7dba-4675-b478-54f6a939daa9-1024x576.jpg 1024w, https:\/\/grundschule-fasanenhof.de\/wp-content\/uploads\/2022\/09\/ac1fa8b9-7dba-4675-b478-54f6a939daa9-768x432.jpg 768w, https:\/\/grundschule-fasanenhof.de\/wp-content\/uploads\/2022\/09\/ac1fa8b9-7dba-4675-b478-54f6a939daa9-1536x864.jpg 1536w, https:\/\/grundschule-fasanenhof.de\/wp-content\/uploads\/2022\/09\/ac1fa8b9-7dba-4675-b478-54f6a939daa9-848x480.jpg 848w, https:\/\/grundschule-fasanenhof.de\/wp-content\/uploads\/2022\/09\/ac1fa8b9-7dba-4675-b478-54f6a939daa9.jpg 1600w\" sizes=\"auto, (max-width: 300px) 100vw, 300px\" \/><\/a> <a href=\"https:\/\/grundschule-fasanenhof.de\/wp-content\/uploads\/2022\/09\/bf7aca88-ead8-4e5c-bd28-0343188fdf6e.jpg\"><img loading=\"lazy\" decoding=\"async\" width=\"300\" height=\"169\" class=\"alignnone size-medium wp-image-3553\" src=\"https:\/\/grundschule-fasanenhof.de\/wp-content\/uploads\/2022\/09\/bf7aca88-ead8-4e5c-bd28-0343188fdf6e-300x169.jpg\" alt=\"\" srcset=\"https:\/\/grundschule-fasanenhof.de\/wp-content\/uploads\/2022\/09\/bf7aca88-ead8-4e5c-bd28-0343188fdf6e-300x169.jpg 300w, https:\/\/grundschule-fasanenhof.de\/wp-content\/uploads\/2022\/09\/bf7aca88-ead8-4e5c-bd28-0343188fdf6e-1024x576.jpg 1024w, https:\/\/grundschule-fasanenhof.de\/wp-content\/uploads\/2022\/09\/bf7aca88-ead8-4e5c-bd28-0343188fdf6e-768x432.jpg 768w, https:\/\/grundschule-fasanenhof.de\/wp-content\/uploads\/2022\/09\/bf7aca88-ead8-4e5c-bd28-0343188fdf6e-1536x864.jpg 1536w, https:\/\/grundschule-fasanenhof.de\/wp-content\/uploads\/2022\/09\/bf7aca88-ead8-4e5c-bd28-0343188fdf6e-848x480.jpg 848w, https:\/\/grundschule-fasanenhof.de\/wp-content\/uploads\/2022\/09\/bf7aca88-ead8-4e5c-bd28-0343188fdf6e.jpg 1600w\" sizes=\"auto, (max-width: 300px) 100vw, 300px\" \/><\/a> <a href=\"https:\/\/grundschule-fasanenhof.de\/wp-content\/uploads\/2022\/09\/IMG_4969.jpg\"><img loading=\"lazy\" decoding=\"async\" width=\"300\" height=\"225\" class=\"alignnone size-medium wp-image-3554\" src=\"https:\/\/grundschule-fasanenhof.de\/wp-content\/uploads\/2022\/09\/IMG_4969-300x225.jpg\" alt=\"\" srcset=\"https:\/\/grundschule-fasanenhof.de\/wp-content\/uploads\/2022\/09\/IMG_4969-300x225.jpg 300w, https:\/\/grundschule-fasanenhof.de\/wp-content\/uploads\/2022\/09\/IMG_4969-1024x768.jpg 1024w, https:\/\/grundschule-fasanenhof.de\/wp-content\/uploads\/2022\/09\/IMG_4969-768x576.jpg 768w, https:\/\/grundschule-fasanenhof.de\/wp-content\/uploads\/2022\/09\/IMG_4969-1536x1152.jpg 1536w, https:\/\/grundschule-fasanenhof.de\/wp-content\/uploads\/2022\/09\/IMG_4969.jpg 2016w\" sizes=\"auto, (max-width: 300px) 100vw, 300px\" \/><\/a> <a href=\"https:\/\/grundschule-fasanenhof.de\/wp-content\/uploads\/2022\/09\/IMG_4970.jpg\"><img loading=\"lazy\" decoding=\"async\" width=\"300\" height=\"225\" class=\"alignnone size-medium wp-image-3555\" src=\"https:\/\/grundschule-fasanenhof.de\/wp-content\/uploads\/2022\/09\/IMG_4970-300x225.jpg\" alt=\"\" srcset=\"https:\/\/grundschule-fasanenhof.de\/wp-content\/uploads\/2022\/09\/IMG_4970-300x225.jpg 300w, https:\/\/grundschule-fasanenhof.de\/wp-content\/uploads\/2022\/09\/IMG_4970-1024x768.jpg 1024w, https:\/\/grundschule-fasanenhof.de\/wp-content\/uploads\/2022\/09\/IMG_4970-768x576.jpg 768w, https:\/\/grundschule-fasanenhof.de\/wp-content\/uploads\/2022\/09\/IMG_4970-1536x1152.jpg 1536w, https:\/\/grundschule-fasanenhof.de\/wp-content\/uploads\/2022\/09\/IMG_4970.jpg 2016w\" sizes=\"auto, (max-width: 300px) 100vw, 300px\" \/><\/a> <a href=\"https:\/\/grundschule-fasanenhof.de\/wp-content\/uploads\/2022\/09\/IMG_4971.jpg\"><img loading=\"lazy\" decoding=\"async\" width=\"300\" height=\"225\" class=\"alignnone size-medium wp-image-3556\" src=\"https:\/\/grundschule-fasanenhof.de\/wp-content\/uploads\/2022\/09\/IMG_4971-300x225.jpg\" alt=\"\" srcset=\"https:\/\/grundschule-fasanenhof.de\/wp-content\/uploads\/2022\/09\/IMG_4971-300x225.jpg 300w, https:\/\/grundschule-fasanenhof.de\/wp-content\/uploads\/2022\/09\/IMG_4971-1024x768.jpg 1024w, https:\/\/grundschule-fasanenhof.de\/wp-content\/uploads\/2022\/09\/IMG_4971-768x576.jpg 768w, https:\/\/grundschule-fasanenhof.de\/wp-content\/uploads\/2022\/09\/IMG_4971-1536x1152.jpg 1536w, https:\/\/grundschule-fasanenhof.de\/wp-content\/uploads\/2022\/09\/IMG_4971.jpg 2016w\" sizes=\"auto, (max-width: 300px) 100vw, 300px\" \/><\/a> <a href=\"https:\/\/grundschule-fasanenhof.de\/wp-content\/uploads\/2022\/09\/IMG_4973.jpg\"><img loading=\"lazy\" decoding=\"async\" width=\"300\" height=\"225\" class=\"alignnone size-medium wp-image-3558\" src=\"https:\/\/grundschule-fasanenhof.de\/wp-content\/uploads\/2022\/09\/IMG_4973-300x225.jpg\" alt=\"\" srcset=\"https:\/\/grundschule-fasanenhof.de\/wp-content\/uploads\/2022\/09\/IMG_4973-300x225.jpg 300w, https:\/\/grundschule-fasanenhof.de\/wp-content\/uploads\/2022\/09\/IMG_4973-1024x768.jpg 1024w, https:\/\/grundschule-fasanenhof.de\/wp-content\/uploads\/2022\/09\/IMG_4973-768x576.jpg 768w, https:\/\/grundschule-fasanenhof.de\/wp-content\/uploads\/2022\/09\/IMG_4973-1536x1152.jpg 1536w, https:\/\/grundschule-fasanenhof.de\/wp-content\/uploads\/2022\/09\/IMG_4973.jpg 2016w\" sizes=\"auto, (max-width: 300px) 100vw, 300px\" \/><\/a> <a href=\"https:\/\/grundschule-fasanenhof.de\/wp-content\/uploads\/2022\/09\/IMG_4974.jpg\"><img loading=\"lazy\" decoding=\"async\" width=\"300\" height=\"225\" class=\"alignnone size-medium wp-image-3559\" src=\"https:\/\/grundschule-fasanenhof.de\/wp-content\/uploads\/2022\/09\/IMG_4974-300x225.jpg\" alt=\"\" srcset=\"https:\/\/grundschule-fasanenhof.de\/wp-content\/uploads\/2022\/09\/IMG_4974-300x225.jpg 300w, https:\/\/grundschule-fasanenhof.de\/wp-content\/uploads\/2022\/09\/IMG_4974-1024x768.jpg 1024w, https:\/\/grundschule-fasanenhof.de\/wp-content\/uploads\/2022\/09\/IMG_4974-768x576.jpg 768w, https:\/\/grundschule-fasanenhof.de\/wp-content\/uploads\/2022\/09\/IMG_4974-1536x1152.jpg 1536w, https:\/\/grundschule-fasanenhof.de\/wp-content\/uploads\/2022\/09\/IMG_4974.jpg 2016w\" sizes=\"auto, (max-width: 300px) 100vw, 300px\" \/><\/a> <a href=\"https:\/\/grundschule-fasanenhof.de\/wp-content\/uploads\/2022\/09\/IMG_4975.jpg\"><img loading=\"lazy\" decoding=\"async\" width=\"300\" height=\"225\" class=\"alignnone size-medium wp-image-3560\" src=\"https:\/\/grundschule-fasanenhof.de\/wp-content\/uploads\/2022\/09\/IMG_4975-300x225.jpg\" alt=\"\" srcset=\"https:\/\/grundschule-fasanenhof.de\/wp-content\/uploads\/2022\/09\/IMG_4975-300x225.jpg 300w, https:\/\/grundschule-fasanenhof.de\/wp-content\/uploads\/2022\/09\/IMG_4975-1024x768.jpg 1024w, https:\/\/grundschule-fasanenhof.de\/wp-content\/uploads\/2022\/09\/IMG_4975-768x576.jpg 768w, https:\/\/grundschule-fasanenhof.de\/wp-content\/uploads\/2022\/09\/IMG_4975-1536x1152.jpg 1536w, https:\/\/grundschule-fasanenhof.de\/wp-content\/uploads\/2022\/09\/IMG_4975.jpg 2016w\" sizes=\"auto, (max-width: 300px) 100vw, 300px\" \/><\/a> <a href=\"https:\/\/grundschule-fasanenhof.de\/wp-content\/uploads\/2022\/09\/IMG_4976-rotated.jpg\"><img loading=\"lazy\" decoding=\"async\" width=\"225\" height=\"300\" class=\"alignnone size-medium wp-image-3561\" src=\"https:\/\/grundschule-fasanenhof.de\/wp-content\/uploads\/2022\/09\/IMG_4976-225x300.jpg\" alt=\"\" srcset=\"https:\/\/grundschule-fasanenhof.de\/wp-content\/uploads\/2022\/09\/IMG_4976-225x300.jpg 225w, https:\/\/grundschule-fasanenhof.de\/wp-content\/uploads\/2022\/09\/IMG_4976-768x1024.jpg 768w, https:\/\/grundschule-fasanenhof.de\/wp-content\/uploads\/2022\/09\/IMG_4976-1152x1536.jpg 1152w, https:\/\/grundschule-fasanenhof.de\/wp-content\/uploads\/2022\/09\/IMG_4976-rotated.jpg 1512w\" sizes=\"auto, (max-width: 225px) 100vw, 225px\" \/><\/a> <a href=\"https:\/\/grundschule-fasanenhof.de\/wp-content\/uploads\/2022\/09\/IMG_4977.jpg\"><img loading=\"lazy\" decoding=\"async\" width=\"300\" height=\"225\" class=\"alignnone size-medium wp-image-3562\" src=\"https:\/\/grundschule-fasanenhof.de\/wp-content\/uploads\/2022\/09\/IMG_4977-300x225.jpg\" alt=\"\" srcset=\"https:\/\/grundschule-fasanenhof.de\/wp-content\/uploads\/2022\/09\/IMG_4977-300x225.jpg 300w, https:\/\/grundschule-fasanenhof.de\/wp-content\/uploads\/2022\/09\/IMG_4977-1024x768.jpg 1024w, https:\/\/grundschule-fasanenhof.de\/wp-content\/uploads\/2022\/09\/IMG_4977-768x576.jpg 768w, https:\/\/grundschule-fasanenhof.de\/wp-content\/uploads\/2022\/09\/IMG_4977-1536x1152.jpg 1536w, https:\/\/grundschule-fasanenhof.de\/wp-content\/uploads\/2022\/09\/IMG_4977.jpg 2016w\" sizes=\"auto, (max-width: 300px) 100vw, 300px\" \/><\/a> <a href=\"https:\/\/grundschule-fasanenhof.de\/wp-content\/uploads\/2022\/09\/IMG_4978.jpg\"><img loading=\"lazy\" decoding=\"async\" width=\"300\" height=\"225\" class=\"alignnone size-medium wp-image-3563\" src=\"https:\/\/grundschule-fasanenhof.de\/wp-content\/uploads\/2022\/09\/IMG_4978-300x225.jpg\" alt=\"\" srcset=\"https:\/\/grundschule-fasanenhof.de\/wp-content\/uploads\/2022\/09\/IMG_4978-300x225.jpg 300w, https:\/\/grundschule-fasanenhof.de\/wp-content\/uploads\/2022\/09\/IMG_4978-1024x768.jpg 1024w, https:\/\/grundschule-fasanenhof.de\/wp-content\/uploads\/2022\/09\/IMG_4978-768x576.jpg 768w, https:\/\/grundschule-fasanenhof.de\/wp-content\/uploads\/2022\/09\/IMG_4978-1536x1152.jpg 1536w, https:\/\/grundschule-fasanenhof.de\/wp-content\/uploads\/2022\/09\/IMG_4978.jpg 2016w\" sizes=\"auto, (max-width: 300px) 100vw, 300px\" \/><\/a> <a href=\"https:\/\/grundschule-fasanenhof.de\/wp-content\/uploads\/2022\/09\/IMG_4979.jpg\"><img loading=\"lazy\" decoding=\"async\" width=\"300\" height=\"225\" class=\"alignnone size-medium wp-image-3564\" src=\"https:\/\/grundschule-fasanenhof.de\/wp-content\/uploads\/2022\/09\/IMG_4979-300x225.jpg\" alt=\"\" srcset=\"https:\/\/grundschule-fasanenhof.de\/wp-content\/uploads\/2022\/09\/IMG_4979-300x225.jpg 300w, https:\/\/grundschule-fasanenhof.de\/wp-content\/uploads\/2022\/09\/IMG_4979-1024x768.jpg 1024w, https:\/\/grundschule-fasanenhof.de\/wp-content\/uploads\/2022\/09\/IMG_4979-768x576.jpg 768w, https:\/\/grundschule-fasanenhof.de\/wp-content\/uploads\/2022\/09\/IMG_4979-1536x1152.jpg 1536w, https:\/\/grundschule-fasanenhof.de\/wp-content\/uploads\/2022\/09\/IMG_4979.jpg 2016w\" sizes=\"auto, (max-width: 300px) 100vw, 300px\" \/><\/a> <a href=\"https:\/\/grundschule-fasanenhof.de\/wp-content\/uploads\/2022\/09\/IMG_4982-rotated.jpg\"><img loading=\"lazy\" decoding=\"async\" width=\"225\" height=\"300\" class=\"alignnone size-medium wp-image-3565\" src=\"https:\/\/grundschule-fasanenhof.de\/wp-content\/uploads\/2022\/09\/IMG_4982-225x300.jpg\" alt=\"\" srcset=\"https:\/\/grundschule-fasanenhof.de\/wp-content\/uploads\/2022\/09\/IMG_4982-225x300.jpg 225w, https:\/\/grundschule-fasanenhof.de\/wp-content\/uploads\/2022\/09\/IMG_4982-768x1024.jpg 768w, https:\/\/grundschule-fasanenhof.de\/wp-content\/uploads\/2022\/09\/IMG_4982-1152x1536.jpg 1152w, https:\/\/grundschule-fasanenhof.de\/wp-content\/uploads\/2022\/09\/IMG_4982-rotated.jpg 1512w\" sizes=\"auto, (max-width: 225px) 100vw, 225px\" \/><\/a> <a href=\"https:\/\/grundschule-fasanenhof.de\/wp-content\/uploads\/2022\/09\/IMG_4983-rotated.jpg\"><img loading=\"lazy\" decoding=\"async\" width=\"225\" height=\"300\" class=\"alignnone size-medium wp-image-3566\" src=\"https:\/\/grundschule-fasanenhof.de\/wp-content\/uploads\/2022\/09\/IMG_4983-225x300.jpg\" alt=\"\" srcset=\"https:\/\/grundschule-fasanenhof.de\/wp-content\/uploads\/2022\/09\/IMG_4983-225x300.jpg 225w, https:\/\/grundschule-fasanenhof.de\/wp-content\/uploads\/2022\/09\/IMG_4983-768x1024.jpg 768w, https:\/\/grundschule-fasanenhof.de\/wp-content\/uploads\/2022\/09\/IMG_4983-1152x1536.jpg 1152w, https:\/\/grundschule-fasanenhof.de\/wp-content\/uploads\/2022\/09\/IMG_4983-rotated.jpg 1512w\" sizes=\"auto, (max-width: 225px) 100vw, 225px\" \/><\/a><\/p> <p>Juni 2023 Vorlesetag KiGa<\/p> <p><a href=\"https:\/\/grundschule-fasanenhof.de\/wp-content\/uploads\/2023\/06\/Vorlesetag2.jpg\"><img loading=\"lazy\" decoding=\"async\" width=\"300\" height=\"225\" class=\"alignnone size-medium wp-image-3456\" src=\"https:\/\/grundschule-fasanenhof.de\/wp-content\/uploads\/2023\/06\/Vorlesetag2-300x225.jpg\" alt=\"\" srcset=\"https:\/\/grundschule-fasanenhof.de\/wp-content\/uploads\/2023\/06\/Vorlesetag2-300x225.jpg 300w, https:\/\/grundschule-fasanenhof.de\/wp-content\/uploads\/2023\/06\/Vorlesetag2-1024x768.jpg 1024w, https:\/\/grundschule-fasanenhof.de\/wp-content\/uploads\/2023\/06\/Vorlesetag2-768x576.jpg 768w, https:\/\/grundschule-fasanenhof.de\/wp-content\/uploads\/2023\/06\/Vorlesetag2-1536x1152.jpg 1536w, https:\/\/grundschule-fasanenhof.de\/wp-content\/uploads\/2023\/06\/Vorlesetag2.jpg 2016w\" sizes=\"auto, (max-width: 300px) 100vw, 300px\" \/><\/a> <a href=\"https:\/\/grundschule-fasanenhof.de\/wp-content\/uploads\/2023\/06\/Vorlesetag3.jpg\"><img loading=\"lazy\" decoding=\"async\" width=\"300\" height=\"225\" class=\"alignnone size-medium wp-image-3455\" src=\"https:\/\/grundschule-fasanenhof.de\/wp-content\/uploads\/2023\/06\/Vorlesetag3-300x225.jpg\" alt=\"\" srcset=\"https:\/\/grundschule-fasanenhof.de\/wp-content\/uploads\/2023\/06\/Vorlesetag3-300x225.jpg 300w, https:\/\/grundschule-fasanenhof.de\/wp-content\/uploads\/2023\/06\/Vorlesetag3-1024x768.jpg 1024w, https:\/\/grundschule-fasanenhof.de\/wp-content\/uploads\/2023\/06\/Vorlesetag3-768x576.jpg 768w, https:\/\/grundschule-fasanenhof.de\/wp-content\/uploads\/2023\/06\/Vorlesetag3-1536x1152.jpg 1536w, https:\/\/grundschule-fasanenhof.de\/wp-content\/uploads\/2023\/06\/Vorlesetag3.jpg 2016w\" sizes=\"auto, (max-width: 300px) 100vw, 300px\" \/><\/a> <a href=\"https:\/\/grundschule-fasanenhof.de\/wp-content\/uploads\/2023\/06\/Vorlesetag4.jpg\"><img loading=\"lazy\" decoding=\"async\" width=\"300\" height=\"225\" class=\"alignnone size-medium wp-image-3454\" src=\"https:\/\/grundschule-fasanenhof.de\/wp-content\/uploads\/2023\/06\/Vorlesetag4-300x225.jpg\" alt=\"\" srcset=\"https:\/\/grundschule-fasanenhof.de\/wp-content\/uploads\/2023\/06\/Vorlesetag4-300x225.jpg 300w, https:\/\/grundschule-fasanenhof.de\/wp-content\/uploads\/2023\/06\/Vorlesetag4-1024x768.jpg 1024w, https:\/\/grundschule-fasanenhof.de\/wp-content\/uploads\/2023\/06\/Vorlesetag4-768x576.jpg 768w, https:\/\/grundschule-fasanenhof.de\/wp-content\/uploads\/2023\/06\/Vorlesetag4-1536x1152.jpg 1536w, https:\/\/grundschule-fasanenhof.de\/wp-content\/uploads\/2023\/06\/Vorlesetag4.jpg 2016w\" sizes=\"auto, (max-width: 300px) 100vw, 300px\" \/><\/a> <a href=\"https:\/\/grundschule-fasanenhof.de\/wp-content\/uploads\/2023\/06\/VOrlesetag5.jpg\"><img loading=\"lazy\" decoding=\"async\" width=\"300\" height=\"225\" class=\"alignnone size-medium wp-image-3453\" src=\"https:\/\/grundschule-fasanenhof.de\/wp-content\/uploads\/2023\/06\/VOrlesetag5-300x225.jpg\" alt=\"\" srcset=\"https:\/\/grundschule-fasanenhof.de\/wp-content\/uploads\/2023\/06\/VOrlesetag5-300x225.jpg 300w, https:\/\/grundschule-fasanenhof.de\/wp-content\/uploads\/2023\/06\/VOrlesetag5-1024x768.jpg 1024w, https:\/\/grundschule-fasanenhof.de\/wp-content\/uploads\/2023\/06\/VOrlesetag5-768x576.jpg 768w, https:\/\/grundschule-fasanenhof.de\/wp-content\/uploads\/2023\/06\/VOrlesetag5-1536x1152.jpg 1536w, https:\/\/grundschule-fasanenhof.de\/wp-content\/uploads\/2023\/06\/VOrlesetag5.jpg 2016w\" sizes=\"auto, (max-width: 300px) 100vw, 300px\" \/><\/a> <a href=\"https:\/\/grundschule-fasanenhof.de\/wp-content\/uploads\/2023\/06\/Vorlesetag6.jpg\"><img loading=\"lazy\" decoding=\"async\" width=\"300\" height=\"225\" class=\"alignnone size-medium wp-image-3452\" src=\"https:\/\/grundschule-fasanenhof.de\/wp-content\/uploads\/2023\/06\/Vorlesetag6-300x225.jpg\" alt=\"\" srcset=\"https:\/\/grundschule-fasanenhof.de\/wp-content\/uploads\/2023\/06\/Vorlesetag6-300x225.jpg 300w, https:\/\/grundschule-fasanenhof.de\/wp-content\/uploads\/2023\/06\/Vorlesetag6-1024x768.jpg 1024w, https:\/\/grundschule-fasanenhof.de\/wp-content\/uploads\/2023\/06\/Vorlesetag6-768x576.jpg 768w, https:\/\/grundschule-fasanenhof.de\/wp-content\/uploads\/2023\/06\/Vorlesetag6-1536x1152.jpg 1536w, https:\/\/grundschule-fasanenhof.de\/wp-content\/uploads\/2023\/06\/Vorlesetag6.jpg 2016w\" sizes=\"auto, (max-width: 300px) 100vw, 300px\" \/><\/a> <a href=\"https:\/\/grundschule-fasanenhof.de\/wp-content\/uploads\/2023\/06\/Vorlesetag7.jpg\"><img loading=\"lazy\" decoding=\"async\" width=\"300\" height=\"225\" class=\"alignnone size-medium wp-image-3451\" src=\"https:\/\/grundschule-fasanenhof.de\/wp-content\/uploads\/2023\/06\/Vorlesetag7-300x225.jpg\" alt=\"\" srcset=\"https:\/\/grundschule-fasanenhof.de\/wp-content\/uploads\/2023\/06\/Vorlesetag7-300x225.jpg 300w, https:\/\/grundschule-fasanenhof.de\/wp-content\/uploads\/2023\/06\/Vorlesetag7-1024x768.jpg 1024w, https:\/\/grundschule-fasanenhof.de\/wp-content\/uploads\/2023\/06\/Vorlesetag7-768x576.jpg 768w, https:\/\/grundschule-fasanenhof.de\/wp-content\/uploads\/2023\/06\/Vorlesetag7-1536x1152.jpg 1536w, https:\/\/grundschule-fasanenhof.de\/wp-content\/uploads\/2023\/06\/Vorlesetag7.jpg 2016w\" sizes=\"auto, (max-width: 300px) 100vw, 300px\" \/><\/a> <a href=\"https:\/\/grundschule-fasanenhof.de\/wp-content\/uploads\/2023\/06\/Vorlesetag8.jpg\"><img loading=\"lazy\" decoding=\"async\" width=\"300\" height=\"225\" class=\"alignnone size-medium wp-image-3450\" src=\"https:\/\/grundschule-fasanenhof.de\/wp-content\/uploads\/2023\/06\/Vorlesetag8-300x225.jpg\" alt=\"\" srcset=\"https:\/\/grundschule-fasanenhof.de\/wp-content\/uploads\/2023\/06\/Vorlesetag8-300x225.jpg 300w, https:\/\/grundschule-fasanenhof.de\/wp-content\/uploads\/2023\/06\/Vorlesetag8-1024x768.jpg 1024w, https:\/\/grundschule-fasanenhof.de\/wp-content\/uploads\/2023\/06\/Vorlesetag8-768x576.jpg 768w, https:\/\/grundschule-fasanenhof.de\/wp-content\/uploads\/2023\/06\/Vorlesetag8-1536x1152.jpg 1536w, https:\/\/grundschule-fasanenhof.de\/wp-content\/uploads\/2023\/06\/Vorlesetag8.jpg 2016w\" sizes=\"auto, (max-width: 300px) 100vw, 300px\" \/><\/a> <a href=\"https:\/\/grundschule-fasanenhof.de\/wp-content\/uploads\/2023\/06\/Vorlesetag9.jpg\"><img loading=\"lazy\" decoding=\"async\" width=\"300\" height=\"225\" class=\"alignnone size-medium wp-image-3449\" src=\"https:\/\/grundschule-fasanenhof.de\/wp-content\/uploads\/2023\/06\/Vorlesetag9-300x225.jpg\" alt=\"\" srcset=\"https:\/\/grundschule-fasanenhof.de\/wp-content\/uploads\/2023\/06\/Vorlesetag9-300x225.jpg 300w, https:\/\/grundschule-fasanenhof.de\/wp-content\/uploads\/2023\/06\/Vorlesetag9-1024x768.jpg 1024w, https:\/\/grundschule-fasanenhof.de\/wp-content\/uploads\/2023\/06\/Vorlesetag9-768x576.jpg 768w, https:\/\/grundschule-fasanenhof.de\/wp-content\/uploads\/2023\/06\/Vorlesetag9-1536x1152.jpg 1536w, https:\/\/grundschule-fasanenhof.de\/wp-content\/uploads\/2023\/06\/Vorlesetag9.jpg 2016w\" sizes=\"auto, (max-width: 300px) 100vw, 300px\" \/><\/a> <a href=\"https:\/\/grundschule-fasanenhof.de\/wp-content\/uploads\/2023\/06\/Vorlesetag11.jpg\"><img loading=\"lazy\" decoding=\"async\" width=\"300\" height=\"225\" class=\"alignnone size-medium wp-image-3448\" src=\"https:\/\/grundschule-fasanenhof.de\/wp-content\/uploads\/2023\/06\/Vorlesetag11-300x225.jpg\" alt=\"\" srcset=\"https:\/\/grundschule-fasanenhof.de\/wp-content\/uploads\/2023\/06\/Vorlesetag11-300x225.jpg 300w, https:\/\/grundschule-fasanenhof.de\/wp-content\/uploads\/2023\/06\/Vorlesetag11-1024x768.jpg 1024w, https:\/\/grundschule-fasanenhof.de\/wp-content\/uploads\/2023\/06\/Vorlesetag11-768x576.jpg 768w, https:\/\/grundschule-fasanenhof.de\/wp-content\/uploads\/2023\/06\/Vorlesetag11-1536x1152.jpg 1536w, https:\/\/grundschule-fasanenhof.de\/wp-content\/uploads\/2023\/06\/Vorlesetag11.jpg 2016w\" sizes=\"auto, (max-width: 300px) 100vw, 300px\" \/><\/a> <a href=\"https:\/\/grundschule-fasanenhof.de\/wp-content\/uploads\/2023\/06\/VOrlesetag12.jpg\"><img loading=\"lazy\" decoding=\"async\" width=\"300\" height=\"225\" class=\"alignnone size-medium wp-image-3447\" src=\"https:\/\/grundschule-fasanenhof.de\/wp-content\/uploads\/2023\/06\/VOrlesetag12-300x225.jpg\" alt=\"\" srcset=\"https:\/\/grundschule-fasanenhof.de\/wp-content\/uploads\/2023\/06\/VOrlesetag12-300x225.jpg 300w, https:\/\/grundschule-fasanenhof.de\/wp-content\/uploads\/2023\/06\/VOrlesetag12-1024x768.jpg 1024w, https:\/\/grundschule-fasanenhof.de\/wp-content\/uploads\/2023\/06\/VOrlesetag12-768x576.jpg 768w, https:\/\/grundschule-fasanenhof.de\/wp-content\/uploads\/2023\/06\/VOrlesetag12-1536x1152.jpg 1536w, https:\/\/grundschule-fasanenhof.de\/wp-content\/uploads\/2023\/06\/VOrlesetag12.jpg 2016w\" sizes=\"auto, (max-width: 300px) 100vw, 300px\" \/><\/a> <a href=\"https:\/\/grundschule-fasanenhof.de\/wp-content\/uploads\/2023\/06\/Vorlesetag13.jpg\"><img loading=\"lazy\" decoding=\"async\" width=\"300\" height=\"225\" class=\"alignnone size-medium wp-image-3446\" src=\"https:\/\/grundschule-fasanenhof.de\/wp-content\/uploads\/2023\/06\/Vorlesetag13-300x225.jpg\" alt=\"\" srcset=\"https:\/\/grundschule-fasanenhof.de\/wp-content\/uploads\/2023\/06\/Vorlesetag13-300x225.jpg 300w, https:\/\/grundschule-fasanenhof.de\/wp-content\/uploads\/2023\/06\/Vorlesetag13-1024x768.jpg 1024w, https:\/\/grundschule-fasanenhof.de\/wp-content\/uploads\/2023\/06\/Vorlesetag13-768x576.jpg 768w, https:\/\/grundschule-fasanenhof.de\/wp-content\/uploads\/2023\/06\/Vorlesetag13-1536x1152.jpg 1536w, https:\/\/grundschule-fasanenhof.de\/wp-content\/uploads\/2023\/06\/Vorlesetag13.jpg 2016w\" sizes=\"auto, (max-width: 300px) 100vw, 300px\" \/><\/a><\/p> <p>Mai 2023 Autorenlesung<\/p><\/p>\n\n\n\n<figure class=\"wp-block-gallery has-nested-images columns-default is-cropped wp-block-gallery-29 is-layout-flex wp-block-gallery-is-layout-flex\">\n<figure class=\"wp-block-image size-large\"><img loading=\"lazy\" decoding=\"async\" width=\"1024\" height=\"768\" data-id=\"3380\" src=\"https:\/\/grundschule-fasanenhof.de\/wp-content\/uploads\/2023\/05\/Vorlesetag2-1024x768.jpg\" alt=\"\" class=\"wp-image-3380\" srcset=\"https:\/\/grundschule-fasanenhof.de\/wp-content\/uploads\/2023\/05\/Vorlesetag2-1024x768.jpg 1024w, https:\/\/grundschule-fasanenhof.de\/wp-content\/uploads\/2023\/05\/Vorlesetag2-300x225.jpg 300w, https:\/\/grundschule-fasanenhof.de\/wp-content\/uploads\/2023\/05\/Vorlesetag2-768x576.jpg 768w, https:\/\/grundschule-fasanenhof.de\/wp-content\/uploads\/2023\/05\/Vorlesetag2-1536x1152.jpg 1536w, https:\/\/grundschule-fasanenhof.de\/wp-content\/uploads\/2023\/05\/Vorlesetag2.jpg 2016w\" sizes=\"auto, (max-width: 1024px) 100vw, 1024px\" \/><\/figure>\n\n\n\n<figure class=\"wp-block-image size-large\"><img loading=\"lazy\" decoding=\"async\" width=\"1024\" height=\"768\" data-id=\"3381\" src=\"https:\/\/grundschule-fasanenhof.de\/wp-content\/uploads\/2023\/05\/Vorlesetag-1024x768.jpg\" alt=\"\" class=\"wp-image-3381\" srcset=\"https:\/\/grundschule-fasanenhof.de\/wp-content\/uploads\/2023\/05\/Vorlesetag-1024x768.jpg 1024w, https:\/\/grundschule-fasanenhof.de\/wp-content\/uploads\/2023\/05\/Vorlesetag-300x225.jpg 300w, https:\/\/grundschule-fasanenhof.de\/wp-content\/uploads\/2023\/05\/Vorlesetag-768x576.jpg 768w, https:\/\/grundschule-fasanenhof.de\/wp-content\/uploads\/2023\/05\/Vorlesetag-1536x1152.jpg 1536w, https:\/\/grundschule-fasanenhof.de\/wp-content\/uploads\/2023\/05\/Vorlesetag.jpg 2016w\" sizes=\"auto, (max-width: 1024px) 100vw, 1024px\" \/><\/figure>\n\n\n\n<figure class=\"wp-block-image size-large\"><img loading=\"lazy\" decoding=\"async\" width=\"1024\" height=\"768\" data-id=\"3378\" src=\"https:\/\/grundschule-fasanenhof.de\/wp-content\/uploads\/2023\/05\/Vorlesetag3-1024x768.jpg\" alt=\"\" class=\"wp-image-3378\" srcset=\"https:\/\/grundschule-fasanenhof.de\/wp-content\/uploads\/2023\/05\/Vorlesetag3-1024x768.jpg 1024w, https:\/\/grundschule-fasanenhof.de\/wp-content\/uploads\/2023\/05\/Vorlesetag3-300x225.jpg 300w, https:\/\/grundschule-fasanenhof.de\/wp-content\/uploads\/2023\/05\/Vorlesetag3-768x576.jpg 768w, https:\/\/grundschule-fasanenhof.de\/wp-content\/uploads\/2023\/05\/Vorlesetag3-1536x1152.jpg 1536w, https:\/\/grundschule-fasanenhof.de\/wp-content\/uploads\/2023\/05\/Vorlesetag3.jpg 2016w\" sizes=\"auto, (max-width: 1024px) 100vw, 1024px\" \/><\/figure>\n\n\n\n<figure class=\"wp-block-image size-large\"><img loading=\"lazy\" decoding=\"async\" width=\"1024\" height=\"768\" data-id=\"3376\" src=\"https:\/\/grundschule-fasanenhof.de\/wp-content\/uploads\/2023\/05\/Vorlesetag4-1024x768.jpg\" alt=\"\" class=\"wp-image-3376\" srcset=\"https:\/\/grundschule-fasanenhof.de\/wp-content\/uploads\/2023\/05\/Vorlesetag4-1024x768.jpg 1024w, https:\/\/grundschule-fasanenhof.de\/wp-content\/uploads\/2023\/05\/Vorlesetag4-300x225.jpg 300w, https:\/\/grundschule-fasanenhof.de\/wp-content\/uploads\/2023\/05\/Vorlesetag4-768x576.jpg 768w, https:\/\/grundschule-fasanenhof.de\/wp-content\/uploads\/2023\/05\/Vorlesetag4-1536x1152.jpg 1536w, https:\/\/grundschule-fasanenhof.de\/wp-content\/uploads\/2023\/05\/Vorlesetag4.jpg 2016w\" sizes=\"auto, (max-width: 1024px) 100vw, 1024px\" \/><\/figure>\n\n\n\n<figure class=\"wp-block-image size-large\"><img loading=\"lazy\" decoding=\"async\" width=\"1024\" height=\"768\" data-id=\"3379\" src=\"https:\/\/grundschule-fasanenhof.de\/wp-content\/uploads\/2023\/05\/Vorlesetag5-1024x768.jpg\" alt=\"\" class=\"wp-image-3379\" srcset=\"https:\/\/grundschule-fasanenhof.de\/wp-content\/uploads\/2023\/05\/Vorlesetag5-1024x768.jpg 1024w, https:\/\/grundschule-fasanenhof.de\/wp-content\/uploads\/2023\/05\/Vorlesetag5-300x225.jpg 300w, https:\/\/grundschule-fasanenhof.de\/wp-content\/uploads\/2023\/05\/Vorlesetag5-768x576.jpg 768w, https:\/\/grundschule-fasanenhof.de\/wp-content\/uploads\/2023\/05\/Vorlesetag5-1536x1152.jpg 1536w, https:\/\/grundschule-fasanenhof.de\/wp-content\/uploads\/2023\/05\/Vorlesetag5.jpg 2016w\" sizes=\"auto, (max-width: 1024px) 100vw, 1024px\" \/><\/figure>\n\n\n\n<figure class=\"wp-block-image size-large\"><img loading=\"lazy\" decoding=\"async\" width=\"1024\" height=\"768\" data-id=\"3377\" src=\"https:\/\/grundschule-fasanenhof.de\/wp-content\/uploads\/2023\/05\/Vorlesetag6-1024x768.jpg\" alt=\"\" class=\"wp-image-3377\" srcset=\"https:\/\/grundschule-fasanenhof.de\/wp-content\/uploads\/2023\/05\/Vorlesetag6-1024x768.jpg 1024w, https:\/\/grundschule-fasanenhof.de\/wp-content\/uploads\/2023\/05\/Vorlesetag6-300x225.jpg 300w, https:\/\/grundschule-fasanenhof.de\/wp-content\/uploads\/2023\/05\/Vorlesetag6-768x576.jpg 768w, https:\/\/grundschule-fasanenhof.de\/wp-content\/uploads\/2023\/05\/Vorlesetag6-1536x1152.jpg 1536w, https:\/\/grundschule-fasanenhof.de\/wp-content\/uploads\/2023\/05\/Vorlesetag6.jpg 2016w\" sizes=\"auto, (max-width: 1024px) 100vw, 1024px\" \/><\/figure>\n\n\n\n<figure class=\"wp-block-image size-large\"><img loading=\"lazy\" decoding=\"async\" width=\"1024\" height=\"768\" data-id=\"3383\" src=\"https:\/\/grundschule-fasanenhof.de\/wp-content\/uploads\/2023\/05\/Vorlesetag8-1024x768.jpg\" alt=\"\" class=\"wp-image-3383\" srcset=\"https:\/\/grundschule-fasanenhof.de\/wp-content\/uploads\/2023\/05\/Vorlesetag8-1024x768.jpg 1024w, https:\/\/grundschule-fasanenhof.de\/wp-content\/uploads\/2023\/05\/Vorlesetag8-300x225.jpg 300w, https:\/\/grundschule-fasanenhof.de\/wp-content\/uploads\/2023\/05\/Vorlesetag8-768x576.jpg 768w, https:\/\/grundschule-fasanenhof.de\/wp-content\/uploads\/2023\/05\/Vorlesetag8-1536x1152.jpg 1536w, https:\/\/grundschule-fasanenhof.de\/wp-content\/uploads\/2023\/05\/Vorlesetag8.jpg 2016w\" sizes=\"auto, (max-width: 1024px) 100vw, 1024px\" \/><\/figure>\n<\/figure>\n\n\n\n<p>Bundesjugendspiele Mai 2023<\/p>\n\n\n\n<figure class=\"wp-block-gallery has-nested-images columns-default is-cropped wp-block-gallery-30 is-layout-flex wp-block-gallery-is-layout-flex\">\n<figure class=\"wp-block-image size-large\"><img loading=\"lazy\" decoding=\"async\" width=\"640\" height=\"480\" data-id=\"3339\" src=\"https:\/\/grundschule-fasanenhof.de\/wp-content\/uploads\/2023\/05\/BJS2.jpeg\" alt=\"\" class=\"wp-image-3339\" srcset=\"https:\/\/grundschule-fasanenhof.de\/wp-content\/uploads\/2023\/05\/BJS2.jpeg 640w, https:\/\/grundschule-fasanenhof.de\/wp-content\/uploads\/2023\/05\/BJS2-300x225.jpeg 300w\" sizes=\"auto, (max-width: 640px) 100vw, 640px\" \/><\/figure>\n\n\n\n<figure class=\"wp-block-image size-large\"><img loading=\"lazy\" decoding=\"async\" width=\"1024\" height=\"768\" data-id=\"3340\" src=\"https:\/\/grundschule-fasanenhof.de\/wp-content\/uploads\/2023\/05\/BJS3-1024x768.jpeg\" alt=\"\" class=\"wp-image-3340\" srcset=\"https:\/\/grundschule-fasanenhof.de\/wp-content\/uploads\/2023\/05\/BJS3-1024x768.jpeg 1024w, https:\/\/grundschule-fasanenhof.de\/wp-content\/uploads\/2023\/05\/BJS3-300x225.jpeg 300w, https:\/\/grundschule-fasanenhof.de\/wp-content\/uploads\/2023\/05\/BJS3-768x576.jpeg 768w, https:\/\/grundschule-fasanenhof.de\/wp-content\/uploads\/2023\/05\/BJS3.jpeg 1280w\" sizes=\"auto, (max-width: 1024px) 100vw, 1024px\" \/><\/figure>\n\n\n\n<figure class=\"wp-block-image size-large\"><img loading=\"lazy\" decoding=\"async\" width=\"640\" height=\"480\" data-id=\"3341\" src=\"https:\/\/grundschule-fasanenhof.de\/wp-content\/uploads\/2023\/05\/BJS1.jpeg\" alt=\"\" class=\"wp-image-3341\" srcset=\"https:\/\/grundschule-fasanenhof.de\/wp-content\/uploads\/2023\/05\/BJS1.jpeg 640w, https:\/\/grundschule-fasanenhof.de\/wp-content\/uploads\/2023\/05\/BJS1-300x225.jpeg 300w\" sizes=\"auto, (max-width: 640px) 100vw, 640px\" \/><\/figure>\n\n\n\n<figure class=\"wp-block-image size-large\"><img loading=\"lazy\" decoding=\"async\" width=\"640\" height=\"480\" data-id=\"3338\" src=\"https:\/\/grundschule-fasanenhof.de\/wp-content\/uploads\/2023\/05\/BJS4.jpeg\" alt=\"\" class=\"wp-image-3338\" srcset=\"https:\/\/grundschule-fasanenhof.de\/wp-content\/uploads\/2023\/05\/BJS4.jpeg 640w, https:\/\/grundschule-fasanenhof.de\/wp-content\/uploads\/2023\/05\/BJS4-300x225.jpeg 300w\" sizes=\"auto, (max-width: 640px) 100vw, 640px\" \/><\/figure>\n\n\n\n<figure class=\"wp-block-image size-large\"><img loading=\"lazy\" decoding=\"async\" width=\"480\" height=\"640\" data-id=\"3337\" src=\"https:\/\/grundschule-fasanenhof.de\/wp-content\/uploads\/2023\/05\/BJS5-rotated.jpeg\" alt=\"\" class=\"wp-image-3337\" srcset=\"https:\/\/grundschule-fasanenhof.de\/wp-content\/uploads\/2023\/05\/BJS5-rotated.jpeg 480w, https:\/\/grundschule-fasanenhof.de\/wp-content\/uploads\/2023\/05\/BJS5-225x300.jpeg 225w\" sizes=\"auto, (max-width: 480px) 100vw, 480px\" \/><\/figure>\n\n\n\n<figure class=\"wp-block-image size-large\"><img loading=\"lazy\" decoding=\"async\" width=\"640\" height=\"480\" data-id=\"3336\" src=\"https:\/\/grundschule-fasanenhof.de\/wp-content\/uploads\/2023\/05\/BJS6.jpeg\" alt=\"\" class=\"wp-image-3336\" srcset=\"https:\/\/grundschule-fasanenhof.de\/wp-content\/uploads\/2023\/05\/BJS6.jpeg 640w, https:\/\/grundschule-fasanenhof.de\/wp-content\/uploads\/2023\/05\/BJS6-300x225.jpeg 300w\" sizes=\"auto, (max-width: 640px) 100vw, 640px\" \/><\/figure>\n\n\n\n<figure class=\"wp-block-image size-large\"><img loading=\"lazy\" decoding=\"async\" width=\"640\" height=\"480\" data-id=\"3342\" src=\"https:\/\/grundschule-fasanenhof.de\/wp-content\/uploads\/2023\/05\/BJS7.jpeg\" alt=\"\" class=\"wp-image-3342\" srcset=\"https:\/\/grundschule-fasanenhof.de\/wp-content\/uploads\/2023\/05\/BJS7.jpeg 640w, https:\/\/grundschule-fasanenhof.de\/wp-content\/uploads\/2023\/05\/BJS7-300x225.jpeg 300w\" sizes=\"auto, (max-width: 640px) 100vw, 640px\" \/><\/figure>\n\n\n\n<figure class=\"wp-block-image size-large\"><img loading=\"lazy\" decoding=\"async\" width=\"640\" height=\"480\" data-id=\"3344\" src=\"https:\/\/grundschule-fasanenhof.de\/wp-content\/uploads\/2023\/05\/BJS8.jpeg\" alt=\"\" class=\"wp-image-3344\" srcset=\"https:\/\/grundschule-fasanenhof.de\/wp-content\/uploads\/2023\/05\/BJS8.jpeg 640w, https:\/\/grundschule-fasanenhof.de\/wp-content\/uploads\/2023\/05\/BJS8-300x225.jpeg 300w\" sizes=\"auto, (max-width: 640px) 100vw, 640px\" \/><\/figure>\n\n\n\n<figure class=\"wp-block-image size-large\"><img loading=\"lazy\" decoding=\"async\" width=\"640\" height=\"480\" data-id=\"3343\" src=\"https:\/\/grundschule-fasanenhof.de\/wp-content\/uploads\/2023\/05\/BJS9.jpeg\" alt=\"\" class=\"wp-image-3343\" srcset=\"https:\/\/grundschule-fasanenhof.de\/wp-content\/uploads\/2023\/05\/BJS9.jpeg 640w, https:\/\/grundschule-fasanenhof.de\/wp-content\/uploads\/2023\/05\/BJS9-300x225.jpeg 300w\" sizes=\"auto, (max-width: 640px) 100vw, 640px\" \/><\/figure>\n\n\n\n<figure class=\"wp-block-image size-large\"><img loading=\"lazy\" decoding=\"async\" width=\"640\" height=\"480\" data-id=\"3345\" src=\"https:\/\/grundschule-fasanenhof.de\/wp-content\/uploads\/2023\/05\/BJS10.jpeg\" alt=\"\" class=\"wp-image-3345\" srcset=\"https:\/\/grundschule-fasanenhof.de\/wp-content\/uploads\/2023\/05\/BJS10.jpeg 640w, https:\/\/grundschule-fasanenhof.de\/wp-content\/uploads\/2023\/05\/BJS10-300x225.jpeg 300w\" sizes=\"auto, (max-width: 640px) 100vw, 640px\" \/><\/figure>\n\n\n\n<figure class=\"wp-block-image size-large\"><img loading=\"lazy\" decoding=\"async\" width=\"640\" height=\"480\" data-id=\"3346\" src=\"https:\/\/grundschule-fasanenhof.de\/wp-content\/uploads\/2023\/05\/BJS11.jpeg\" alt=\"\" class=\"wp-image-3346\" srcset=\"https:\/\/grundschule-fasanenhof.de\/wp-content\/uploads\/2023\/05\/BJS11.jpeg 640w, https:\/\/grundschule-fasanenhof.de\/wp-content\/uploads\/2023\/05\/BJS11-300x225.jpeg 300w\" sizes=\"auto, (max-width: 640px) 100vw, 640px\" \/><\/figure>\n\n\n\n<figure class=\"wp-block-image size-large\"><img loading=\"lazy\" decoding=\"async\" width=\"640\" height=\"480\" data-id=\"3347\" src=\"https:\/\/grundschule-fasanenhof.de\/wp-content\/uploads\/2023\/05\/BJS12.jpeg\" alt=\"\" class=\"wp-image-3347\" srcset=\"https:\/\/grundschule-fasanenhof.de\/wp-content\/uploads\/2023\/05\/BJS12.jpeg 640w, https:\/\/grundschule-fasanenhof.de\/wp-content\/uploads\/2023\/05\/BJS12-300x225.jpeg 300w\" sizes=\"auto, (max-width: 640px) 100vw, 640px\" \/><\/figure>\n\n\n\n<figure class=\"wp-block-image size-large\"><img loading=\"lazy\" decoding=\"async\" width=\"640\" height=\"480\" data-id=\"3348\" src=\"https:\/\/grundschule-fasanenhof.de\/wp-content\/uploads\/2023\/05\/BJS13.jpeg\" alt=\"\" class=\"wp-image-3348\" srcset=\"https:\/\/grundschule-fasanenhof.de\/wp-content\/uploads\/2023\/05\/BJS13.jpeg 640w, https:\/\/grundschule-fasanenhof.de\/wp-content\/uploads\/2023\/05\/BJS13-300x225.jpeg 300w\" sizes=\"auto, (max-width: 640px) 100vw, 640px\" \/><\/figure>\n\n\n\n<figure class=\"wp-block-image size-large\"><img loading=\"lazy\" decoding=\"async\" width=\"640\" height=\"480\" data-id=\"3349\" src=\"https:\/\/grundschule-fasanenhof.de\/wp-content\/uploads\/2023\/05\/BJS14.jpeg\" alt=\"\" class=\"wp-image-3349\" srcset=\"https:\/\/grundschule-fasanenhof.de\/wp-content\/uploads\/2023\/05\/BJS14.jpeg 640w, https:\/\/grundschule-fasanenhof.de\/wp-content\/uploads\/2023\/05\/BJS14-300x225.jpeg 300w\" sizes=\"auto, (max-width: 640px) 100vw, 640px\" \/><\/figure>\n\n\n\n<figure class=\"wp-block-image size-large\"><img loading=\"lazy\" decoding=\"async\" width=\"640\" height=\"480\" data-id=\"3350\" src=\"https:\/\/grundschule-fasanenhof.de\/wp-content\/uploads\/2023\/05\/BJS15.jpeg\" alt=\"\" class=\"wp-image-3350\" srcset=\"https:\/\/grundschule-fasanenhof.de\/wp-content\/uploads\/2023\/05\/BJS15.jpeg 640w, https:\/\/grundschule-fasanenhof.de\/wp-content\/uploads\/2023\/05\/BJS15-300x225.jpeg 300w\" sizes=\"auto, (max-width: 640px) 100vw, 640px\" \/><\/figure>\n\n\n\n<figure class=\"wp-block-image size-large\"><img loading=\"lazy\" decoding=\"async\" width=\"640\" height=\"480\" data-id=\"3351\" src=\"https:\/\/grundschule-fasanenhof.de\/wp-content\/uploads\/2023\/05\/BJS16.jpeg\" alt=\"\" class=\"wp-image-3351\" srcset=\"https:\/\/grundschule-fasanenhof.de\/wp-content\/uploads\/2023\/05\/BJS16.jpeg 640w, https:\/\/grundschule-fasanenhof.de\/wp-content\/uploads\/2023\/05\/BJS16-300x225.jpeg 300w\" sizes=\"auto, (max-width: 640px) 100vw, 640px\" \/><\/figure>\n\n\n\n<figure class=\"wp-block-image size-large\"><img loading=\"lazy\" decoding=\"async\" width=\"640\" height=\"480\" data-id=\"3352\" src=\"https:\/\/grundschule-fasanenhof.de\/wp-content\/uploads\/2023\/05\/BJS17.jpeg\" alt=\"\" class=\"wp-image-3352\" srcset=\"https:\/\/grundschule-fasanenhof.de\/wp-content\/uploads\/2023\/05\/BJS17.jpeg 640w, https:\/\/grundschule-fasanenhof.de\/wp-content\/uploads\/2023\/05\/BJS17-300x225.jpeg 300w\" sizes=\"auto, (max-width: 640px) 100vw, 640px\" \/><\/figure>\n\n\n\n<figure class=\"wp-block-image size-large\"><img loading=\"lazy\" decoding=\"async\" width=\"640\" height=\"480\" data-id=\"3353\" src=\"https:\/\/grundschule-fasanenhof.de\/wp-content\/uploads\/2023\/05\/BJS18.jpeg\" alt=\"\" class=\"wp-image-3353\" srcset=\"https:\/\/grundschule-fasanenhof.de\/wp-content\/uploads\/2023\/05\/BJS18.jpeg 640w, https:\/\/grundschule-fasanenhof.de\/wp-content\/uploads\/2023\/05\/BJS18-300x225.jpeg 300w\" sizes=\"auto, (max-width: 640px) 100vw, 640px\" \/><\/figure>\n\n\n\n<figure class=\"wp-block-image size-large\"><img loading=\"lazy\" decoding=\"async\" width=\"640\" height=\"480\" data-id=\"3355\" src=\"https:\/\/grundschule-fasanenhof.de\/wp-content\/uploads\/2023\/05\/BJS19.jpeg\" alt=\"\" class=\"wp-image-3355\" srcset=\"https:\/\/grundschule-fasanenhof.de\/wp-content\/uploads\/2023\/05\/BJS19.jpeg 640w, https:\/\/grundschule-fasanenhof.de\/wp-content\/uploads\/2023\/05\/BJS19-300x225.jpeg 300w\" sizes=\"auto, (max-width: 640px) 100vw, 640px\" \/><\/figure>\n\n\n\n<figure class=\"wp-block-image size-large\"><img loading=\"lazy\" decoding=\"async\" width=\"640\" height=\"480\" data-id=\"3354\" src=\"https:\/\/grundschule-fasanenhof.de\/wp-content\/uploads\/2023\/05\/BJS20.jpeg\" alt=\"\" class=\"wp-image-3354\" srcset=\"https:\/\/grundschule-fasanenhof.de\/wp-content\/uploads\/2023\/05\/BJS20.jpeg 640w, https:\/\/grundschule-fasanenhof.de\/wp-content\/uploads\/2023\/05\/BJS20-300x225.jpeg 300w\" sizes=\"auto, (max-width: 640px) 100vw, 640px\" \/><\/figure>\n\n\n\n<figure class=\"wp-block-image size-large\"><img loading=\"lazy\" decoding=\"async\" width=\"640\" height=\"480\" data-id=\"3356\" src=\"https:\/\/grundschule-fasanenhof.de\/wp-content\/uploads\/2023\/05\/BJS21.jpeg\" alt=\"\" class=\"wp-image-3356\" srcset=\"https:\/\/grundschule-fasanenhof.de\/wp-content\/uploads\/2023\/05\/BJS21.jpeg 640w, https:\/\/grundschule-fasanenhof.de\/wp-content\/uploads\/2023\/05\/BJS21-300x225.jpeg 300w\" sizes=\"auto, (max-width: 640px) 100vw, 640px\" \/><\/figure>\n\n\n\n<figure class=\"wp-block-image size-large\"><img loading=\"lazy\" decoding=\"async\" width=\"640\" height=\"480\" data-id=\"3357\" src=\"https:\/\/grundschule-fasanenhof.de\/wp-content\/uploads\/2023\/05\/BJS22.jpeg\" alt=\"\" class=\"wp-image-3357\" srcset=\"https:\/\/grundschule-fasanenhof.de\/wp-content\/uploads\/2023\/05\/BJS22.jpeg 640w, https:\/\/grundschule-fasanenhof.de\/wp-content\/uploads\/2023\/05\/BJS22-300x225.jpeg 300w\" sizes=\"auto, (max-width: 640px) 100vw, 640px\" \/><\/figure>\n\n\n\n<figure class=\"wp-block-image size-large\"><img loading=\"lazy\" decoding=\"async\" width=\"640\" height=\"480\" data-id=\"3358\" src=\"https:\/\/grundschule-fasanenhof.de\/wp-content\/uploads\/2023\/05\/BJS23.jpeg\" alt=\"\" class=\"wp-image-3358\" srcset=\"https:\/\/grundschule-fasanenhof.de\/wp-content\/uploads\/2023\/05\/BJS23.jpeg 640w, https:\/\/grundschule-fasanenhof.de\/wp-content\/uploads\/2023\/05\/BJS23-300x225.jpeg 300w\" sizes=\"auto, (max-width: 640px) 100vw, 640px\" \/><\/figure>\n\n\n\n<figure class=\"wp-block-image size-large\"><img loading=\"lazy\" decoding=\"async\" width=\"640\" height=\"480\" data-id=\"3360\" src=\"https:\/\/grundschule-fasanenhof.de\/wp-content\/uploads\/2023\/05\/BJS24.jpeg\" alt=\"\" class=\"wp-image-3360\" srcset=\"https:\/\/grundschule-fasanenhof.de\/wp-content\/uploads\/2023\/05\/BJS24.jpeg 640w, https:\/\/grundschule-fasanenhof.de\/wp-content\/uploads\/2023\/05\/BJS24-300x225.jpeg 300w\" sizes=\"auto, (max-width: 640px) 100vw, 640px\" \/><\/figure>\n\n\n\n<figure class=\"wp-block-image size-large\"><img loading=\"lazy\" decoding=\"async\" width=\"640\" height=\"480\" data-id=\"3361\" src=\"https:\/\/grundschule-fasanenhof.de\/wp-content\/uploads\/2023\/05\/BJS25.jpeg\" alt=\"\" class=\"wp-image-3361\" srcset=\"https:\/\/grundschule-fasanenhof.de\/wp-content\/uploads\/2023\/05\/BJS25.jpeg 640w, https:\/\/grundschule-fasanenhof.de\/wp-content\/uploads\/2023\/05\/BJS25-300x225.jpeg 300w\" sizes=\"auto, (max-width: 640px) 100vw, 640px\" \/><\/figure>\n\n\n\n<figure class=\"wp-block-image size-large\"><img loading=\"lazy\" decoding=\"async\" width=\"640\" height=\"480\" data-id=\"3359\" src=\"https:\/\/grundschule-fasanenhof.de\/wp-content\/uploads\/2023\/05\/BJS26.jpeg\" alt=\"\" class=\"wp-image-3359\" srcset=\"https:\/\/grundschule-fasanenhof.de\/wp-content\/uploads\/2023\/05\/BJS26.jpeg 640w, https:\/\/grundschule-fasanenhof.de\/wp-content\/uploads\/2023\/05\/BJS26-300x225.jpeg 300w\" sizes=\"auto, (max-width: 640px) 100vw, 640px\" \/><\/figure>\n\n\n\n<figure class=\"wp-block-image size-large\"><img loading=\"lazy\" decoding=\"async\" width=\"640\" height=\"480\" data-id=\"3362\" src=\"https:\/\/grundschule-fasanenhof.de\/wp-content\/uploads\/2023\/05\/BJS27.jpeg\" alt=\"\" class=\"wp-image-3362\" srcset=\"https:\/\/grundschule-fasanenhof.de\/wp-content\/uploads\/2023\/05\/BJS27.jpeg 640w, https:\/\/grundschule-fasanenhof.de\/wp-content\/uploads\/2023\/05\/BJS27-300x225.jpeg 300w\" sizes=\"auto, (max-width: 640px) 100vw, 640px\" \/><\/figure>\n\n\n\n<figure class=\"wp-block-image size-large\"><img loading=\"lazy\" decoding=\"async\" width=\"640\" height=\"480\" data-id=\"3363\" src=\"https:\/\/grundschule-fasanenhof.de\/wp-content\/uploads\/2023\/05\/BJS28.jpeg\" alt=\"\" class=\"wp-image-3363\" srcset=\"https:\/\/grundschule-fasanenhof.de\/wp-content\/uploads\/2023\/05\/BJS28.jpeg 640w, https:\/\/grundschule-fasanenhof.de\/wp-content\/uploads\/2023\/05\/BJS28-300x225.jpeg 300w\" sizes=\"auto, (max-width: 640px) 100vw, 640px\" \/><\/figure>\n\n\n\n<figure class=\"wp-block-image size-large\"><img loading=\"lazy\" decoding=\"async\" width=\"640\" height=\"480\" data-id=\"3364\" src=\"https:\/\/grundschule-fasanenhof.de\/wp-content\/uploads\/2023\/05\/BJS29.jpeg\" alt=\"\" class=\"wp-image-3364\" srcset=\"https:\/\/grundschule-fasanenhof.de\/wp-content\/uploads\/2023\/05\/BJS29.jpeg 640w, https:\/\/grundschule-fasanenhof.de\/wp-content\/uploads\/2023\/05\/BJS29-300x225.jpeg 300w\" sizes=\"auto, (max-width: 640px) 100vw, 640px\" \/><\/figure>\n\n\n\n<figure class=\"wp-block-image size-large\"><img loading=\"lazy\" decoding=\"async\" width=\"640\" height=\"480\" data-id=\"3365\" src=\"https:\/\/grundschule-fasanenhof.de\/wp-content\/uploads\/2023\/05\/BJS30.jpeg\" alt=\"\" class=\"wp-image-3365\" srcset=\"https:\/\/grundschule-fasanenhof.de\/wp-content\/uploads\/2023\/05\/BJS30.jpeg 640w, https:\/\/grundschule-fasanenhof.de\/wp-content\/uploads\/2023\/05\/BJS30-300x225.jpeg 300w\" sizes=\"auto, (max-width: 640px) 100vw, 640px\" \/><\/figure>\n\n\n\n<figure class=\"wp-block-image size-large\"><img loading=\"lazy\" decoding=\"async\" width=\"640\" height=\"480\" data-id=\"3367\" src=\"https:\/\/grundschule-fasanenhof.de\/wp-content\/uploads\/2023\/05\/BJS31.jpeg\" alt=\"\" class=\"wp-image-3367\" srcset=\"https:\/\/grundschule-fasanenhof.de\/wp-content\/uploads\/2023\/05\/BJS31.jpeg 640w, https:\/\/grundschule-fasanenhof.de\/wp-content\/uploads\/2023\/05\/BJS31-300x225.jpeg 300w\" sizes=\"auto, (max-width: 640px) 100vw, 640px\" \/><\/figure>\n\n\n\n<figure class=\"wp-block-image size-large\"><img loading=\"lazy\" decoding=\"async\" width=\"640\" height=\"480\" data-id=\"3368\" src=\"https:\/\/grundschule-fasanenhof.de\/wp-content\/uploads\/2023\/05\/BJS32.jpeg\" alt=\"\" class=\"wp-image-3368\" srcset=\"https:\/\/grundschule-fasanenhof.de\/wp-content\/uploads\/2023\/05\/BJS32.jpeg 640w, https:\/\/grundschule-fasanenhof.de\/wp-content\/uploads\/2023\/05\/BJS32-300x225.jpeg 300w\" sizes=\"auto, (max-width: 640px) 100vw, 640px\" \/><\/figure>\n\n\n\n<figure class=\"wp-block-image size-large\"><img loading=\"lazy\" decoding=\"async\" width=\"640\" height=\"480\" data-id=\"3366\" src=\"https:\/\/grundschule-fasanenhof.de\/wp-content\/uploads\/2023\/05\/BJS33.jpeg\" alt=\"\" class=\"wp-image-3366\" srcset=\"https:\/\/grundschule-fasanenhof.de\/wp-content\/uploads\/2023\/05\/BJS33.jpeg 640w, https:\/\/grundschule-fasanenhof.de\/wp-content\/uploads\/2023\/05\/BJS33-300x225.jpeg 300w\" sizes=\"auto, (max-width: 640px) 100vw, 640px\" \/><\/figure>\n\n\n\n<figure class=\"wp-block-image size-large\"><img loading=\"lazy\" decoding=\"async\" width=\"640\" height=\"480\" data-id=\"3369\" src=\"https:\/\/grundschule-fasanenhof.de\/wp-content\/uploads\/2023\/05\/BJS34.jpeg\" alt=\"\" class=\"wp-image-3369\" srcset=\"https:\/\/grundschule-fasanenhof.de\/wp-content\/uploads\/2023\/05\/BJS34.jpeg 640w, https:\/\/grundschule-fasanenhof.de\/wp-content\/uploads\/2023\/05\/BJS34-300x225.jpeg 300w\" sizes=\"auto, (max-width: 640px) 100vw, 640px\" \/><\/figure>\n\n\n\n<figure class=\"wp-block-image size-large\"><img loading=\"lazy\" decoding=\"async\" width=\"640\" height=\"480\" data-id=\"3370\" src=\"https:\/\/grundschule-fasanenhof.de\/wp-content\/uploads\/2023\/05\/BJS35.jpeg\" alt=\"\" class=\"wp-image-3370\" srcset=\"https:\/\/grundschule-fasanenhof.de\/wp-content\/uploads\/2023\/05\/BJS35.jpeg 640w, https:\/\/grundschule-fasanenhof.de\/wp-content\/uploads\/2023\/05\/BJS35-300x225.jpeg 300w\" sizes=\"auto, (max-width: 640px) 100vw, 640px\" \/><\/figure>\n\n\n\n<figure class=\"wp-block-image size-large\"><img loading=\"lazy\" decoding=\"async\" width=\"640\" height=\"480\" data-id=\"3371\" src=\"https:\/\/grundschule-fasanenhof.de\/wp-content\/uploads\/2023\/05\/BJS36.jpeg\" alt=\"\" class=\"wp-image-3371\" srcset=\"https:\/\/grundschule-fasanenhof.de\/wp-content\/uploads\/2023\/05\/BJS36.jpeg 640w, https:\/\/grundschule-fasanenhof.de\/wp-content\/uploads\/2023\/05\/BJS36-300x225.jpeg 300w\" sizes=\"auto, (max-width: 640px) 100vw, 640px\" \/><\/figure>\n\n\n\n<figure class=\"wp-block-image size-large\"><img loading=\"lazy\" decoding=\"async\" width=\"640\" height=\"480\" data-id=\"3372\" src=\"https:\/\/grundschule-fasanenhof.de\/wp-content\/uploads\/2023\/05\/BJS38.jpeg\" alt=\"\" class=\"wp-image-3372\" srcset=\"https:\/\/grundschule-fasanenhof.de\/wp-content\/uploads\/2023\/05\/BJS38.jpeg 640w, https:\/\/grundschule-fasanenhof.de\/wp-content\/uploads\/2023\/05\/BJS38-300x225.jpeg 300w\" sizes=\"auto, (max-width: 640px) 100vw, 640px\" \/><\/figure>\n\n\n\n<figure class=\"wp-block-image size-large\"><img loading=\"lazy\" decoding=\"async\" width=\"480\" height=\"640\" data-id=\"3373\" src=\"https:\/\/grundschule-fasanenhof.de\/wp-content\/uploads\/2023\/05\/BJS39-rotated.jpeg\" alt=\"\" class=\"wp-image-3373\" srcset=\"https:\/\/grundschule-fasanenhof.de\/wp-content\/uploads\/2023\/05\/BJS39-rotated.jpeg 480w, https:\/\/grundschule-fasanenhof.de\/wp-content\/uploads\/2023\/05\/BJS39-225x300.jpeg 225w\" sizes=\"auto, (max-width: 480px) 100vw, 480px\" \/><\/figure>\n\n\n\n<figure class=\"wp-block-image size-large\"><img loading=\"lazy\" decoding=\"async\" width=\"480\" height=\"640\" data-id=\"3374\" src=\"https:\/\/grundschule-fasanenhof.de\/wp-content\/uploads\/2023\/05\/BJS40-rotated.jpeg\" alt=\"\" class=\"wp-image-3374\" srcset=\"https:\/\/grundschule-fasanenhof.de\/wp-content\/uploads\/2023\/05\/BJS40-rotated.jpeg 480w, https:\/\/grundschule-fasanenhof.de\/wp-content\/uploads\/2023\/05\/BJS40-225x300.jpeg 225w\" sizes=\"auto, (max-width: 480px) 100vw, 480px\" \/><\/figure>\n<\/figure>\n\n\n\n<p>Impressionen Rosenmontag 2023<\/p>\n\n\n\n<figure class=\"wp-block-gallery has-nested-images columns-default is-cropped wp-block-gallery-31 is-layout-flex wp-block-gallery-is-layout-flex\">\n<figure class=\"wp-block-image size-large\"><img loading=\"lazy\" decoding=\"async\" width=\"1024\" height=\"766\" data-id=\"3196\" src=\"https:\/\/grundschule-fasanenhof.de\/wp-content\/uploads\/2023\/02\/IMG_20230220_094930-2-1024x766.jpg\" alt=\"\" class=\"wp-image-3196\" srcset=\"https:\/\/grundschule-fasanenhof.de\/wp-content\/uploads\/2023\/02\/IMG_20230220_094930-2-1024x766.jpg 1024w, https:\/\/grundschule-fasanenhof.de\/wp-content\/uploads\/2023\/02\/IMG_20230220_094930-2-300x224.jpg 300w, https:\/\/grundschule-fasanenhof.de\/wp-content\/uploads\/2023\/02\/IMG_20230220_094930-2-768x574.jpg 768w, https:\/\/grundschule-fasanenhof.de\/wp-content\/uploads\/2023\/02\/IMG_20230220_094930-2-1536x1149.jpg 1536w, https:\/\/grundschule-fasanenhof.de\/wp-content\/uploads\/2023\/02\/IMG_20230220_094930-2-2048x1532.jpg 2048w\" sizes=\"auto, (max-width: 1024px) 100vw, 1024px\" \/><\/figure>\n\n\n\n<figure class=\"wp-block-image size-large\"><img loading=\"lazy\" decoding=\"async\" width=\"1024\" height=\"766\" data-id=\"3197\" src=\"https:\/\/grundschule-fasanenhof.de\/wp-content\/uploads\/2023\/02\/IMG_20230220_095204-1-1024x766.jpg\" alt=\"\" class=\"wp-image-3197\" srcset=\"https:\/\/grundschule-fasanenhof.de\/wp-content\/uploads\/2023\/02\/IMG_20230220_095204-1-1024x766.jpg 1024w, https:\/\/grundschule-fasanenhof.de\/wp-content\/uploads\/2023\/02\/IMG_20230220_095204-1-300x224.jpg 300w, https:\/\/grundschule-fasanenhof.de\/wp-content\/uploads\/2023\/02\/IMG_20230220_095204-1-768x574.jpg 768w, https:\/\/grundschule-fasanenhof.de\/wp-content\/uploads\/2023\/02\/IMG_20230220_095204-1-1536x1149.jpg 1536w, https:\/\/grundschule-fasanenhof.de\/wp-content\/uploads\/2023\/02\/IMG_20230220_095204-1-2048x1532.jpg 2048w\" sizes=\"auto, (max-width: 1024px) 100vw, 1024px\" \/><\/figure>\n\n\n\n<figure class=\"wp-block-image size-large\"><img loading=\"lazy\" decoding=\"async\" width=\"1024\" height=\"766\" data-id=\"3193\" src=\"https:\/\/grundschule-fasanenhof.de\/wp-content\/uploads\/2023\/02\/IMG_20230220_095311-1-1024x766.jpg\" alt=\"\" class=\"wp-image-3193\" srcset=\"https:\/\/grundschule-fasanenhof.de\/wp-content\/uploads\/2023\/02\/IMG_20230220_095311-1-1024x766.jpg 1024w, https:\/\/grundschule-fasanenhof.de\/wp-content\/uploads\/2023\/02\/IMG_20230220_095311-1-300x224.jpg 300w, https:\/\/grundschule-fasanenhof.de\/wp-content\/uploads\/2023\/02\/IMG_20230220_095311-1-768x574.jpg 768w, https:\/\/grundschule-fasanenhof.de\/wp-content\/uploads\/2023\/02\/IMG_20230220_095311-1-1536x1149.jpg 1536w, https:\/\/grundschule-fasanenhof.de\/wp-content\/uploads\/2023\/02\/IMG_20230220_095311-1-2048x1532.jpg 2048w\" sizes=\"auto, (max-width: 1024px) 100vw, 1024px\" \/><\/figure>\n\n\n\n<figure class=\"wp-block-image size-large\"><img loading=\"lazy\" decoding=\"async\" width=\"1024\" height=\"766\" data-id=\"3194\" src=\"https:\/\/grundschule-fasanenhof.de\/wp-content\/uploads\/2023\/02\/IMG_20230220_095433-1-1024x766.jpg\" alt=\"\" class=\"wp-image-3194\" srcset=\"https:\/\/grundschule-fasanenhof.de\/wp-content\/uploads\/2023\/02\/IMG_20230220_095433-1-1024x766.jpg 1024w, https:\/\/grundschule-fasanenhof.de\/wp-content\/uploads\/2023\/02\/IMG_20230220_095433-1-300x224.jpg 300w, https:\/\/grundschule-fasanenhof.de\/wp-content\/uploads\/2023\/02\/IMG_20230220_095433-1-768x574.jpg 768w, https:\/\/grundschule-fasanenhof.de\/wp-content\/uploads\/2023\/02\/IMG_20230220_095433-1-1536x1149.jpg 1536w, https:\/\/grundschule-fasanenhof.de\/wp-content\/uploads\/2023\/02\/IMG_20230220_095433-1-2048x1532.jpg 2048w\" sizes=\"auto, (max-width: 1024px) 100vw, 1024px\" \/><\/figure>\n\n\n\n<figure class=\"wp-block-image size-large\"><img loading=\"lazy\" decoding=\"async\" width=\"1024\" height=\"766\" data-id=\"3195\" src=\"https:\/\/grundschule-fasanenhof.de\/wp-content\/uploads\/2023\/02\/IMG_20230220_102327-1-1024x766.jpg\" alt=\"\" class=\"wp-image-3195\" srcset=\"https:\/\/grundschule-fasanenhof.de\/wp-content\/uploads\/2023\/02\/IMG_20230220_102327-1-1024x766.jpg 1024w, https:\/\/grundschule-fasanenhof.de\/wp-content\/uploads\/2023\/02\/IMG_20230220_102327-1-300x224.jpg 300w, https:\/\/grundschule-fasanenhof.de\/wp-content\/uploads\/2023\/02\/IMG_20230220_102327-1-768x574.jpg 768w, https:\/\/grundschule-fasanenhof.de\/wp-content\/uploads\/2023\/02\/IMG_20230220_102327-1-1536x1149.jpg 1536w, https:\/\/grundschule-fasanenhof.de\/wp-content\/uploads\/2023\/02\/IMG_20230220_102327-1-2048x1532.jpg 2048w\" sizes=\"auto, (max-width: 1024px) 100vw, 1024px\" \/><\/figure>\n\n\n\n<figure class=\"wp-block-image size-large\"><img loading=\"lazy\" decoding=\"async\" width=\"1024\" height=\"766\" data-id=\"3192\" src=\"https:\/\/grundschule-fasanenhof.de\/wp-content\/uploads\/2023\/02\/IMG_20230220_120920-1-1024x766.jpg\" alt=\"\" class=\"wp-image-3192\" srcset=\"https:\/\/grundschule-fasanenhof.de\/wp-content\/uploads\/2023\/02\/IMG_20230220_120920-1-1024x766.jpg 1024w, https:\/\/grundschule-fasanenhof.de\/wp-content\/uploads\/2023\/02\/IMG_20230220_120920-1-300x224.jpg 300w, https:\/\/grundschule-fasanenhof.de\/wp-content\/uploads\/2023\/02\/IMG_20230220_120920-1-768x574.jpg 768w, https:\/\/grundschule-fasanenhof.de\/wp-content\/uploads\/2023\/02\/IMG_20230220_120920-1-1536x1149.jpg 1536w, https:\/\/grundschule-fasanenhof.de\/wp-content\/uploads\/2023\/02\/IMG_20230220_120920-1-2048x1532.jpg 2048w\" sizes=\"auto, (max-width: 1024px) 100vw, 1024px\" \/><\/figure>\n\n\n\n<figure class=\"wp-block-image size-large\"><img loading=\"lazy\" decoding=\"async\" width=\"1024\" height=\"768\" data-id=\"3191\" src=\"https:\/\/grundschule-fasanenhof.de\/wp-content\/uploads\/2023\/02\/IMG-20230222-WA0002-1.jpg\" alt=\"\" class=\"wp-image-3191\" srcset=\"https:\/\/grundschule-fasanenhof.de\/wp-content\/uploads\/2023\/02\/IMG-20230222-WA0002-1.jpg 1024w, https:\/\/grundschule-fasanenhof.de\/wp-content\/uploads\/2023\/02\/IMG-20230222-WA0002-1-300x225.jpg 300w, https:\/\/grundschule-fasanenhof.de\/wp-content\/uploads\/2023\/02\/IMG-20230222-WA0002-1-768x576.jpg 768w\" sizes=\"auto, (max-width: 1024px) 100vw, 1024px\" \/><\/figure>\n<\/figure>\n\n\n\n<p>Februar 2023 &#8211; Yoga AG<\/p>\n\n\n\n<figure class=\"wp-block-gallery has-nested-images columns-default is-cropped wp-block-gallery-32 is-layout-flex wp-block-gallery-is-layout-flex\"><\/figure>\n\n\n\n<figure class=\"wp-block-gallery has-nested-images columns-default is-cropped wp-block-gallery-33 is-layout-flex wp-block-gallery-is-layout-flex\">\n<figure class=\"wp-block-image size-large\"><img loading=\"lazy\" decoding=\"async\" width=\"473\" height=\"1024\" data-id=\"3166\" src=\"https:\/\/grundschule-fasanenhof.de\/wp-content\/uploads\/2023\/02\/AG-Leiterinnen-mit-Werbung-1-473x1024.jpg\" alt=\"\" class=\"wp-image-3166\" srcset=\"https:\/\/grundschule-fasanenhof.de\/wp-content\/uploads\/2023\/02\/AG-Leiterinnen-mit-Werbung-1-473x1024.jpg 473w, https:\/\/grundschule-fasanenhof.de\/wp-content\/uploads\/2023\/02\/AG-Leiterinnen-mit-Werbung-1-138x300.jpg 138w, https:\/\/grundschule-fasanenhof.de\/wp-content\/uploads\/2023\/02\/AG-Leiterinnen-mit-Werbung-1-768x1664.jpg 768w, https:\/\/grundschule-fasanenhof.de\/wp-content\/uploads\/2023\/02\/AG-Leiterinnen-mit-Werbung-1-709x1536.jpg 709w, https:\/\/grundschule-fasanenhof.de\/wp-content\/uploads\/2023\/02\/AG-Leiterinnen-mit-Werbung-1-945x2048.jpg 945w, https:\/\/grundschule-fasanenhof.de\/wp-content\/uploads\/2023\/02\/AG-Leiterinnen-mit-Werbung-1-rotated.jpg 1000w\" sizes=\"auto, (max-width: 473px) 100vw, 473px\" \/><\/figure>\n\n\n\n<figure class=\"wp-block-image size-large\"><img loading=\"lazy\" decoding=\"async\" width=\"1024\" height=\"473\" data-id=\"3165\" src=\"https:\/\/grundschule-fasanenhof.de\/wp-content\/uploads\/2023\/02\/1-1-1024x473.jpg\" alt=\"\" class=\"wp-image-3165\" srcset=\"https:\/\/grundschule-fasanenhof.de\/wp-content\/uploads\/2023\/02\/1-1-1024x473.jpg 1024w, https:\/\/grundschule-fasanenhof.de\/wp-content\/uploads\/2023\/02\/1-1-300x138.jpg 300w, https:\/\/grundschule-fasanenhof.de\/wp-content\/uploads\/2023\/02\/1-1-768x354.jpg 768w, https:\/\/grundschule-fasanenhof.de\/wp-content\/uploads\/2023\/02\/1-1.jpg 1300w\" sizes=\"auto, (max-width: 1024px) 100vw, 1024px\" \/><\/figure>\n\n\n\n<figure class=\"wp-block-image size-large\"><img loading=\"lazy\" decoding=\"async\" width=\"1024\" height=\"473\" data-id=\"3164\" src=\"https:\/\/grundschule-fasanenhof.de\/wp-content\/uploads\/2023\/02\/2-1-1024x473.jpg\" alt=\"\" class=\"wp-image-3164\" srcset=\"https:\/\/grundschule-fasanenhof.de\/wp-content\/uploads\/2023\/02\/2-1-1024x473.jpg 1024w, https:\/\/grundschule-fasanenhof.de\/wp-content\/uploads\/2023\/02\/2-1-300x138.jpg 300w, https:\/\/grundschule-fasanenhof.de\/wp-content\/uploads\/2023\/02\/2-1-768x354.jpg 768w, https:\/\/grundschule-fasanenhof.de\/wp-content\/uploads\/2023\/02\/2-1-1536x709.jpg 1536w, https:\/\/grundschule-fasanenhof.de\/wp-content\/uploads\/2023\/02\/2-1.jpg 2000w\" sizes=\"auto, (max-width: 1024px) 100vw, 1024px\" \/><\/figure>\n\n\n\n<figure class=\"wp-block-image size-large\"><img loading=\"lazy\" decoding=\"async\" width=\"1024\" height=\"473\" data-id=\"3169\" src=\"https:\/\/grundschule-fasanenhof.de\/wp-content\/uploads\/2023\/02\/3-1-1024x473.jpg\" alt=\"\" class=\"wp-image-3169\" srcset=\"https:\/\/grundschule-fasanenhof.de\/wp-content\/uploads\/2023\/02\/3-1-1024x473.jpg 1024w, https:\/\/grundschule-fasanenhof.de\/wp-content\/uploads\/2023\/02\/3-1-300x138.jpg 300w, https:\/\/grundschule-fasanenhof.de\/wp-content\/uploads\/2023\/02\/3-1-768x354.jpg 768w, https:\/\/grundschule-fasanenhof.de\/wp-content\/uploads\/2023\/02\/3-1-1536x709.jpg 1536w, https:\/\/grundschule-fasanenhof.de\/wp-content\/uploads\/2023\/02\/3-1.jpg 2000w\" sizes=\"auto, (max-width: 1024px) 100vw, 1024px\" \/><\/figure>\n\n\n\n<figure class=\"wp-block-image size-large\"><img loading=\"lazy\" decoding=\"async\" width=\"473\" height=\"1024\" data-id=\"3167\" src=\"https:\/\/grundschule-fasanenhof.de\/wp-content\/uploads\/2023\/02\/4-1-473x1024.jpg\" alt=\"\" class=\"wp-image-3167\" srcset=\"https:\/\/grundschule-fasanenhof.de\/wp-content\/uploads\/2023\/02\/4-1-473x1024.jpg 473w, https:\/\/grundschule-fasanenhof.de\/wp-content\/uploads\/2023\/02\/4-1-138x300.jpg 138w, https:\/\/grundschule-fasanenhof.de\/wp-content\/uploads\/2023\/02\/4-1-768x1664.jpg 768w, https:\/\/grundschule-fasanenhof.de\/wp-content\/uploads\/2023\/02\/4-1-709x1536.jpg 709w, https:\/\/grundschule-fasanenhof.de\/wp-content\/uploads\/2023\/02\/4-1.jpg 800w\" sizes=\"auto, (max-width: 473px) 100vw, 473px\" \/><\/figure>\n\n\n\n<figure class=\"wp-block-image size-large\"><img loading=\"lazy\" decoding=\"async\" width=\"473\" height=\"1024\" data-id=\"3168\" src=\"https:\/\/grundschule-fasanenhof.de\/wp-content\/uploads\/2023\/02\/5-1-473x1024.jpg\" alt=\"\" class=\"wp-image-3168\" srcset=\"https:\/\/grundschule-fasanenhof.de\/wp-content\/uploads\/2023\/02\/5-1-473x1024.jpg 473w, https:\/\/grundschule-fasanenhof.de\/wp-content\/uploads\/2023\/02\/5-1-138x300.jpg 138w, https:\/\/grundschule-fasanenhof.de\/wp-content\/uploads\/2023\/02\/5-1-768x1664.jpg 768w, https:\/\/grundschule-fasanenhof.de\/wp-content\/uploads\/2023\/02\/5-1-709x1536.jpg 709w, https:\/\/grundschule-fasanenhof.de\/wp-content\/uploads\/2023\/02\/5-1-rotated.jpg 800w\" sizes=\"auto, (max-width: 473px) 100vw, 473px\" \/><\/figure>\n<\/figure>\n\n\n\n<p>&nbsp;<\/p>\n\n\n\n<p><\/p>\n\n\n\n<p><\/p>\n","protected":false},"excerpt":{"rendered":"<p>16. Februar 2026 &#8211; Bunte Kost\u00fcme am Rosenmontag 15. Dezember 2025 &#8211; Eindr\u00fccke vom abschlie\u00dfenden Adventssingen 09. Dezember 2025 &#8211; &hellip; <\/p>\n","protected":false},"author":1,"featured_media":0,"comment_status":"open","ping_status":"open","sticky":false,"template":"","format":"aside","meta":{"footnotes":""},"categories":[1],"tags":[],"class_list":["post-2602","post","type-post","status-publish","format-aside","hentry","category-uncategorized","post_format-post-format-aside"],"_links":{"self":[{"href":"https:\/\/grundschule-fasanenhof.de\/index.php?rest_route=\/wp\/v2\/posts\/2602","targetHints":{"allow":["GET"]}}],"collection":[{"href":"https:\/\/grundschule-fasanenhof.de\/index.php?rest_route=\/wp\/v2\/posts"}],"about":[{"href":"https:\/\/grundschule-fasanenhof.de\/index.php?rest_route=\/wp\/v2\/types\/post"}],"author":[{"embeddable":true,"href":"https:\/\/grundschule-fasanenhof.de\/index.php?rest_route=\/wp\/v2\/users\/1"}],"replies":[{"embeddable":true,"href":"https:\/\/grundschule-fasanenhof.de\/index.php?rest_route=%2Fwp%2Fv2%2Fcomments&post=2602"}],"version-history":[{"count":69,"href":"https:\/\/grundschule-fasanenhof.de\/index.php?rest_route=\/wp\/v2\/posts\/2602\/revisions"}],"predecessor-version":[{"id":5383,"href":"https:\/\/grundschule-fasanenhof.de\/index.php?rest_route=\/wp\/v2\/posts\/2602\/revisions\/5383"}],"wp:attachment":[{"href":"https:\/\/grundschule-fasanenhof.de\/index.php?rest_route=%2Fwp%2Fv2%2Fmedia&parent=2602"}],"wp:term":[{"taxonomy":"category","embeddable":true,"href":"https:\/\/grundschule-fasanenhof.de\/index.php?rest_route=%2Fwp%2Fv2%2Fcategories&post=2602"},{"taxonomy":"post_tag","embeddable":true,"href":"https:\/\/grundschule-fasanenhof.de\/index.php?rest_route=%2Fwp%2Fv2%2Ftags&post=2602"}],"curies":[{"name":"wp","href":"https:\/\/api.w.org\/{rel}","templated":true}]}}