{"id":2536,"date":"2022-09-24T07:54:17","date_gmt":"2022-09-24T07:54:17","guid":{"rendered":"https:\/\/grundschule-fasanenhof.de\/?p=2536"},"modified":"2026-04-22T14:53:17","modified_gmt":"2026-04-22T14:53:17","slug":"jahresplanung","status":"publish","type":"post","link":"https:\/\/grundschule-fasanenhof.de\/?p=2536","title":{"rendered":"Aus dem Schulleben"},"content":{"rendered":"\n<h2 class=\"wp-block-heading\">Das Spielraumtheater war mit spannenden St\u00fccken bei uns<\/h2>\n\n\n\n<p>Vom 20. bis 22.04.26 war wieder einmal das Spielraumtheater bei uns zu Gast.  Die Kinder freuten sich \u00fcber das gef\u00fchlvolle St\u00fcck &#8222;Herr Sturm und seinen Wurm&#8220;, den witzigen Krimi &#8222;Die unglaubliche Geschichte eines Hasen&#8220; und \u00fcber die politische Vorf\u00fchrung &#8222;Der Aufsatz&#8220;. Wir bedanken uns bei Herrn Becker f\u00fcr die unterhaltsame und im Falle von &#8222;Der Aufsatz&#8220; lehrreiche Zeit!<\/p>\n\n\n\n<figure class=\"wp-block-gallery has-nested-images columns-default is-cropped wp-block-gallery-1 is-layout-flex wp-block-gallery-is-layout-flex\">\n<figure class=\"wp-block-image size-large\"><img loading=\"lazy\" decoding=\"async\" width=\"1024\" height=\"576\" data-id=\"5494\" src=\"https:\/\/grundschule-fasanenhof.de\/wp-content\/uploads\/2022\/09\/IMG_20260422_100728-1024x576.jpg\" alt=\"\" class=\"wp-image-5494\" srcset=\"https:\/\/grundschule-fasanenhof.de\/wp-content\/uploads\/2022\/09\/IMG_20260422_100728-1024x576.jpg 1024w, https:\/\/grundschule-fasanenhof.de\/wp-content\/uploads\/2022\/09\/IMG_20260422_100728-300x169.jpg 300w, https:\/\/grundschule-fasanenhof.de\/wp-content\/uploads\/2022\/09\/IMG_20260422_100728-768x432.jpg 768w, https:\/\/grundschule-fasanenhof.de\/wp-content\/uploads\/2022\/09\/IMG_20260422_100728-1536x864.jpg 1536w, https:\/\/grundschule-fasanenhof.de\/wp-content\/uploads\/2022\/09\/IMG_20260422_100728-2048x1152.jpg 2048w\" sizes=\"auto, (max-width: 1024px) 100vw, 1024px\" \/><\/figure>\n\n\n\n<figure class=\"wp-block-image size-large\"><img loading=\"lazy\" decoding=\"async\" width=\"1024\" height=\"576\" data-id=\"5495\" src=\"https:\/\/grundschule-fasanenhof.de\/wp-content\/uploads\/2022\/09\/IMG_20260422_101422-1024x576.jpg\" alt=\"\" class=\"wp-image-5495\" srcset=\"https:\/\/grundschule-fasanenhof.de\/wp-content\/uploads\/2022\/09\/IMG_20260422_101422-1024x576.jpg 1024w, https:\/\/grundschule-fasanenhof.de\/wp-content\/uploads\/2022\/09\/IMG_20260422_101422-300x169.jpg 300w, https:\/\/grundschule-fasanenhof.de\/wp-content\/uploads\/2022\/09\/IMG_20260422_101422-768x432.jpg 768w, https:\/\/grundschule-fasanenhof.de\/wp-content\/uploads\/2022\/09\/IMG_20260422_101422-1536x864.jpg 1536w, https:\/\/grundschule-fasanenhof.de\/wp-content\/uploads\/2022\/09\/IMG_20260422_101422-2048x1152.jpg 2048w\" sizes=\"auto, (max-width: 1024px) 100vw, 1024px\" \/><\/figure>\n\n\n\n<figure class=\"wp-block-image size-large\"><img loading=\"lazy\" decoding=\"async\" width=\"1024\" height=\"576\" data-id=\"5496\" src=\"https:\/\/grundschule-fasanenhof.de\/wp-content\/uploads\/2022\/09\/IMG_20260422_102740-1024x576.jpg\" alt=\"\" class=\"wp-image-5496\" srcset=\"https:\/\/grundschule-fasanenhof.de\/wp-content\/uploads\/2022\/09\/IMG_20260422_102740-1024x576.jpg 1024w, https:\/\/grundschule-fasanenhof.de\/wp-content\/uploads\/2022\/09\/IMG_20260422_102740-300x169.jpg 300w, https:\/\/grundschule-fasanenhof.de\/wp-content\/uploads\/2022\/09\/IMG_20260422_102740-768x432.jpg 768w, https:\/\/grundschule-fasanenhof.de\/wp-content\/uploads\/2022\/09\/IMG_20260422_102740-1536x864.jpg 1536w, https:\/\/grundschule-fasanenhof.de\/wp-content\/uploads\/2022\/09\/IMG_20260422_102740-2048x1152.jpg 2048w\" sizes=\"auto, (max-width: 1024px) 100vw, 1024px\" \/><\/figure>\n<\/figure>\n\n\n\n<h2 class=\"wp-block-heading\">Die Fasanenhofschule begr\u00fc\u00dft den Fr\u00fchling<\/h2>\n\n\n\n<p>Am letzten Schultag vor den Osterferien traf sich unsere Schulgemeinde in der Aula, um den Fr\u00fchling zu begr\u00fc\u00dfen. Mit gemeinsam gesungenen Fr\u00fchlingsliedern, die von Herrn Peter am Klavier begleitet wurden, und stimmungsvollen Gedichten, konnten wir sogar die Fr\u00fchlingssonne ein wenig hervorlocken. Anschlie\u00dfend starteten wir fr\u00f6hlich in die Osterferien.<\/p>\n\n\n\n<figure class=\"wp-block-gallery has-nested-images columns-default is-cropped wp-block-gallery-2 is-layout-flex wp-block-gallery-is-layout-flex\">\n<figure class=\"wp-block-image size-large\"><img loading=\"lazy\" decoding=\"async\" width=\"1024\" height=\"768\" data-id=\"5467\" src=\"https:\/\/grundschule-fasanenhof.de\/wp-content\/uploads\/2022\/09\/IMG-20260327-WA0006-1-1024x768.jpg\" alt=\"\" class=\"wp-image-5467\" srcset=\"https:\/\/grundschule-fasanenhof.de\/wp-content\/uploads\/2022\/09\/IMG-20260327-WA0006-1-1024x768.jpg 1024w, https:\/\/grundschule-fasanenhof.de\/wp-content\/uploads\/2022\/09\/IMG-20260327-WA0006-1-300x225.jpg 300w, https:\/\/grundschule-fasanenhof.de\/wp-content\/uploads\/2022\/09\/IMG-20260327-WA0006-1-768x576.jpg 768w, https:\/\/grundschule-fasanenhof.de\/wp-content\/uploads\/2022\/09\/IMG-20260327-WA0006-1-1536x1152.jpg 1536w, https:\/\/grundschule-fasanenhof.de\/wp-content\/uploads\/2022\/09\/IMG-20260327-WA0006-1.jpg 1600w\" sizes=\"auto, (max-width: 1024px) 100vw, 1024px\" \/><\/figure>\n\n\n\n<figure class=\"wp-block-image size-large\"><img loading=\"lazy\" decoding=\"async\" width=\"768\" height=\"1024\" data-id=\"5468\" src=\"https:\/\/grundschule-fasanenhof.de\/wp-content\/uploads\/2022\/09\/IMG-20260327-WA0005-768x1024.jpg\" alt=\"\" class=\"wp-image-5468\" srcset=\"https:\/\/grundschule-fasanenhof.de\/wp-content\/uploads\/2022\/09\/IMG-20260327-WA0005-768x1024.jpg 768w, https:\/\/grundschule-fasanenhof.de\/wp-content\/uploads\/2022\/09\/IMG-20260327-WA0005-225x300.jpg 225w, https:\/\/grundschule-fasanenhof.de\/wp-content\/uploads\/2022\/09\/IMG-20260327-WA0005-1152x1536.jpg 1152w, https:\/\/grundschule-fasanenhof.de\/wp-content\/uploads\/2022\/09\/IMG-20260327-WA0005.jpg 1200w\" sizes=\"auto, (max-width: 768px) 100vw, 768px\" \/><\/figure>\n\n\n\n<figure class=\"wp-block-image size-large\"><img loading=\"lazy\" decoding=\"async\" width=\"1024\" height=\"768\" data-id=\"5470\" src=\"https:\/\/grundschule-fasanenhof.de\/wp-content\/uploads\/2022\/09\/IMG-20260327-WA0007-1024x768.jpg\" alt=\"\" class=\"wp-image-5470\" srcset=\"https:\/\/grundschule-fasanenhof.de\/wp-content\/uploads\/2022\/09\/IMG-20260327-WA0007-1024x768.jpg 1024w, https:\/\/grundschule-fasanenhof.de\/wp-content\/uploads\/2022\/09\/IMG-20260327-WA0007-300x225.jpg 300w, https:\/\/grundschule-fasanenhof.de\/wp-content\/uploads\/2022\/09\/IMG-20260327-WA0007-768x576.jpg 768w, https:\/\/grundschule-fasanenhof.de\/wp-content\/uploads\/2022\/09\/IMG-20260327-WA0007-1536x1152.jpg 1536w, https:\/\/grundschule-fasanenhof.de\/wp-content\/uploads\/2022\/09\/IMG-20260327-WA0007.jpg 1600w\" sizes=\"auto, (max-width: 1024px) 100vw, 1024px\" \/><\/figure>\n\n\n\n<figure class=\"wp-block-image size-large\"><img loading=\"lazy\" decoding=\"async\" width=\"768\" height=\"1024\" data-id=\"5469\" src=\"https:\/\/grundschule-fasanenhof.de\/wp-content\/uploads\/2022\/09\/IMG-20260327-WA0008-768x1024.jpg\" alt=\"\" class=\"wp-image-5469\" srcset=\"https:\/\/grundschule-fasanenhof.de\/wp-content\/uploads\/2022\/09\/IMG-20260327-WA0008-768x1024.jpg 768w, https:\/\/grundschule-fasanenhof.de\/wp-content\/uploads\/2022\/09\/IMG-20260327-WA0008-225x300.jpg 225w, https:\/\/grundschule-fasanenhof.de\/wp-content\/uploads\/2022\/09\/IMG-20260327-WA0008-1152x1536.jpg 1152w, https:\/\/grundschule-fasanenhof.de\/wp-content\/uploads\/2022\/09\/IMG-20260327-WA0008.jpg 1200w\" sizes=\"auto, (max-width: 768px) 100vw, 768px\" \/><\/figure>\n<\/figure>\n\n\n\n<figure class=\"wp-block-gallery has-nested-images columns-default is-cropped wp-block-gallery-3 is-layout-flex wp-block-gallery-is-layout-flex\"><\/figure>\n\n\n\n<h2 class=\"wp-block-heading\">Im M\u00e4rz wurde es s\u00fc\u00df &#8211; Schokoladen-Workshop der Klasse 2c<\/h2>\n\n\n\n<p>Im Rahmen einer Zusammenarbeit von der Kinder- und Jugendb\u00fccherei und dem Weltladen KARIBU nahmen wir an einem Schokoladen-Workshop teil. Wir lernten, aus welchen L\u00e4ndern die Kakaobohnen kommen, wie und unter welchen Bedingungen sie angebaut werden, was Fair-Trade ist und welche Zutaten in Schokolade stecken. Anschlie\u00dfend sahen wir einen Film \u00fcber die Herstellung und den Anbau von Kakao.<\/p>\n\n\n\n<p>Dann kam das Beste: Wir stellten unsere eigenen Pralinen her!&nbsp; Aus Kakao, Zucker, Milchpulver und Kakaobutter r\u00fchrten wir unsere eigene Schokolade zusammen. Die Masse f\u00fcllten wir in F\u00f6rmchen und k\u00fchlten sie ab. Das Ergebnis waren k\u00f6stliche Pralinen. Die mussten nat\u00fcrlich gleich probiert werden. Zum Schluss durften wir uns im KARIBU-Laden umsehen. Die Produkte aus fairem Handel konnten wir schnell am Siegel erkennen! Das war ein lehrreicher und leckerer Schultag.<\/p>\n\n\n\n<figure class=\"wp-block-gallery has-nested-images columns-default is-cropped wp-block-gallery-4 is-layout-flex wp-block-gallery-is-layout-flex\">\n<figure class=\"wp-block-image size-large\"><img loading=\"lazy\" decoding=\"async\" width=\"768\" height=\"1024\" data-id=\"5439\" src=\"https:\/\/grundschule-fasanenhof.de\/wp-content\/uploads\/2022\/09\/IMG-20260312-WA0001-768x1024.jpg\" alt=\"\" class=\"wp-image-5439\" srcset=\"https:\/\/grundschule-fasanenhof.de\/wp-content\/uploads\/2022\/09\/IMG-20260312-WA0001-768x1024.jpg 768w, https:\/\/grundschule-fasanenhof.de\/wp-content\/uploads\/2022\/09\/IMG-20260312-WA0001-225x300.jpg 225w, https:\/\/grundschule-fasanenhof.de\/wp-content\/uploads\/2022\/09\/IMG-20260312-WA0001-1152x1536.jpg 1152w, https:\/\/grundschule-fasanenhof.de\/wp-content\/uploads\/2022\/09\/IMG-20260312-WA0001.jpg 1200w\" sizes=\"auto, (max-width: 768px) 100vw, 768px\" \/><\/figure>\n\n\n\n<figure class=\"wp-block-image size-large\"><img loading=\"lazy\" decoding=\"async\" width=\"768\" height=\"1024\" data-id=\"5445\" src=\"https:\/\/grundschule-fasanenhof.de\/wp-content\/uploads\/2022\/09\/IMG-20260311-WA0014-768x1024.jpg\" alt=\"\" class=\"wp-image-5445\" srcset=\"https:\/\/grundschule-fasanenhof.de\/wp-content\/uploads\/2022\/09\/IMG-20260311-WA0014-768x1024.jpg 768w, https:\/\/grundschule-fasanenhof.de\/wp-content\/uploads\/2022\/09\/IMG-20260311-WA0014-225x300.jpg 225w, https:\/\/grundschule-fasanenhof.de\/wp-content\/uploads\/2022\/09\/IMG-20260311-WA0014-1152x1536.jpg 1152w, https:\/\/grundschule-fasanenhof.de\/wp-content\/uploads\/2022\/09\/IMG-20260311-WA0014.jpg 1536w\" sizes=\"auto, (max-width: 768px) 100vw, 768px\" \/><\/figure>\n\n\n\n<figure class=\"wp-block-image size-large\"><img loading=\"lazy\" decoding=\"async\" width=\"768\" height=\"1024\" data-id=\"5444\" src=\"https:\/\/grundschule-fasanenhof.de\/wp-content\/uploads\/2022\/09\/IMG-20260311-WA0015-768x1024.jpg\" alt=\"\" class=\"wp-image-5444\" srcset=\"https:\/\/grundschule-fasanenhof.de\/wp-content\/uploads\/2022\/09\/IMG-20260311-WA0015-768x1024.jpg 768w, https:\/\/grundschule-fasanenhof.de\/wp-content\/uploads\/2022\/09\/IMG-20260311-WA0015-225x300.jpg 225w, https:\/\/grundschule-fasanenhof.de\/wp-content\/uploads\/2022\/09\/IMG-20260311-WA0015-1152x1536.jpg 1152w, https:\/\/grundschule-fasanenhof.de\/wp-content\/uploads\/2022\/09\/IMG-20260311-WA0015.jpg 1536w\" sizes=\"auto, (max-width: 768px) 100vw, 768px\" \/><\/figure>\n\n\n\n<figure class=\"wp-block-image size-large\"><img loading=\"lazy\" decoding=\"async\" width=\"768\" height=\"1024\" data-id=\"5447\" src=\"https:\/\/grundschule-fasanenhof.de\/wp-content\/uploads\/2022\/09\/IMG-20260311-WA0016-768x1024.jpg\" alt=\"\" class=\"wp-image-5447\" srcset=\"https:\/\/grundschule-fasanenhof.de\/wp-content\/uploads\/2022\/09\/IMG-20260311-WA0016-768x1024.jpg 768w, https:\/\/grundschule-fasanenhof.de\/wp-content\/uploads\/2022\/09\/IMG-20260311-WA0016-225x300.jpg 225w, https:\/\/grundschule-fasanenhof.de\/wp-content\/uploads\/2022\/09\/IMG-20260311-WA0016-1152x1536.jpg 1152w, https:\/\/grundschule-fasanenhof.de\/wp-content\/uploads\/2022\/09\/IMG-20260311-WA0016.jpg 1536w\" sizes=\"auto, (max-width: 768px) 100vw, 768px\" \/><\/figure>\n\n\n\n<figure class=\"wp-block-image size-large\"><img loading=\"lazy\" decoding=\"async\" width=\"768\" height=\"1024\" data-id=\"5443\" src=\"https:\/\/grundschule-fasanenhof.de\/wp-content\/uploads\/2022\/09\/IMG-20260311-WA0011-768x1024.jpg\" alt=\"\" class=\"wp-image-5443\" srcset=\"https:\/\/grundschule-fasanenhof.de\/wp-content\/uploads\/2022\/09\/IMG-20260311-WA0011-768x1024.jpg 768w, https:\/\/grundschule-fasanenhof.de\/wp-content\/uploads\/2022\/09\/IMG-20260311-WA0011-225x300.jpg 225w, https:\/\/grundschule-fasanenhof.de\/wp-content\/uploads\/2022\/09\/IMG-20260311-WA0011-1152x1536.jpg 1152w, https:\/\/grundschule-fasanenhof.de\/wp-content\/uploads\/2022\/09\/IMG-20260311-WA0011.jpg 1536w\" sizes=\"auto, (max-width: 768px) 100vw, 768px\" \/><\/figure>\n\n\n\n<figure class=\"wp-block-image size-large\"><img loading=\"lazy\" decoding=\"async\" width=\"768\" height=\"1024\" data-id=\"5441\" src=\"https:\/\/grundschule-fasanenhof.de\/wp-content\/uploads\/2022\/09\/IMG-20260311-WA0012-768x1024.jpg\" alt=\"\" class=\"wp-image-5441\" srcset=\"https:\/\/grundschule-fasanenhof.de\/wp-content\/uploads\/2022\/09\/IMG-20260311-WA0012-768x1024.jpg 768w, https:\/\/grundschule-fasanenhof.de\/wp-content\/uploads\/2022\/09\/IMG-20260311-WA0012-225x300.jpg 225w, https:\/\/grundschule-fasanenhof.de\/wp-content\/uploads\/2022\/09\/IMG-20260311-WA0012-1152x1536.jpg 1152w, https:\/\/grundschule-fasanenhof.de\/wp-content\/uploads\/2022\/09\/IMG-20260311-WA0012.jpg 1536w\" sizes=\"auto, (max-width: 768px) 100vw, 768px\" \/><\/figure>\n\n\n\n<figure class=\"wp-block-image size-large\"><img loading=\"lazy\" decoding=\"async\" width=\"768\" height=\"1024\" data-id=\"5440\" src=\"https:\/\/grundschule-fasanenhof.de\/wp-content\/uploads\/2022\/09\/IMG-20260311-WA0013-768x1024.jpg\" alt=\"\" class=\"wp-image-5440\" srcset=\"https:\/\/grundschule-fasanenhof.de\/wp-content\/uploads\/2022\/09\/IMG-20260311-WA0013-768x1024.jpg 768w, https:\/\/grundschule-fasanenhof.de\/wp-content\/uploads\/2022\/09\/IMG-20260311-WA0013-225x300.jpg 225w, https:\/\/grundschule-fasanenhof.de\/wp-content\/uploads\/2022\/09\/IMG-20260311-WA0013-1152x1536.jpg 1152w, https:\/\/grundschule-fasanenhof.de\/wp-content\/uploads\/2022\/09\/IMG-20260311-WA0013.jpg 1536w\" sizes=\"auto, (max-width: 768px) 100vw, 768px\" \/><\/figure>\n\n\n\n<figure class=\"wp-block-image size-large\"><img loading=\"lazy\" decoding=\"async\" width=\"768\" height=\"1024\" data-id=\"5446\" src=\"https:\/\/grundschule-fasanenhof.de\/wp-content\/uploads\/2022\/09\/IMG-20260311-WA0009-768x1024.jpg\" alt=\"\" class=\"wp-image-5446\" srcset=\"https:\/\/grundschule-fasanenhof.de\/wp-content\/uploads\/2022\/09\/IMG-20260311-WA0009-768x1024.jpg 768w, https:\/\/grundschule-fasanenhof.de\/wp-content\/uploads\/2022\/09\/IMG-20260311-WA0009-225x300.jpg 225w, https:\/\/grundschule-fasanenhof.de\/wp-content\/uploads\/2022\/09\/IMG-20260311-WA0009-1152x1536.jpg 1152w, https:\/\/grundschule-fasanenhof.de\/wp-content\/uploads\/2022\/09\/IMG-20260311-WA0009.jpg 1536w\" sizes=\"auto, (max-width: 768px) 100vw, 768px\" \/><\/figure>\n\n\n\n<figure class=\"wp-block-image size-large\"><img loading=\"lazy\" decoding=\"async\" width=\"768\" height=\"1024\" data-id=\"5442\" src=\"https:\/\/grundschule-fasanenhof.de\/wp-content\/uploads\/2022\/09\/IMG-20260311-WA0010-768x1024.jpg\" alt=\"\" class=\"wp-image-5442\" srcset=\"https:\/\/grundschule-fasanenhof.de\/wp-content\/uploads\/2022\/09\/IMG-20260311-WA0010-768x1024.jpg 768w, https:\/\/grundschule-fasanenhof.de\/wp-content\/uploads\/2022\/09\/IMG-20260311-WA0010-225x300.jpg 225w, https:\/\/grundschule-fasanenhof.de\/wp-content\/uploads\/2022\/09\/IMG-20260311-WA0010-1152x1536.jpg 1152w, https:\/\/grundschule-fasanenhof.de\/wp-content\/uploads\/2022\/09\/IMG-20260311-WA0010.jpg 1536w\" sizes=\"auto, (max-width: 768px) 100vw, 768px\" \/><\/figure>\n<\/figure>\n\n\n\n<h2 class=\"wp-block-heading\">Kantenmodelle &#8211; Die 2c zeigt Geschick beim Bauen von geometrischen K\u00f6rpern<\/h2>\n\n\n\n<figure class=\"wp-block-image size-large\"><img loading=\"lazy\" decoding=\"async\" width=\"724\" height=\"1024\" src=\"https:\/\/grundschule-fasanenhof.de\/wp-content\/uploads\/2022\/09\/Kantenmodellbau-1-724x1024.jpg\" alt=\"\" class=\"wp-image-5419\" srcset=\"https:\/\/grundschule-fasanenhof.de\/wp-content\/uploads\/2022\/09\/Kantenmodellbau-1-724x1024.jpg 724w, https:\/\/grundschule-fasanenhof.de\/wp-content\/uploads\/2022\/09\/Kantenmodellbau-1-212x300.jpg 212w, https:\/\/grundschule-fasanenhof.de\/wp-content\/uploads\/2022\/09\/Kantenmodellbau-1-768x1086.jpg 768w, https:\/\/grundschule-fasanenhof.de\/wp-content\/uploads\/2022\/09\/Kantenmodellbau-1-1086x1536.jpg 1086w, https:\/\/grundschule-fasanenhof.de\/wp-content\/uploads\/2022\/09\/Kantenmodellbau-1-1448x2048.jpg 1448w, https:\/\/grundschule-fasanenhof.de\/wp-content\/uploads\/2022\/09\/Kantenmodellbau-1-scaled.jpg 1810w\" sizes=\"auto, (max-width: 724px) 100vw, 724px\" \/><\/figure>\n\n\n\n<h2 class=\"wp-block-heading\">Faszination Schach<\/h2>\n\n\n\n<p>Mitte Februar besuchten die Klassen 4b und 3b das Kassler <strong>dez<\/strong> und nahmen an der Kinderschachinitiative &#8222;Faszination Schach &#8211; Kinder f\u00f6rdern und fordern&#8220; teil. Unter der Leitung des Gro\u00dfmeisters Sebastian Siebrecht lernten die Kinder verschiedene Schachz\u00fcge kennen und setzten diese in eigenen kleinen Schachpartien um. Hier hie\u00df es fokussieren und konzentrieren.<\/p>\n\n\n\n<figure class=\"wp-block-gallery has-nested-images columns-default is-cropped wp-block-gallery-5 is-layout-flex wp-block-gallery-is-layout-flex\">\n<figure class=\"wp-block-image size-large\"><img loading=\"lazy\" decoding=\"async\" width=\"461\" height=\"1024\" data-id=\"5405\" src=\"https:\/\/grundschule-fasanenhof.de\/wp-content\/uploads\/2022\/09\/1000065932-2-461x1024.jpg\" alt=\"\" class=\"wp-image-5405\" srcset=\"https:\/\/grundschule-fasanenhof.de\/wp-content\/uploads\/2022\/09\/1000065932-2-461x1024.jpg 461w, https:\/\/grundschule-fasanenhof.de\/wp-content\/uploads\/2022\/09\/1000065932-2-135x300.jpg 135w, https:\/\/grundschule-fasanenhof.de\/wp-content\/uploads\/2022\/09\/1000065932-2-768x1707.jpg 768w, https:\/\/grundschule-fasanenhof.de\/wp-content\/uploads\/2022\/09\/1000065932-2-691x1536.jpg 691w, https:\/\/grundschule-fasanenhof.de\/wp-content\/uploads\/2022\/09\/1000065932-2-922x2048.jpg 922w, https:\/\/grundschule-fasanenhof.de\/wp-content\/uploads\/2022\/09\/1000065932-2-scaled.jpg 1152w\" sizes=\"auto, (max-width: 461px) 100vw, 461px\" \/><\/figure>\n\n\n\n<figure class=\"wp-block-image size-large\"><img loading=\"lazy\" decoding=\"async\" width=\"461\" height=\"1024\" data-id=\"5407\" src=\"https:\/\/grundschule-fasanenhof.de\/wp-content\/uploads\/2022\/09\/1000065937-2-461x1024.jpg\" alt=\"\" class=\"wp-image-5407\" srcset=\"https:\/\/grundschule-fasanenhof.de\/wp-content\/uploads\/2022\/09\/1000065937-2-461x1024.jpg 461w, https:\/\/grundschule-fasanenhof.de\/wp-content\/uploads\/2022\/09\/1000065937-2-135x300.jpg 135w, https:\/\/grundschule-fasanenhof.de\/wp-content\/uploads\/2022\/09\/1000065937-2-768x1707.jpg 768w, https:\/\/grundschule-fasanenhof.de\/wp-content\/uploads\/2022\/09\/1000065937-2-691x1536.jpg 691w, https:\/\/grundschule-fasanenhof.de\/wp-content\/uploads\/2022\/09\/1000065937-2-922x2048.jpg 922w, https:\/\/grundschule-fasanenhof.de\/wp-content\/uploads\/2022\/09\/1000065937-2-scaled.jpg 1152w\" sizes=\"auto, (max-width: 461px) 100vw, 461px\" \/><\/figure>\n\n\n\n<figure class=\"wp-block-image size-large\"><img loading=\"lazy\" decoding=\"async\" width=\"1024\" height=\"461\" data-id=\"5406\" src=\"https:\/\/grundschule-fasanenhof.de\/wp-content\/uploads\/2022\/09\/1000065940-2-1024x461.jpg\" alt=\"\" class=\"wp-image-5406\" srcset=\"https:\/\/grundschule-fasanenhof.de\/wp-content\/uploads\/2022\/09\/1000065940-2-1024x461.jpg 1024w, https:\/\/grundschule-fasanenhof.de\/wp-content\/uploads\/2022\/09\/1000065940-2-300x135.jpg 300w, https:\/\/grundschule-fasanenhof.de\/wp-content\/uploads\/2022\/09\/1000065940-2-768x346.jpg 768w, https:\/\/grundschule-fasanenhof.de\/wp-content\/uploads\/2022\/09\/1000065940-2-1536x691.jpg 1536w, https:\/\/grundschule-fasanenhof.de\/wp-content\/uploads\/2022\/09\/1000065940-2-2048x922.jpg 2048w\" sizes=\"auto, (max-width: 1024px) 100vw, 1024px\" \/><\/figure>\n\n\n\n<figure class=\"wp-block-image size-large\"><img loading=\"lazy\" decoding=\"async\" width=\"1024\" height=\"461\" data-id=\"5409\" src=\"https:\/\/grundschule-fasanenhof.de\/wp-content\/uploads\/2022\/09\/1000065944-2-1024x461.jpg\" alt=\"\" class=\"wp-image-5409\" srcset=\"https:\/\/grundschule-fasanenhof.de\/wp-content\/uploads\/2022\/09\/1000065944-2-1024x461.jpg 1024w, https:\/\/grundschule-fasanenhof.de\/wp-content\/uploads\/2022\/09\/1000065944-2-300x135.jpg 300w, https:\/\/grundschule-fasanenhof.de\/wp-content\/uploads\/2022\/09\/1000065944-2-768x346.jpg 768w, https:\/\/grundschule-fasanenhof.de\/wp-content\/uploads\/2022\/09\/1000065944-2-1536x691.jpg 1536w, https:\/\/grundschule-fasanenhof.de\/wp-content\/uploads\/2022\/09\/1000065944-2-2048x922.jpg 2048w\" sizes=\"auto, (max-width: 1024px) 100vw, 1024px\" \/><\/figure>\n\n\n\n<figure class=\"wp-block-image size-large\"><img loading=\"lazy\" decoding=\"async\" width=\"1024\" height=\"461\" data-id=\"5408\" src=\"https:\/\/grundschule-fasanenhof.de\/wp-content\/uploads\/2022\/09\/1000065947-2-1024x461.jpg\" alt=\"\" class=\"wp-image-5408\" srcset=\"https:\/\/grundschule-fasanenhof.de\/wp-content\/uploads\/2022\/09\/1000065947-2-1024x461.jpg 1024w, https:\/\/grundschule-fasanenhof.de\/wp-content\/uploads\/2022\/09\/1000065947-2-300x135.jpg 300w, https:\/\/grundschule-fasanenhof.de\/wp-content\/uploads\/2022\/09\/1000065947-2-768x346.jpg 768w, https:\/\/grundschule-fasanenhof.de\/wp-content\/uploads\/2022\/09\/1000065947-2-1536x691.jpg 1536w, https:\/\/grundschule-fasanenhof.de\/wp-content\/uploads\/2022\/09\/1000065947-2-2048x922.jpg 2048w\" sizes=\"auto, (max-width: 1024px) 100vw, 1024px\" \/><\/figure>\n\n\n\n<figure class=\"wp-block-image size-large\"><img loading=\"lazy\" decoding=\"async\" width=\"994\" height=\"1024\" data-id=\"5410\" src=\"https:\/\/grundschule-fasanenhof.de\/wp-content\/uploads\/2022\/09\/IMG_20260217_100353_edit_92414241072356-2-994x1024.jpg\" alt=\"\" class=\"wp-image-5410\" srcset=\"https:\/\/grundschule-fasanenhof.de\/wp-content\/uploads\/2022\/09\/IMG_20260217_100353_edit_92414241072356-2-994x1024.jpg 994w, https:\/\/grundschule-fasanenhof.de\/wp-content\/uploads\/2022\/09\/IMG_20260217_100353_edit_92414241072356-2-291x300.jpg 291w, https:\/\/grundschule-fasanenhof.de\/wp-content\/uploads\/2022\/09\/IMG_20260217_100353_edit_92414241072356-2-768x791.jpg 768w, https:\/\/grundschule-fasanenhof.de\/wp-content\/uploads\/2022\/09\/IMG_20260217_100353_edit_92414241072356-2-1492x1536.jpg 1492w, https:\/\/grundschule-fasanenhof.de\/wp-content\/uploads\/2022\/09\/IMG_20260217_100353_edit_92414241072356-2-1989x2048.jpg 1989w\" sizes=\"auto, (max-width: 994px) 100vw, 994px\" \/><figcaption class=\"wp-element-caption\">rbt<\/figcaption><\/figure>\n\n\n\n<figure class=\"wp-block-image size-large\"><img loading=\"lazy\" decoding=\"async\" width=\"919\" height=\"1024\" data-id=\"5411\" src=\"https:\/\/grundschule-fasanenhof.de\/wp-content\/uploads\/2022\/09\/IMG_20260217_105653-2-919x1024.jpg\" alt=\"\" class=\"wp-image-5411\" srcset=\"https:\/\/grundschule-fasanenhof.de\/wp-content\/uploads\/2022\/09\/IMG_20260217_105653-2-919x1024.jpg 919w, https:\/\/grundschule-fasanenhof.de\/wp-content\/uploads\/2022\/09\/IMG_20260217_105653-2-269x300.jpg 269w, https:\/\/grundschule-fasanenhof.de\/wp-content\/uploads\/2022\/09\/IMG_20260217_105653-2-768x856.jpg 768w, https:\/\/grundschule-fasanenhof.de\/wp-content\/uploads\/2022\/09\/IMG_20260217_105653-2-1378x1536.jpg 1378w, https:\/\/grundschule-fasanenhof.de\/wp-content\/uploads\/2022\/09\/IMG_20260217_105653-2-1837x2048.jpg 1837w\" sizes=\"auto, (max-width: 919px) 100vw, 919px\" \/><\/figure>\n\n\n\n<figure class=\"wp-block-image size-large\"><img loading=\"lazy\" decoding=\"async\" width=\"1024\" height=\"961\" data-id=\"5412\" src=\"https:\/\/grundschule-fasanenhof.de\/wp-content\/uploads\/2022\/09\/IMG_20260217_152520-2-1024x961.jpg\" alt=\"\" class=\"wp-image-5412\" srcset=\"https:\/\/grundschule-fasanenhof.de\/wp-content\/uploads\/2022\/09\/IMG_20260217_152520-2-1024x961.jpg 1024w, https:\/\/grundschule-fasanenhof.de\/wp-content\/uploads\/2022\/09\/IMG_20260217_152520-2-300x282.jpg 300w, https:\/\/grundschule-fasanenhof.de\/wp-content\/uploads\/2022\/09\/IMG_20260217_152520-2-768x721.jpg 768w, https:\/\/grundschule-fasanenhof.de\/wp-content\/uploads\/2022\/09\/IMG_20260217_152520-2-1536x1441.jpg 1536w, https:\/\/grundschule-fasanenhof.de\/wp-content\/uploads\/2022\/09\/IMG_20260217_152520-2-2048x1922.jpg 2048w\" sizes=\"auto, (max-width: 1024px) 100vw, 1024px\" \/><figcaption class=\"wp-element-caption\">sdr<\/figcaption><\/figure>\n<\/figure>\n\n\n\n<h2 class=\"wp-block-heading\">Helau! &#8211; Am Rosenmontag ging es n\u00e4rrisch zu<\/h2>\n\n\n\n<p>Am Montag, den 16. Februar 2026 feierten wir an der Fasanenhofschule Fasching. In den ersten zwei Stunden stieg die Party in den einzelnen Klassenr\u00e4umen. In Kost\u00fcmen wurde gesungen, getanzt, gespielt und auch manchmal auch ein bisschen gearbeitet. In fast keiner Klasse durfte ein leckeres Faschingsfr\u00fchst\u00fcck fehlen. In der dritten Stunden trafen sich alle Klassen in der Aula zur Disco. Da ging es hei\u00df her und so mancher kam ordentlich ins Schwitzen. Einige Polonaisen bahnten sich ihren Weg durch die Kindermassen. Auch nachmittags wurde noch flei\u00dfig weitergefeiert. Es war ein lustiger und aufregender Tag.<\/p>\n\n\n\n<figure class=\"wp-block-gallery has-nested-images columns-default is-cropped wp-block-gallery-6 is-layout-flex wp-block-gallery-is-layout-flex\">\n<figure class=\"wp-block-image size-large\"><img loading=\"lazy\" decoding=\"async\" width=\"1024\" height=\"768\" data-id=\"5356\" src=\"https:\/\/grundschule-fasanenhof.de\/wp-content\/uploads\/2022\/09\/IMG_1766-1024x768.jpeg\" alt=\"\" class=\"wp-image-5356\" srcset=\"https:\/\/grundschule-fasanenhof.de\/wp-content\/uploads\/2022\/09\/IMG_1766-1024x768.jpeg 1024w, https:\/\/grundschule-fasanenhof.de\/wp-content\/uploads\/2022\/09\/IMG_1766-300x225.jpeg 300w, https:\/\/grundschule-fasanenhof.de\/wp-content\/uploads\/2022\/09\/IMG_1766-768x576.jpeg 768w, https:\/\/grundschule-fasanenhof.de\/wp-content\/uploads\/2022\/09\/IMG_1766-1536x1152.jpeg 1536w, https:\/\/grundschule-fasanenhof.de\/wp-content\/uploads\/2022\/09\/IMG_1766-2048x1536.jpeg 2048w\" sizes=\"auto, (max-width: 1024px) 100vw, 1024px\" \/><\/figure>\n\n\n\n<figure class=\"wp-block-image size-large\"><img loading=\"lazy\" decoding=\"async\" width=\"1024\" height=\"768\" data-id=\"5355\" src=\"https:\/\/grundschule-fasanenhof.de\/wp-content\/uploads\/2022\/09\/IMG_1772-1024x768.jpeg\" alt=\"\" class=\"wp-image-5355\" srcset=\"https:\/\/grundschule-fasanenhof.de\/wp-content\/uploads\/2022\/09\/IMG_1772-1024x768.jpeg 1024w, https:\/\/grundschule-fasanenhof.de\/wp-content\/uploads\/2022\/09\/IMG_1772-300x225.jpeg 300w, https:\/\/grundschule-fasanenhof.de\/wp-content\/uploads\/2022\/09\/IMG_1772-768x576.jpeg 768w, https:\/\/grundschule-fasanenhof.de\/wp-content\/uploads\/2022\/09\/IMG_1772-1536x1152.jpeg 1536w, https:\/\/grundschule-fasanenhof.de\/wp-content\/uploads\/2022\/09\/IMG_1772-2048x1536.jpeg 2048w\" sizes=\"auto, (max-width: 1024px) 100vw, 1024px\" \/><\/figure>\n\n\n\n<figure class=\"wp-block-image size-large\"><img loading=\"lazy\" decoding=\"async\" width=\"1024\" height=\"768\" data-id=\"5358\" src=\"https:\/\/grundschule-fasanenhof.de\/wp-content\/uploads\/2022\/09\/IMG_1783-1024x768.jpeg\" alt=\"\" class=\"wp-image-5358\" srcset=\"https:\/\/grundschule-fasanenhof.de\/wp-content\/uploads\/2022\/09\/IMG_1783-1024x768.jpeg 1024w, https:\/\/grundschule-fasanenhof.de\/wp-content\/uploads\/2022\/09\/IMG_1783-300x225.jpeg 300w, https:\/\/grundschule-fasanenhof.de\/wp-content\/uploads\/2022\/09\/IMG_1783-768x576.jpeg 768w, https:\/\/grundschule-fasanenhof.de\/wp-content\/uploads\/2022\/09\/IMG_1783-1536x1152.jpeg 1536w, https:\/\/grundschule-fasanenhof.de\/wp-content\/uploads\/2022\/09\/IMG_1783-2048x1536.jpeg 2048w\" sizes=\"auto, (max-width: 1024px) 100vw, 1024px\" \/><\/figure>\n\n\n\n<figure class=\"wp-block-image size-large\"><img loading=\"lazy\" decoding=\"async\" width=\"1024\" height=\"768\" data-id=\"5359\" src=\"https:\/\/grundschule-fasanenhof.de\/wp-content\/uploads\/2022\/09\/IMG_1790-1024x768.jpeg\" alt=\"\" class=\"wp-image-5359\" srcset=\"https:\/\/grundschule-fasanenhof.de\/wp-content\/uploads\/2022\/09\/IMG_1790-1024x768.jpeg 1024w, https:\/\/grundschule-fasanenhof.de\/wp-content\/uploads\/2022\/09\/IMG_1790-300x225.jpeg 300w, https:\/\/grundschule-fasanenhof.de\/wp-content\/uploads\/2022\/09\/IMG_1790-768x576.jpeg 768w, https:\/\/grundschule-fasanenhof.de\/wp-content\/uploads\/2022\/09\/IMG_1790-1536x1152.jpeg 1536w, https:\/\/grundschule-fasanenhof.de\/wp-content\/uploads\/2022\/09\/IMG_1790-2048x1536.jpeg 2048w\" sizes=\"auto, (max-width: 1024px) 100vw, 1024px\" \/><\/figure>\n\n\n\n<figure class=\"wp-block-image size-large\"><img loading=\"lazy\" decoding=\"async\" width=\"1024\" height=\"768\" data-id=\"5354\" src=\"https:\/\/grundschule-fasanenhof.de\/wp-content\/uploads\/2022\/09\/IMG_1796-1024x768.jpeg\" alt=\"\" class=\"wp-image-5354\" srcset=\"https:\/\/grundschule-fasanenhof.de\/wp-content\/uploads\/2022\/09\/IMG_1796-1024x768.jpeg 1024w, https:\/\/grundschule-fasanenhof.de\/wp-content\/uploads\/2022\/09\/IMG_1796-300x225.jpeg 300w, https:\/\/grundschule-fasanenhof.de\/wp-content\/uploads\/2022\/09\/IMG_1796-768x576.jpeg 768w, https:\/\/grundschule-fasanenhof.de\/wp-content\/uploads\/2022\/09\/IMG_1796-1536x1152.jpeg 1536w, https:\/\/grundschule-fasanenhof.de\/wp-content\/uploads\/2022\/09\/IMG_1796-2048x1536.jpeg 2048w\" sizes=\"auto, (max-width: 1024px) 100vw, 1024px\" \/><\/figure>\n\n\n\n<figure class=\"wp-block-image size-large\"><img loading=\"lazy\" decoding=\"async\" width=\"1024\" height=\"768\" data-id=\"5365\" src=\"https:\/\/grundschule-fasanenhof.de\/wp-content\/uploads\/2022\/09\/IMG_1797-1024x768.jpeg\" alt=\"\" class=\"wp-image-5365\" srcset=\"https:\/\/grundschule-fasanenhof.de\/wp-content\/uploads\/2022\/09\/IMG_1797-1024x768.jpeg 1024w, https:\/\/grundschule-fasanenhof.de\/wp-content\/uploads\/2022\/09\/IMG_1797-300x225.jpeg 300w, https:\/\/grundschule-fasanenhof.de\/wp-content\/uploads\/2022\/09\/IMG_1797-768x576.jpeg 768w, https:\/\/grundschule-fasanenhof.de\/wp-content\/uploads\/2022\/09\/IMG_1797-1536x1152.jpeg 1536w, https:\/\/grundschule-fasanenhof.de\/wp-content\/uploads\/2022\/09\/IMG_1797-2048x1536.jpeg 2048w\" sizes=\"auto, (max-width: 1024px) 100vw, 1024px\" \/><\/figure>\n\n\n\n<figure class=\"wp-block-image size-large\"><img loading=\"lazy\" decoding=\"async\" width=\"1024\" height=\"768\" data-id=\"5357\" src=\"https:\/\/grundschule-fasanenhof.de\/wp-content\/uploads\/2022\/09\/IMG_1800-1024x768.jpeg\" alt=\"\" class=\"wp-image-5357\" srcset=\"https:\/\/grundschule-fasanenhof.de\/wp-content\/uploads\/2022\/09\/IMG_1800-1024x768.jpeg 1024w, https:\/\/grundschule-fasanenhof.de\/wp-content\/uploads\/2022\/09\/IMG_1800-300x225.jpeg 300w, https:\/\/grundschule-fasanenhof.de\/wp-content\/uploads\/2022\/09\/IMG_1800-768x576.jpeg 768w, https:\/\/grundschule-fasanenhof.de\/wp-content\/uploads\/2022\/09\/IMG_1800-1536x1152.jpeg 1536w, https:\/\/grundschule-fasanenhof.de\/wp-content\/uploads\/2022\/09\/IMG_1800-2048x1536.jpeg 2048w\" sizes=\"auto, (max-width: 1024px) 100vw, 1024px\" \/><\/figure>\n\n\n\n<figure class=\"wp-block-image size-large\"><img loading=\"lazy\" decoding=\"async\" width=\"1024\" height=\"768\" data-id=\"5363\" src=\"https:\/\/grundschule-fasanenhof.de\/wp-content\/uploads\/2022\/09\/IMG_1802-1024x768.jpeg\" alt=\"\" class=\"wp-image-5363\" srcset=\"https:\/\/grundschule-fasanenhof.de\/wp-content\/uploads\/2022\/09\/IMG_1802-1024x768.jpeg 1024w, https:\/\/grundschule-fasanenhof.de\/wp-content\/uploads\/2022\/09\/IMG_1802-300x225.jpeg 300w, https:\/\/grundschule-fasanenhof.de\/wp-content\/uploads\/2022\/09\/IMG_1802-768x576.jpeg 768w, https:\/\/grundschule-fasanenhof.de\/wp-content\/uploads\/2022\/09\/IMG_1802-1536x1152.jpeg 1536w, https:\/\/grundschule-fasanenhof.de\/wp-content\/uploads\/2022\/09\/IMG_1802-2048x1536.jpeg 2048w\" sizes=\"auto, (max-width: 1024px) 100vw, 1024px\" \/><\/figure>\n\n\n\n<figure class=\"wp-block-image size-large\"><img loading=\"lazy\" decoding=\"async\" width=\"1024\" height=\"768\" data-id=\"5364\" src=\"https:\/\/grundschule-fasanenhof.de\/wp-content\/uploads\/2022\/09\/IMG_1804-1024x768.jpeg\" alt=\"\" class=\"wp-image-5364\" srcset=\"https:\/\/grundschule-fasanenhof.de\/wp-content\/uploads\/2022\/09\/IMG_1804-1024x768.jpeg 1024w, https:\/\/grundschule-fasanenhof.de\/wp-content\/uploads\/2022\/09\/IMG_1804-300x225.jpeg 300w, https:\/\/grundschule-fasanenhof.de\/wp-content\/uploads\/2022\/09\/IMG_1804-768x576.jpeg 768w, https:\/\/grundschule-fasanenhof.de\/wp-content\/uploads\/2022\/09\/IMG_1804-1536x1152.jpeg 1536w, https:\/\/grundschule-fasanenhof.de\/wp-content\/uploads\/2022\/09\/IMG_1804-2048x1536.jpeg 2048w\" sizes=\"auto, (max-width: 1024px) 100vw, 1024px\" \/><\/figure>\n\n\n\n<figure class=\"wp-block-image size-large\"><img loading=\"lazy\" decoding=\"async\" width=\"1024\" height=\"768\" data-id=\"5362\" src=\"https:\/\/grundschule-fasanenhof.de\/wp-content\/uploads\/2022\/09\/IMG_1805-1024x768.jpeg\" alt=\"\" class=\"wp-image-5362\" srcset=\"https:\/\/grundschule-fasanenhof.de\/wp-content\/uploads\/2022\/09\/IMG_1805-1024x768.jpeg 1024w, https:\/\/grundschule-fasanenhof.de\/wp-content\/uploads\/2022\/09\/IMG_1805-300x225.jpeg 300w, https:\/\/grundschule-fasanenhof.de\/wp-content\/uploads\/2022\/09\/IMG_1805-768x576.jpeg 768w, https:\/\/grundschule-fasanenhof.de\/wp-content\/uploads\/2022\/09\/IMG_1805-1536x1152.jpeg 1536w, https:\/\/grundschule-fasanenhof.de\/wp-content\/uploads\/2022\/09\/IMG_1805-2048x1536.jpeg 2048w\" sizes=\"auto, (max-width: 1024px) 100vw, 1024px\" \/><\/figure>\n\n\n\n<figure class=\"wp-block-image size-large\"><img loading=\"lazy\" decoding=\"async\" width=\"1024\" height=\"768\" data-id=\"5366\" src=\"https:\/\/grundschule-fasanenhof.de\/wp-content\/uploads\/2022\/09\/IMG_1808-1024x768.jpeg\" alt=\"\" class=\"wp-image-5366\" srcset=\"https:\/\/grundschule-fasanenhof.de\/wp-content\/uploads\/2022\/09\/IMG_1808-1024x768.jpeg 1024w, https:\/\/grundschule-fasanenhof.de\/wp-content\/uploads\/2022\/09\/IMG_1808-300x225.jpeg 300w, https:\/\/grundschule-fasanenhof.de\/wp-content\/uploads\/2022\/09\/IMG_1808-768x576.jpeg 768w, https:\/\/grundschule-fasanenhof.de\/wp-content\/uploads\/2022\/09\/IMG_1808-1536x1152.jpeg 1536w, https:\/\/grundschule-fasanenhof.de\/wp-content\/uploads\/2022\/09\/IMG_1808-2048x1536.jpeg 2048w\" sizes=\"auto, (max-width: 1024px) 100vw, 1024px\" \/><\/figure>\n\n\n\n<figure class=\"wp-block-image size-large\"><img loading=\"lazy\" decoding=\"async\" width=\"1024\" height=\"768\" data-id=\"5361\" src=\"https:\/\/grundschule-fasanenhof.de\/wp-content\/uploads\/2022\/09\/IMG_1814-1024x768.jpeg\" alt=\"\" class=\"wp-image-5361\" srcset=\"https:\/\/grundschule-fasanenhof.de\/wp-content\/uploads\/2022\/09\/IMG_1814-1024x768.jpeg 1024w, https:\/\/grundschule-fasanenhof.de\/wp-content\/uploads\/2022\/09\/IMG_1814-300x225.jpeg 300w, https:\/\/grundschule-fasanenhof.de\/wp-content\/uploads\/2022\/09\/IMG_1814-768x576.jpeg 768w, https:\/\/grundschule-fasanenhof.de\/wp-content\/uploads\/2022\/09\/IMG_1814-1536x1152.jpeg 1536w, https:\/\/grundschule-fasanenhof.de\/wp-content\/uploads\/2022\/09\/IMG_1814-2048x1536.jpeg 2048w\" sizes=\"auto, (max-width: 1024px) 100vw, 1024px\" \/><\/figure>\n\n\n\n<figure class=\"wp-block-image size-large\"><img loading=\"lazy\" decoding=\"async\" width=\"1024\" height=\"685\" data-id=\"5360\" src=\"https:\/\/grundschule-fasanenhof.de\/wp-content\/uploads\/2022\/09\/IMG_5543-1024x685.jpeg\" alt=\"\" class=\"wp-image-5360\" srcset=\"https:\/\/grundschule-fasanenhof.de\/wp-content\/uploads\/2022\/09\/IMG_5543-1024x685.jpeg 1024w, https:\/\/grundschule-fasanenhof.de\/wp-content\/uploads\/2022\/09\/IMG_5543-300x201.jpeg 300w, https:\/\/grundschule-fasanenhof.de\/wp-content\/uploads\/2022\/09\/IMG_5543-768x514.jpeg 768w, https:\/\/grundschule-fasanenhof.de\/wp-content\/uploads\/2022\/09\/IMG_5543-1536x1027.jpeg 1536w, https:\/\/grundschule-fasanenhof.de\/wp-content\/uploads\/2022\/09\/IMG_5543-2048x1369.jpeg 2048w\" sizes=\"auto, (max-width: 1024px) 100vw, 1024px\" \/><\/figure>\n<\/figure>\n\n\n\n<h2 class=\"wp-block-heading\">Januar 2026 &#8211; Die Traumzimmer der Klasse 2c<\/h2>\n\n\n\n<p>Im Sachunterricht besch\u00e4ftigten wir uns mit dem Thema \u201eKonstruieren, planen und bauen\u201c. Dabei lernten wir, wie Menschen auf der Welt leben, was man zum Bauen eines Hauses ben\u00f6tigt und planten das Bauen eines eigenen Traumzimmers. Aus Kartons entstanden fantasievolle und farbenfrohe Traumzimmer. Die Ergebnisse k\u00f6nnen sich sehen lassen!<\/p>\n\n\n\n<figure class=\"wp-block-gallery has-nested-images columns-default is-cropped wp-block-gallery-7 is-layout-flex wp-block-gallery-is-layout-flex\">\n<figure class=\"wp-block-image size-large\"><img loading=\"lazy\" decoding=\"async\" width=\"480\" height=\"640\" data-id=\"5314\" src=\"https:\/\/grundschule-fasanenhof.de\/wp-content\/uploads\/2022\/09\/IMG_9180-1-rotated.jpg\" alt=\"\" class=\"wp-image-5314\" srcset=\"https:\/\/grundschule-fasanenhof.de\/wp-content\/uploads\/2022\/09\/IMG_9180-1-rotated.jpg 480w, https:\/\/grundschule-fasanenhof.de\/wp-content\/uploads\/2022\/09\/IMG_9180-1-225x300.jpg 225w\" sizes=\"auto, (max-width: 480px) 100vw, 480px\" \/><\/figure>\n\n\n\n<figure class=\"wp-block-image size-large\"><img loading=\"lazy\" decoding=\"async\" width=\"480\" height=\"640\" data-id=\"5312\" src=\"https:\/\/grundschule-fasanenhof.de\/wp-content\/uploads\/2022\/09\/IMG_9179-1-rotated.jpg\" alt=\"\" class=\"wp-image-5312\" srcset=\"https:\/\/grundschule-fasanenhof.de\/wp-content\/uploads\/2022\/09\/IMG_9179-1-rotated.jpg 480w, https:\/\/grundschule-fasanenhof.de\/wp-content\/uploads\/2022\/09\/IMG_9179-1-225x300.jpg 225w\" sizes=\"auto, (max-width: 480px) 100vw, 480px\" \/><\/figure>\n\n\n\n<figure class=\"wp-block-image size-large\"><img loading=\"lazy\" decoding=\"async\" width=\"480\" height=\"640\" data-id=\"5310\" src=\"https:\/\/grundschule-fasanenhof.de\/wp-content\/uploads\/2022\/09\/IMG_9178-1-rotated.jpg\" alt=\"\" class=\"wp-image-5310\" srcset=\"https:\/\/grundschule-fasanenhof.de\/wp-content\/uploads\/2022\/09\/IMG_9178-1-rotated.jpg 480w, https:\/\/grundschule-fasanenhof.de\/wp-content\/uploads\/2022\/09\/IMG_9178-1-225x300.jpg 225w\" sizes=\"auto, (max-width: 480px) 100vw, 480px\" \/><\/figure>\n\n\n\n<figure class=\"wp-block-image size-large\"><img loading=\"lazy\" decoding=\"async\" width=\"320\" height=\"240\" data-id=\"5309\" src=\"https:\/\/grundschule-fasanenhof.de\/wp-content\/uploads\/2022\/09\/IMG_9208-rotated.jpg\" alt=\"\" class=\"wp-image-5309\" srcset=\"https:\/\/grundschule-fasanenhof.de\/wp-content\/uploads\/2022\/09\/IMG_9208-rotated.jpg 320w, https:\/\/grundschule-fasanenhof.de\/wp-content\/uploads\/2022\/09\/IMG_9208-300x225.jpg 300w\" sizes=\"auto, (max-width: 320px) 100vw, 320px\" \/><\/figure>\n\n\n\n<figure class=\"wp-block-image size-large\"><img loading=\"lazy\" decoding=\"async\" width=\"320\" height=\"240\" data-id=\"5315\" src=\"https:\/\/grundschule-fasanenhof.de\/wp-content\/uploads\/2022\/09\/IMG_9205.jpg\" alt=\"\" class=\"wp-image-5315\" srcset=\"https:\/\/grundschule-fasanenhof.de\/wp-content\/uploads\/2022\/09\/IMG_9205.jpg 320w, https:\/\/grundschule-fasanenhof.de\/wp-content\/uploads\/2022\/09\/IMG_9205-300x225.jpg 300w\" sizes=\"auto, (max-width: 320px) 100vw, 320px\" \/><\/figure>\n\n\n\n<figure class=\"wp-block-image size-large\"><img loading=\"lazy\" decoding=\"async\" width=\"240\" height=\"320\" data-id=\"5316\" src=\"https:\/\/grundschule-fasanenhof.de\/wp-content\/uploads\/2022\/09\/IMG_9180-rotated.jpg\" alt=\"\" class=\"wp-image-5316\" srcset=\"https:\/\/grundschule-fasanenhof.de\/wp-content\/uploads\/2022\/09\/IMG_9180-rotated.jpg 240w, https:\/\/grundschule-fasanenhof.de\/wp-content\/uploads\/2022\/09\/IMG_9180-225x300.jpg 225w\" sizes=\"auto, (max-width: 240px) 100vw, 240px\" \/><\/figure>\n\n\n\n<figure class=\"wp-block-image size-large\"><img loading=\"lazy\" decoding=\"async\" width=\"240\" height=\"320\" data-id=\"5313\" src=\"https:\/\/grundschule-fasanenhof.de\/wp-content\/uploads\/2022\/09\/IMG_9179-rotated.jpg\" alt=\"\" class=\"wp-image-5313\" srcset=\"https:\/\/grundschule-fasanenhof.de\/wp-content\/uploads\/2022\/09\/IMG_9179-rotated.jpg 240w, https:\/\/grundschule-fasanenhof.de\/wp-content\/uploads\/2022\/09\/IMG_9179-225x300.jpg 225w\" sizes=\"auto, (max-width: 240px) 100vw, 240px\" \/><\/figure>\n\n\n\n<figure class=\"wp-block-image size-large\"><img loading=\"lazy\" decoding=\"async\" width=\"240\" height=\"320\" data-id=\"5311\" src=\"https:\/\/grundschule-fasanenhof.de\/wp-content\/uploads\/2022\/09\/IMG_9178-rotated.jpg\" alt=\"\" class=\"wp-image-5311\" srcset=\"https:\/\/grundschule-fasanenhof.de\/wp-content\/uploads\/2022\/09\/IMG_9178-rotated.jpg 240w, https:\/\/grundschule-fasanenhof.de\/wp-content\/uploads\/2022\/09\/IMG_9178-225x300.jpg 225w\" sizes=\"auto, (max-width: 240px) 100vw, 240px\" \/><\/figure>\n<\/figure>\n\n\n\n<h2 class=\"wp-block-heading\">Dezember 2025 &#8211; Besuch des Weihnachtsm\u00e4rchens der Klasse 2c<\/h2>\n\n\n\n<p>Vor den Weihnachtsferien besuchte die Klasse 2c das diesj\u00e4hrige Weihnachtsm\u00e4rchen \u201eRotk\u00e4ppchen und Herr Wolf\u201c im Schauspielhaus. Wir erlebten eine moderne Umsetzung des M\u00e4rchens mit viel Witz, Musik und einer spannenden Handlung und erfuhren, dass auch m\u00e4chtige W\u00f6lfe einsam und sch\u00fctzenswert sind.<\/p>\n\n\n\n<figure class=\"wp-block-image size-large\"><img loading=\"lazy\" decoding=\"async\" width=\"1024\" height=\"768\" src=\"https:\/\/grundschule-fasanenhof.de\/wp-content\/uploads\/2022\/09\/IMG_9144-1024x768.jpg\" alt=\"\" class=\"wp-image-5307\" srcset=\"https:\/\/grundschule-fasanenhof.de\/wp-content\/uploads\/2022\/09\/IMG_9144-1024x768.jpg 1024w, https:\/\/grundschule-fasanenhof.de\/wp-content\/uploads\/2022\/09\/IMG_9144-300x225.jpg 300w, https:\/\/grundschule-fasanenhof.de\/wp-content\/uploads\/2022\/09\/IMG_9144-768x576.jpg 768w, https:\/\/grundschule-fasanenhof.de\/wp-content\/uploads\/2022\/09\/IMG_9144-1536x1152.jpg 1536w, https:\/\/grundschule-fasanenhof.de\/wp-content\/uploads\/2022\/09\/IMG_9144-2048x1536.jpg 2048w\" sizes=\"auto, (max-width: 1024px) 100vw, 1024px\" \/><\/figure>\n\n\n\n<h2 class=\"wp-block-heading\">Dezember 2025 &#8211; Dada-Theater &#8222;Der M\u00fcllartist&#8220;<\/h2>\n\n\n\n<p>Ein ganz besonderes Theatererlebnis durften in den letzten Tagen alle Kinder der Fasanenhofschule \u2013 jahrgangsweise \u2013 genie\u00dfen: <em>Der M\u00fcllartist<\/em> war bei uns zu Gast!<\/p>\n\n\n\n<p>Auf der B\u00fchne: ein scheinbar chaotisches Sammelsurium aus Alltagsgegenst\u00e4nden \u2013 ein Kittel, ein halbes Schaukelpferd, ein rostiger Schlauchwagen, Plastikt\u00fcten, alte Emaillesch\u00fcsseln und Schuhe. All das baumelt an einem Metallgestell oder liegt auf dem Boden, scheinbar achtlos. Doch schnell zeigt sich: Hier steckt mehr dahinter.<\/p>\n\n\n\n<p>Der <em>M\u00fcllartist<\/em> nimmt sein Publikum \u2013 von drei Seiten aus nah dran \u2013 mit auf eine absurde, \u00fcberraschende und \u00e4u\u00dferst unterhaltsame Reise. Eigentlich will er \u00fcber M\u00fcll, Abfall und Konsum sprechen. Doch immer wieder l\u00e4sst er sich ablenken, verwandelt sich in neue Rollen: Mal ist er ein schr\u00e4ger Hausmeister, mal ein \u00fcberdrehter Verk\u00e4ufer, ein gelber \u201eSuperman\u201c oder ein Bibabutzemann. Mit jeder Figur bringt er neue Facetten ins Spiel.<\/p>\n\n\n\n<p>Inspiriert ist das St\u00fcck von der Dada-Kunst der 1920er Jahre, insbesondere der \u201eMerzkunst\u201c von Kurt Schwitters. Auch hier geht es nicht darum, den Dingen eine feste Bedeutung zuzuschreiben \u2013 vielmehr steht das spielerische Erkunden im Mittelpunkt. Was bedeuten diese Dinge <em>f\u00fcr mich<\/em>? Was kann daraus entstehen?<\/p>\n\n\n\n<p>Sprache, Klang und Bewegung verschmelzen dabei zu einem besonderen Erlebnis: Ein einfacher Vortrag wird zum Klanggedicht, Plastikt\u00fcten geraten in ein musikalisches Spiel, und selbst ein altes \u201eNies-Gedicht\u201c bekommt seinen gro\u00dfen Auftritt.<\/p>\n\n\n\n<p>Ganz ohne erhobenen Zeigefinger gelingt es dem <em>M\u00fcllartisten<\/em>, gro\u00dfe Fragen auf charmante Weise anzusto\u00dfen: Was ist wertvoll, was ist \u201enur\u201c M\u00fcll? Wie gehen wir mit unseren Dingen um? Und was sagt das \u00fcber unsere Konsumgesellschaft aus?<\/p>\n\n\n\n<p>Das St\u00fcck verzichtet bewusst auf klassische Erz\u00e4hlstrukturen \u2013 das macht es spannend, lebendig und \u00fcberraschend. Es l\u00e4dt zum Lachen, Staunen und Nachdenken ein \u2013 und genau das ist ihm bei unserem Publikum auch gelungen!<\/p>\n\n\n\n<figure class=\"wp-block-image size-large\"><img loading=\"lazy\" decoding=\"async\" width=\"724\" height=\"1024\" src=\"https:\/\/grundschule-fasanenhof.de\/wp-content\/uploads\/2022\/09\/dada-724x1024.jpg\" alt=\"\" class=\"wp-image-5265\" srcset=\"https:\/\/grundschule-fasanenhof.de\/wp-content\/uploads\/2022\/09\/dada-724x1024.jpg 724w, https:\/\/grundschule-fasanenhof.de\/wp-content\/uploads\/2022\/09\/dada-212x300.jpg 212w, https:\/\/grundschule-fasanenhof.de\/wp-content\/uploads\/2022\/09\/dada-768x1086.jpg 768w, https:\/\/grundschule-fasanenhof.de\/wp-content\/uploads\/2022\/09\/dada-1086x1536.jpg 1086w, https:\/\/grundschule-fasanenhof.de\/wp-content\/uploads\/2022\/09\/dada-1448x2048.jpg 1448w, https:\/\/grundschule-fasanenhof.de\/wp-content\/uploads\/2022\/09\/dada-scaled.jpg 1811w\" sizes=\"auto, (max-width: 724px) 100vw, 724px\" \/><\/figure>\n\n\n\n<h2 class=\"wp-block-heading\">September 2025 &#8211; Fit beim Mini-Halbmarathon<\/h2>\n\n\n\n<p>Am Samstag fand in Kassel der diesj\u00e4hrige Mini-Marathon statt \u2013 ein sportliches Highlight f\u00fcr viele junge L\u00e4uferinnen und L\u00e4ufer aus der Region. Mit gro\u00dfer Begeisterung nahm auch die Fasanenhofgrundschule an der Veranstaltung teil.<\/p>\n\n\n\n<p>Bei strahlendem Wetter und unter lautstarker Anfeuerung zahlreicher Zuschauer gingen die Kinder auf die rund 2,1 Kilometer lange Strecke. Die Sch\u00fclerinnen und Sch\u00fcler der Fasanenhofgrundschule zeigten gro\u00dfen Einsatz, Teamgeist und vor allem viel Freude an der Bewegung.<\/p>\n\n\n\n<p>Am Ende konnten alle stolz ihre Medaille entgegennehmen \u2013 f\u00fcr viele war es der erste offizielle Lauf, den sie mit Bravour gemeistert haben. Auch die begleitenden Lehrkr\u00e4fte und Eltern waren begeistert vom sportlichen Ehrgeiz und der tollen Stimmung entlang der Strecke. <\/p>\n\n\n\n<p>Ein herzliches Dankesch\u00f6n gilt den Organisatoren, Helferinnen und Helfern sowie allen, die die Kinder unterst\u00fctzt und angefeuert haben. Der Mini-Marathon war ein voller Erfolg \u2013 und f\u00fcr viele sicherlich nicht der letzte!<\/p>\n\n\n\n<p>Am Donnerstag, den 25.09.25&nbsp; fand anschlie\u00dfend an den Mini-Halbmarathon in der Aula noch eine interne Siegerehrung vor der gesammelten Schulgemeinde statt. Hier haben alle Kinder ihre Urkunde erhalten und sich nochmal einen Extra-Applaus abgeholt. Danke, dass ihr die Fasanenhofschule so toll vertreten habt!<\/p>\n\n\n\n<figure class=\"wp-block-gallery has-nested-images columns-default is-cropped wp-block-gallery-8 is-layout-flex wp-block-gallery-is-layout-flex\">\n<figure class=\"wp-block-image size-large\"><img loading=\"lazy\" decoding=\"async\" width=\"473\" height=\"1024\" data-id=\"5141\" src=\"https:\/\/grundschule-fasanenhof.de\/wp-content\/uploads\/2022\/09\/20250913_144011-1-473x1024.jpg\" alt=\"\" class=\"wp-image-5141\" srcset=\"https:\/\/grundschule-fasanenhof.de\/wp-content\/uploads\/2022\/09\/20250913_144011-1-473x1024.jpg 473w, https:\/\/grundschule-fasanenhof.de\/wp-content\/uploads\/2022\/09\/20250913_144011-1-139x300.jpg 139w, https:\/\/grundschule-fasanenhof.de\/wp-content\/uploads\/2022\/09\/20250913_144011-1-768x1662.jpg 768w, https:\/\/grundschule-fasanenhof.de\/wp-content\/uploads\/2022\/09\/20250913_144011-1-710x1536.jpg 710w, https:\/\/grundschule-fasanenhof.de\/wp-content\/uploads\/2022\/09\/20250913_144011-1-946x2048.jpg 946w, https:\/\/grundschule-fasanenhof.de\/wp-content\/uploads\/2022\/09\/20250913_144011-1-scaled.jpg 1183w\" sizes=\"auto, (max-width: 473px) 100vw, 473px\" \/><\/figure>\n\n\n\n<figure class=\"wp-block-image size-large\"><img loading=\"lazy\" decoding=\"async\" width=\"473\" height=\"1024\" data-id=\"5087\" src=\"https:\/\/grundschule-fasanenhof.de\/wp-content\/uploads\/2025\/09\/1000056475-473x1024.jpg\" alt=\"\" class=\"wp-image-5087\" srcset=\"https:\/\/grundschule-fasanenhof.de\/wp-content\/uploads\/2025\/09\/1000056475-473x1024.jpg 473w, https:\/\/grundschule-fasanenhof.de\/wp-content\/uploads\/2025\/09\/1000056475-139x300.jpg 139w, https:\/\/grundschule-fasanenhof.de\/wp-content\/uploads\/2025\/09\/1000056475-709x1536.jpg 709w, https:\/\/grundschule-fasanenhof.de\/wp-content\/uploads\/2025\/09\/1000056475.jpg 739w\" sizes=\"auto, (max-width: 473px) 100vw, 473px\" \/><\/figure>\n\n\n\n<figure class=\"wp-block-image size-large\"><img loading=\"lazy\" decoding=\"async\" width=\"473\" height=\"1024\" data-id=\"5086\" src=\"https:\/\/grundschule-fasanenhof.de\/wp-content\/uploads\/2025\/09\/1000056473-473x1024.jpg\" alt=\"\" class=\"wp-image-5086\" srcset=\"https:\/\/grundschule-fasanenhof.de\/wp-content\/uploads\/2025\/09\/1000056473-473x1024.jpg 473w, https:\/\/grundschule-fasanenhof.de\/wp-content\/uploads\/2025\/09\/1000056473-139x300.jpg 139w, https:\/\/grundschule-fasanenhof.de\/wp-content\/uploads\/2025\/09\/1000056473-709x1536.jpg 709w, https:\/\/grundschule-fasanenhof.de\/wp-content\/uploads\/2025\/09\/1000056473.jpg 739w\" sizes=\"auto, (max-width: 473px) 100vw, 473px\" \/><\/figure>\n\n\n\n<figure class=\"wp-block-image size-large\"><img loading=\"lazy\" decoding=\"async\" width=\"1024\" height=\"768\" data-id=\"5129\" src=\"https:\/\/grundschule-fasanenhof.de\/wp-content\/uploads\/2025\/10\/IMG-20250930-WA0000-1024x768.jpg\" alt=\"\" class=\"wp-image-5129\" srcset=\"https:\/\/grundschule-fasanenhof.de\/wp-content\/uploads\/2025\/10\/IMG-20250930-WA0000-1024x768.jpg 1024w, https:\/\/grundschule-fasanenhof.de\/wp-content\/uploads\/2025\/10\/IMG-20250930-WA0000-300x225.jpg 300w, https:\/\/grundschule-fasanenhof.de\/wp-content\/uploads\/2025\/10\/IMG-20250930-WA0000-768x576.jpg 768w, https:\/\/grundschule-fasanenhof.de\/wp-content\/uploads\/2025\/10\/IMG-20250930-WA0000-1536x1152.jpg 1536w, https:\/\/grundschule-fasanenhof.de\/wp-content\/uploads\/2025\/10\/IMG-20250930-WA0000.jpg 2048w\" sizes=\"auto, (max-width: 1024px) 100vw, 1024px\" \/><\/figure>\n<\/figure>\n\n\n\n<h2 class=\"wp-block-heading\">September 2025 &#8211; Das AOK Kindertheater war da<\/h2>\n\n\n\n<p>Am 12.09.2025 besuchte uns das Kindertheater der AOK Krankenkasse und spielte f\u00fcr uns &#8222;Henrietta in Fructonia&#8220;.<\/p>\n\n\n\n<p> Im Theaterst\u00fcck geht es um Henrietta, die st\u00e4ndig m\u00fcde und unkonzentriert ist, weil sie morgens vor der Schule nichts Gesundes fr\u00fchst\u00fcckt. Als sie im Unterricht einschl\u00e4ft, gibt es \u00c4rger, und sie soll die vers\u00e4umten Inhalte nacharbeiten. Da erscheint der sprechende Kochl\u00f6ffel Herr Quassel und macht ihr Vorschl\u00e4ge, wie sie wieder fit wird. Zu diesem Zweck nimmt er sie mit zu einer Probe in den Zirkus \u201eFructonia\u201c. Dort lernt Henrietta Artistinnen und Artisten kennen, die ihr zeigen, wie wichtig eine ausgewogene Ern\u00e4hrung und ausreichend Bewegung f\u00fcr ihr Wohlbefinden sind. <\/p>\n\n\n\n<p>Wir bedanken uns herzlich beim AOK Kindertheater f\u00fcr die \u00e4u\u00dferst unterhaltsame Auff\u00fchrung. Alle Kinder und Erwachsenen hatten sichtlich Spa\u00df am B\u00fchnenst\u00fcck, welches uns bestimmt noch lange in Erinnerung bleibt. <\/p>\n\n\n\n<figure class=\"wp-block-image size-large\"><img loading=\"lazy\" decoding=\"async\" width=\"724\" height=\"1024\" src=\"https:\/\/grundschule-fasanenhof.de\/wp-content\/uploads\/2022\/09\/Collage-Henrietta-724x1024.jpg\" alt=\"\" class=\"wp-image-5074\" srcset=\"https:\/\/grundschule-fasanenhof.de\/wp-content\/uploads\/2022\/09\/Collage-Henrietta-724x1024.jpg 724w, https:\/\/grundschule-fasanenhof.de\/wp-content\/uploads\/2022\/09\/Collage-Henrietta-212x300.jpg 212w, https:\/\/grundschule-fasanenhof.de\/wp-content\/uploads\/2022\/09\/Collage-Henrietta-768x1086.jpg 768w, https:\/\/grundschule-fasanenhof.de\/wp-content\/uploads\/2022\/09\/Collage-Henrietta-1086x1536.jpg 1086w, https:\/\/grundschule-fasanenhof.de\/wp-content\/uploads\/2022\/09\/Collage-Henrietta-1448x2048.jpg 1448w, https:\/\/grundschule-fasanenhof.de\/wp-content\/uploads\/2022\/09\/Collage-Henrietta-scaled.jpg 1811w\" sizes=\"auto, (max-width: 724px) 100vw, 724px\" \/><\/figure>\n\n\n\n<h2 class=\"wp-block-heading\">August 2025 &#8211; Schulaktion zur Werte- und Demokratiebildung<\/h2>\n\n\n\n<p>Unsere Schule setzt sich t\u00e4glich f\u00fcr Respekt, ein friedliches Miteinander und die Umsetzung demokratischer Grundwerte ein. Deshalb war es uns besonders wichtig, an der Initiative f\u00fcr Werte- und Demokratiebildung teilzunehmen. Am 29.08.25 f\u00fchrten wir in Zusammenarbeit mit der Jugendfeuerwehr Kassel einen Aktionstag durch. Jede Klasse besch\u00e4ftigte sich individuell mit dem Thema \u201eWerte und Demokratie\u201c. So arbeiteten die verschiedenen Lerngruppen beispielsweise zur Bedeutung des Buchs \u201eAls die Raben noch bunt waren\u201c, erfuhren mehr \u00fcber die \u201eGoldene Regel\u201c oder \u00fcbten sich im Rahmen einer gewaltfreien Kommunikation in der \u201eGiraffensprache\u201c. Ein besonderer Dank gilt in diesem Zusammenhang Herrn Stephan Seibel von der Freiwilligen Feuerwehr Kassel. Er unterst\u00fctzte die Klasse 3a und brachte den Kindern unter dem Motto \u201eJugendfeuerwehr ist WERTvoll\u201c die Bedeutung und Werte der Jugendfeuerwehr Kassel n\u00e4her und kam mit den Kindern \u00fcber deren pers\u00f6nliche Werte ins Gespr\u00e4ch.<\/p>\n\n\n\n<figure class=\"wp-block-image size-large\"><img loading=\"lazy\" decoding=\"async\" width=\"724\" height=\"1024\" src=\"https:\/\/grundschule-fasanenhof.de\/wp-content\/uploads\/2022\/09\/Aktionstag-724x1024.jpg\" alt=\"\" class=\"wp-image-5034\" srcset=\"https:\/\/grundschule-fasanenhof.de\/wp-content\/uploads\/2022\/09\/Aktionstag-724x1024.jpg 724w, https:\/\/grundschule-fasanenhof.de\/wp-content\/uploads\/2022\/09\/Aktionstag-212x300.jpg 212w, https:\/\/grundschule-fasanenhof.de\/wp-content\/uploads\/2022\/09\/Aktionstag-768x1086.jpg 768w, https:\/\/grundschule-fasanenhof.de\/wp-content\/uploads\/2022\/09\/Aktionstag-1086x1536.jpg 1086w, https:\/\/grundschule-fasanenhof.de\/wp-content\/uploads\/2022\/09\/Aktionstag-1448x2048.jpg 1448w, https:\/\/grundschule-fasanenhof.de\/wp-content\/uploads\/2022\/09\/Aktionstag-scaled.jpg 1811w\" sizes=\"auto, (max-width: 724px) 100vw, 724px\" \/><\/figure>\n\n\n\n<h2 class=\"wp-block-heading\">August 2025 &#8211; Flei\u00dfige Helfer beim Einschulungs-Cafe<\/h2>\n\n\n\n<p>Wir bedanken uns bei allen Eltern, die beim Einschulungs-Cafe durch Spenden oder die Bewirtung mitgewirkt haben. Ein weiteres Dankesch\u00f6n gilt nat\u00fcrlich auch den Lehrkr\u00e4ften des Jahrgangs 2, welche die Organisation und den Aufbau \u00fcbernommen haben. <\/p>\n\n\n\n<figure class=\"wp-block-gallery has-nested-images columns-default is-cropped wp-block-gallery-9 is-layout-flex wp-block-gallery-is-layout-flex\">\n<figure class=\"wp-block-image size-large\"><img loading=\"lazy\" decoding=\"async\" width=\"1024\" height=\"768\" data-id=\"5028\" src=\"https:\/\/grundschule-fasanenhof.de\/wp-content\/uploads\/2022\/09\/IMG_20250819_093049-1024x768.jpg\" alt=\"\" class=\"wp-image-5028\" srcset=\"https:\/\/grundschule-fasanenhof.de\/wp-content\/uploads\/2022\/09\/IMG_20250819_093049-1024x768.jpg 1024w, https:\/\/grundschule-fasanenhof.de\/wp-content\/uploads\/2022\/09\/IMG_20250819_093049-300x225.jpg 300w, https:\/\/grundschule-fasanenhof.de\/wp-content\/uploads\/2022\/09\/IMG_20250819_093049-768x576.jpg 768w, https:\/\/grundschule-fasanenhof.de\/wp-content\/uploads\/2022\/09\/IMG_20250819_093049-1536x1152.jpg 1536w, https:\/\/grundschule-fasanenhof.de\/wp-content\/uploads\/2022\/09\/IMG_20250819_093049-2048x1536.jpg 2048w\" sizes=\"auto, (max-width: 1024px) 100vw, 1024px\" \/><\/figure>\n\n\n\n<figure class=\"wp-block-image size-large\"><img loading=\"lazy\" decoding=\"async\" width=\"1024\" height=\"768\" data-id=\"5026\" src=\"https:\/\/grundschule-fasanenhof.de\/wp-content\/uploads\/2022\/09\/IMG_20250819_093035-1024x768.jpg\" alt=\"\" class=\"wp-image-5026\" srcset=\"https:\/\/grundschule-fasanenhof.de\/wp-content\/uploads\/2022\/09\/IMG_20250819_093035-1024x768.jpg 1024w, https:\/\/grundschule-fasanenhof.de\/wp-content\/uploads\/2022\/09\/IMG_20250819_093035-300x225.jpg 300w, https:\/\/grundschule-fasanenhof.de\/wp-content\/uploads\/2022\/09\/IMG_20250819_093035-768x576.jpg 768w, https:\/\/grundschule-fasanenhof.de\/wp-content\/uploads\/2022\/09\/IMG_20250819_093035-1536x1152.jpg 1536w, https:\/\/grundschule-fasanenhof.de\/wp-content\/uploads\/2022\/09\/IMG_20250819_093035-2048x1536.jpg 2048w\" sizes=\"auto, (max-width: 1024px) 100vw, 1024px\" \/><\/figure>\n\n\n\n<figure class=\"wp-block-image size-large\"><img loading=\"lazy\" decoding=\"async\" width=\"1024\" height=\"768\" data-id=\"5027\" src=\"https:\/\/grundschule-fasanenhof.de\/wp-content\/uploads\/2022\/09\/IMG_20250819_093015-1024x768.jpg\" alt=\"\" class=\"wp-image-5027\" srcset=\"https:\/\/grundschule-fasanenhof.de\/wp-content\/uploads\/2022\/09\/IMG_20250819_093015-1024x768.jpg 1024w, https:\/\/grundschule-fasanenhof.de\/wp-content\/uploads\/2022\/09\/IMG_20250819_093015-300x225.jpg 300w, https:\/\/grundschule-fasanenhof.de\/wp-content\/uploads\/2022\/09\/IMG_20250819_093015-768x576.jpg 768w, https:\/\/grundschule-fasanenhof.de\/wp-content\/uploads\/2022\/09\/IMG_20250819_093015-1536x1152.jpg 1536w, https:\/\/grundschule-fasanenhof.de\/wp-content\/uploads\/2022\/09\/IMG_20250819_093015-2048x1536.jpg 2048w\" sizes=\"auto, (max-width: 1024px) 100vw, 1024px\" \/><\/figure>\n\n\n\n<figure class=\"wp-block-image size-large\"><img loading=\"lazy\" decoding=\"async\" width=\"1024\" height=\"730\" data-id=\"5025\" src=\"https:\/\/grundschule-fasanenhof.de\/wp-content\/uploads\/2022\/09\/IMG_20250826_035157-1024x730.jpg\" alt=\"\" class=\"wp-image-5025\" srcset=\"https:\/\/grundschule-fasanenhof.de\/wp-content\/uploads\/2022\/09\/IMG_20250826_035157-1024x730.jpg 1024w, https:\/\/grundschule-fasanenhof.de\/wp-content\/uploads\/2022\/09\/IMG_20250826_035157-300x214.jpg 300w, https:\/\/grundschule-fasanenhof.de\/wp-content\/uploads\/2022\/09\/IMG_20250826_035157-768x547.jpg 768w, https:\/\/grundschule-fasanenhof.de\/wp-content\/uploads\/2022\/09\/IMG_20250826_035157-1536x1094.jpg 1536w, https:\/\/grundschule-fasanenhof.de\/wp-content\/uploads\/2022\/09\/IMG_20250826_035157-2048x1459.jpg 2048w\" sizes=\"auto, (max-width: 1024px) 100vw, 1024px\" \/><figcaption class=\"wp-element-caption\">qrf<\/figcaption><\/figure>\n<\/figure>\n\n\n\n<h2 class=\"wp-block-heading\">Juli 2025 &#8211; Sauberhafter Schulweg<\/h2>\n\n\n\n<p>Auch dieses Schuljahr war die Fasanenhofschule im Rahmen des Projekts &#8222;Sauberhafter Schulweg&#8220; wieder flei\u00dfig. Die Klassen schnappten sich Zangen und M\u00fcllbeutel und reinigten bei bestem Wetter die Stra\u00dfen rund um unsere Schule. Viele M\u00fclls\u00e4cke wurden gef\u00fcllt und der Umwelt so etwas Gutes getan. <\/p>\n\n\n\n<p>Auf den Bildern sieht man die flei\u00dfigen Bienchen der Klasse 4a. <\/p>\n\n\n\n<figure class=\"wp-block-gallery has-nested-images columns-default is-cropped wp-block-gallery-10 is-layout-flex wp-block-gallery-is-layout-flex\">\n<figure class=\"wp-block-image size-large\"><img loading=\"lazy\" decoding=\"async\" width=\"768\" height=\"1024\" data-id=\"4925\" src=\"https:\/\/grundschule-fasanenhof.de\/wp-content\/uploads\/2022\/09\/IMG_2976-768x1024.jpeg\" alt=\"\" class=\"wp-image-4925\" srcset=\"https:\/\/grundschule-fasanenhof.de\/wp-content\/uploads\/2022\/09\/IMG_2976-768x1024.jpeg 768w, https:\/\/grundschule-fasanenhof.de\/wp-content\/uploads\/2022\/09\/IMG_2976-225x300.jpeg 225w, https:\/\/grundschule-fasanenhof.de\/wp-content\/uploads\/2022\/09\/IMG_2976-1152x1536.jpeg 1152w, https:\/\/grundschule-fasanenhof.de\/wp-content\/uploads\/2022\/09\/IMG_2976-1536x2048.jpeg 1536w, https:\/\/grundschule-fasanenhof.de\/wp-content\/uploads\/2022\/09\/IMG_2976-scaled.jpeg 1920w\" sizes=\"auto, (max-width: 768px) 100vw, 768px\" \/><\/figure>\n\n\n\n<figure class=\"wp-block-image size-large\"><img loading=\"lazy\" decoding=\"async\" width=\"575\" height=\"1024\" data-id=\"4923\" src=\"https:\/\/grundschule-fasanenhof.de\/wp-content\/uploads\/2022\/09\/IMG_2973-575x1024.jpeg\" alt=\"\" class=\"wp-image-4923\" srcset=\"https:\/\/grundschule-fasanenhof.de\/wp-content\/uploads\/2022\/09\/IMG_2973-575x1024.jpeg 575w, https:\/\/grundschule-fasanenhof.de\/wp-content\/uploads\/2022\/09\/IMG_2973-169x300.jpeg 169w, https:\/\/grundschule-fasanenhof.de\/wp-content\/uploads\/2022\/09\/IMG_2973-768x1367.jpeg 768w, https:\/\/grundschule-fasanenhof.de\/wp-content\/uploads\/2022\/09\/IMG_2973-863x1536.jpeg 863w, https:\/\/grundschule-fasanenhof.de\/wp-content\/uploads\/2022\/09\/IMG_2973-1151x2048.jpeg 1151w, https:\/\/grundschule-fasanenhof.de\/wp-content\/uploads\/2022\/09\/IMG_2973-scaled.jpeg 1438w\" sizes=\"auto, (max-width: 575px) 100vw, 575px\" \/><\/figure>\n\n\n\n<figure class=\"wp-block-image size-large\"><img loading=\"lazy\" decoding=\"async\" width=\"1024\" height=\"768\" data-id=\"4926\" src=\"https:\/\/grundschule-fasanenhof.de\/wp-content\/uploads\/2022\/09\/IMG_2971-1024x768.jpeg\" alt=\"\" class=\"wp-image-4926\" srcset=\"https:\/\/grundschule-fasanenhof.de\/wp-content\/uploads\/2022\/09\/IMG_2971-1024x768.jpeg 1024w, https:\/\/grundschule-fasanenhof.de\/wp-content\/uploads\/2022\/09\/IMG_2971-300x225.jpeg 300w, https:\/\/grundschule-fasanenhof.de\/wp-content\/uploads\/2022\/09\/IMG_2971-768x576.jpeg 768w, https:\/\/grundschule-fasanenhof.de\/wp-content\/uploads\/2022\/09\/IMG_2971-1536x1152.jpeg 1536w, https:\/\/grundschule-fasanenhof.de\/wp-content\/uploads\/2022\/09\/IMG_2971-2048x1536.jpeg 2048w\" sizes=\"auto, (max-width: 1024px) 100vw, 1024px\" \/><\/figure>\n<\/figure>\n\n\n\n<h2 class=\"wp-block-heading\">Juni 2025 &#8211; Die Viertkl\u00e4ssler toben sich bei der Kulturstra\u00dfe aus<\/h2>\n\n\n\n<p>Am Donnerstag, den 26.06.2025 fand f\u00fcr unsere Viertkl\u00e4ssler die Kulturstra\u00dfe statt. An vier verschiedenen Stationen konnten sich die Kinder kreativ austoben und zeigen, was sie drauf haben. Im Rahmen der \u201eMake art, not war\u201c- Aktion wurden mit der Zwille Farbbeutel auf eine gro\u00dfe Leinwand geschossen. Wir freuen uns das entstandene Gemeinschaftsbild bald in unserem Schulhaus aufzuh\u00e4ngen!<\/p>\n\n\n\n<p>Au\u00dferdem wurden Stoffbeutel gestaltet. Mit Hilfe einer Schablone spr\u00fchten die Viertis zur Erinnerung an die Fasanenhofschule die Buchstaben FHS mit Farbe auf die Tragetaschen und verzierten sie mit kleinen Malereien und Unterschriften.<\/p>\n\n\n\n<p>Bei der Graffitistation wurden auf alte Schallplatten bunte Weltraumlandschaften gespr\u00fcht. Es entstanden tolle Ergebnisse.<\/p>\n\n\n\n<p>Besonders viel Spa\u00df kam auch beim Gaming-Contest im Klangkelle auf. Mit voller Konzentration klickten die Kinder sich zum Ziel.<\/p>\n\n\n\n<p><strong>Wir danken der \u201eBunte Wege gUG\u201c f\u00fcr ihren tollen Einsatz an diesem ereignisreichen Tag!<\/strong><\/p>\n\n\n\n<figure class=\"wp-block-gallery has-nested-images columns-default is-cropped wp-block-gallery-11 is-layout-flex wp-block-gallery-is-layout-flex\">\n<figure class=\"wp-block-image size-large\"><img loading=\"lazy\" decoding=\"async\" width=\"768\" height=\"1024\" data-id=\"4884\" src=\"https:\/\/grundschule-fasanenhof.de\/wp-content\/uploads\/2022\/09\/1000049919-768x1024.jpg\" alt=\"\" class=\"wp-image-4884\" srcset=\"https:\/\/grundschule-fasanenhof.de\/wp-content\/uploads\/2022\/09\/1000049919-768x1024.jpg 768w, https:\/\/grundschule-fasanenhof.de\/wp-content\/uploads\/2022\/09\/1000049919-225x300.jpg 225w, https:\/\/grundschule-fasanenhof.de\/wp-content\/uploads\/2022\/09\/1000049919-1152x1536.jpg 1152w, https:\/\/grundschule-fasanenhof.de\/wp-content\/uploads\/2022\/09\/1000049919-1536x2048.jpg 1536w, https:\/\/grundschule-fasanenhof.de\/wp-content\/uploads\/2022\/09\/1000049919-scaled.jpg 1920w\" sizes=\"auto, (max-width: 768px) 100vw, 768px\" \/><\/figure>\n\n\n\n<figure class=\"wp-block-image size-large\"><img loading=\"lazy\" decoding=\"async\" width=\"1024\" height=\"768\" data-id=\"4891\" src=\"https:\/\/grundschule-fasanenhof.de\/wp-content\/uploads\/2022\/09\/1000049923-1024x768.jpg\" alt=\"\" class=\"wp-image-4891\" srcset=\"https:\/\/grundschule-fasanenhof.de\/wp-content\/uploads\/2022\/09\/1000049923-1024x768.jpg 1024w, https:\/\/grundschule-fasanenhof.de\/wp-content\/uploads\/2022\/09\/1000049923-300x225.jpg 300w, https:\/\/grundschule-fasanenhof.de\/wp-content\/uploads\/2022\/09\/1000049923-768x576.jpg 768w, https:\/\/grundschule-fasanenhof.de\/wp-content\/uploads\/2022\/09\/1000049923-1536x1152.jpg 1536w, https:\/\/grundschule-fasanenhof.de\/wp-content\/uploads\/2022\/09\/1000049923-2048x1536.jpg 2048w\" sizes=\"auto, (max-width: 1024px) 100vw, 1024px\" \/><\/figure>\n\n\n\n<figure class=\"wp-block-image size-large\"><img loading=\"lazy\" decoding=\"async\" width=\"1024\" height=\"768\" data-id=\"4890\" src=\"https:\/\/grundschule-fasanenhof.de\/wp-content\/uploads\/2022\/09\/1000049929-1024x768.jpg\" alt=\"\" class=\"wp-image-4890\" srcset=\"https:\/\/grundschule-fasanenhof.de\/wp-content\/uploads\/2022\/09\/1000049929-1024x768.jpg 1024w, https:\/\/grundschule-fasanenhof.de\/wp-content\/uploads\/2022\/09\/1000049929-300x225.jpg 300w, https:\/\/grundschule-fasanenhof.de\/wp-content\/uploads\/2022\/09\/1000049929-768x576.jpg 768w, https:\/\/grundschule-fasanenhof.de\/wp-content\/uploads\/2022\/09\/1000049929-1536x1152.jpg 1536w, https:\/\/grundschule-fasanenhof.de\/wp-content\/uploads\/2022\/09\/1000049929-2048x1536.jpg 2048w\" sizes=\"auto, (max-width: 1024px) 100vw, 1024px\" \/><\/figure>\n\n\n\n<figure class=\"wp-block-image size-large\"><img loading=\"lazy\" decoding=\"async\" width=\"1024\" height=\"768\" data-id=\"4887\" src=\"https:\/\/grundschule-fasanenhof.de\/wp-content\/uploads\/2022\/09\/1000049930-1024x768.jpg\" alt=\"\" class=\"wp-image-4887\" srcset=\"https:\/\/grundschule-fasanenhof.de\/wp-content\/uploads\/2022\/09\/1000049930-1024x768.jpg 1024w, https:\/\/grundschule-fasanenhof.de\/wp-content\/uploads\/2022\/09\/1000049930-300x225.jpg 300w, https:\/\/grundschule-fasanenhof.de\/wp-content\/uploads\/2022\/09\/1000049930-768x576.jpg 768w, https:\/\/grundschule-fasanenhof.de\/wp-content\/uploads\/2022\/09\/1000049930-1536x1152.jpg 1536w, https:\/\/grundschule-fasanenhof.de\/wp-content\/uploads\/2022\/09\/1000049930-2048x1536.jpg 2048w\" sizes=\"auto, (max-width: 1024px) 100vw, 1024px\" \/><\/figure>\n\n\n\n<figure class=\"wp-block-image size-large\"><img loading=\"lazy\" decoding=\"async\" width=\"1024\" height=\"768\" data-id=\"4888\" src=\"https:\/\/grundschule-fasanenhof.de\/wp-content\/uploads\/2022\/09\/1000049933-1024x768.jpg\" alt=\"\" class=\"wp-image-4888\" srcset=\"https:\/\/grundschule-fasanenhof.de\/wp-content\/uploads\/2022\/09\/1000049933-1024x768.jpg 1024w, https:\/\/grundschule-fasanenhof.de\/wp-content\/uploads\/2022\/09\/1000049933-300x225.jpg 300w, https:\/\/grundschule-fasanenhof.de\/wp-content\/uploads\/2022\/09\/1000049933-768x576.jpg 768w, https:\/\/grundschule-fasanenhof.de\/wp-content\/uploads\/2022\/09\/1000049933-1536x1152.jpg 1536w, https:\/\/grundschule-fasanenhof.de\/wp-content\/uploads\/2022\/09\/1000049933-2048x1536.jpg 2048w\" sizes=\"auto, (max-width: 1024px) 100vw, 1024px\" \/><\/figure>\n\n\n\n<figure class=\"wp-block-image size-large\"><img loading=\"lazy\" decoding=\"async\" width=\"1024\" height=\"768\" data-id=\"4889\" src=\"https:\/\/grundschule-fasanenhof.de\/wp-content\/uploads\/2022\/09\/1000049935-1024x768.jpg\" alt=\"\" class=\"wp-image-4889\" srcset=\"https:\/\/grundschule-fasanenhof.de\/wp-content\/uploads\/2022\/09\/1000049935-1024x768.jpg 1024w, https:\/\/grundschule-fasanenhof.de\/wp-content\/uploads\/2022\/09\/1000049935-300x225.jpg 300w, https:\/\/grundschule-fasanenhof.de\/wp-content\/uploads\/2022\/09\/1000049935-768x576.jpg 768w, https:\/\/grundschule-fasanenhof.de\/wp-content\/uploads\/2022\/09\/1000049935-1536x1152.jpg 1536w, https:\/\/grundschule-fasanenhof.de\/wp-content\/uploads\/2022\/09\/1000049935-2048x1536.jpg 2048w\" sizes=\"auto, (max-width: 1024px) 100vw, 1024px\" \/><\/figure>\n\n\n\n<figure class=\"wp-block-image size-large\"><img loading=\"lazy\" decoding=\"async\" width=\"1024\" height=\"768\" data-id=\"4885\" src=\"https:\/\/grundschule-fasanenhof.de\/wp-content\/uploads\/2022\/09\/1000049939-1024x768.jpg\" alt=\"\" class=\"wp-image-4885\" srcset=\"https:\/\/grundschule-fasanenhof.de\/wp-content\/uploads\/2022\/09\/1000049939-1024x768.jpg 1024w, https:\/\/grundschule-fasanenhof.de\/wp-content\/uploads\/2022\/09\/1000049939-300x225.jpg 300w, https:\/\/grundschule-fasanenhof.de\/wp-content\/uploads\/2022\/09\/1000049939-768x576.jpg 768w, https:\/\/grundschule-fasanenhof.de\/wp-content\/uploads\/2022\/09\/1000049939-1536x1152.jpg 1536w, https:\/\/grundschule-fasanenhof.de\/wp-content\/uploads\/2022\/09\/1000049939-2048x1536.jpg 2048w\" sizes=\"auto, (max-width: 1024px) 100vw, 1024px\" \/><\/figure>\n\n\n\n<figure class=\"wp-block-image size-large\"><img loading=\"lazy\" decoding=\"async\" width=\"768\" height=\"1024\" data-id=\"4883\" src=\"https:\/\/grundschule-fasanenhof.de\/wp-content\/uploads\/2022\/09\/1000049942-768x1024.jpg\" alt=\"\" class=\"wp-image-4883\" srcset=\"https:\/\/grundschule-fasanenhof.de\/wp-content\/uploads\/2022\/09\/1000049942-768x1024.jpg 768w, https:\/\/grundschule-fasanenhof.de\/wp-content\/uploads\/2022\/09\/1000049942-225x300.jpg 225w, https:\/\/grundschule-fasanenhof.de\/wp-content\/uploads\/2022\/09\/1000049942-1152x1536.jpg 1152w, https:\/\/grundschule-fasanenhof.de\/wp-content\/uploads\/2022\/09\/1000049942-1536x2048.jpg 1536w, https:\/\/grundschule-fasanenhof.de\/wp-content\/uploads\/2022\/09\/1000049942-scaled.jpg 1920w\" sizes=\"auto, (max-width: 768px) 100vw, 768px\" \/><\/figure>\n\n\n\n<figure class=\"wp-block-image size-large\"><img loading=\"lazy\" decoding=\"async\" width=\"1024\" height=\"768\" data-id=\"4886\" src=\"https:\/\/grundschule-fasanenhof.de\/wp-content\/uploads\/2022\/09\/1000049948-1024x768.jpg\" alt=\"\" class=\"wp-image-4886\" srcset=\"https:\/\/grundschule-fasanenhof.de\/wp-content\/uploads\/2022\/09\/1000049948-1024x768.jpg 1024w, https:\/\/grundschule-fasanenhof.de\/wp-content\/uploads\/2022\/09\/1000049948-300x225.jpg 300w, https:\/\/grundschule-fasanenhof.de\/wp-content\/uploads\/2022\/09\/1000049948-768x576.jpg 768w, https:\/\/grundschule-fasanenhof.de\/wp-content\/uploads\/2022\/09\/1000049948-1536x1152.jpg 1536w, https:\/\/grundschule-fasanenhof.de\/wp-content\/uploads\/2022\/09\/1000049948-2048x1536.jpg 2048w\" sizes=\"auto, (max-width: 1024px) 100vw, 1024px\" \/><\/figure>\n\n\n\n<figure class=\"wp-block-image size-large\"><img loading=\"lazy\" decoding=\"async\" width=\"1024\" height=\"768\" data-id=\"4892\" src=\"https:\/\/grundschule-fasanenhof.de\/wp-content\/uploads\/2022\/09\/1000049968-1024x768.jpg\" alt=\"\" class=\"wp-image-4892\" srcset=\"https:\/\/grundschule-fasanenhof.de\/wp-content\/uploads\/2022\/09\/1000049968-1024x768.jpg 1024w, https:\/\/grundschule-fasanenhof.de\/wp-content\/uploads\/2022\/09\/1000049968-300x225.jpg 300w, https:\/\/grundschule-fasanenhof.de\/wp-content\/uploads\/2022\/09\/1000049968-768x576.jpg 768w, https:\/\/grundschule-fasanenhof.de\/wp-content\/uploads\/2022\/09\/1000049968-1536x1152.jpg 1536w, https:\/\/grundschule-fasanenhof.de\/wp-content\/uploads\/2022\/09\/1000049968-2048x1536.jpg 2048w\" sizes=\"auto, (max-width: 1024px) 100vw, 1024px\" \/><\/figure>\n\n\n\n<figure class=\"wp-block-image size-large\"><img loading=\"lazy\" decoding=\"async\" width=\"1024\" height=\"768\" data-id=\"4877\" src=\"https:\/\/grundschule-fasanenhof.de\/wp-content\/uploads\/2022\/09\/1751197518473-1024x768.jpg\" alt=\"\" class=\"wp-image-4877\" srcset=\"https:\/\/grundschule-fasanenhof.de\/wp-content\/uploads\/2022\/09\/1751197518473-1024x768.jpg 1024w, https:\/\/grundschule-fasanenhof.de\/wp-content\/uploads\/2022\/09\/1751197518473-300x225.jpg 300w, https:\/\/grundschule-fasanenhof.de\/wp-content\/uploads\/2022\/09\/1751197518473-768x576.jpg 768w, https:\/\/grundschule-fasanenhof.de\/wp-content\/uploads\/2022\/09\/1751197518473-1536x1152.jpg 1536w, https:\/\/grundschule-fasanenhof.de\/wp-content\/uploads\/2022\/09\/1751197518473.jpg 2048w\" sizes=\"auto, (max-width: 1024px) 100vw, 1024px\" \/><\/figure>\n\n\n\n<figure class=\"wp-block-image size-large\"><img loading=\"lazy\" decoding=\"async\" width=\"1024\" height=\"768\" data-id=\"4880\" src=\"https:\/\/grundschule-fasanenhof.de\/wp-content\/uploads\/2022\/09\/1751197518484-1024x768.jpg\" alt=\"\" class=\"wp-image-4880\" srcset=\"https:\/\/grundschule-fasanenhof.de\/wp-content\/uploads\/2022\/09\/1751197518484-1024x768.jpg 1024w, https:\/\/grundschule-fasanenhof.de\/wp-content\/uploads\/2022\/09\/1751197518484-300x225.jpg 300w, https:\/\/grundschule-fasanenhof.de\/wp-content\/uploads\/2022\/09\/1751197518484-768x576.jpg 768w, https:\/\/grundschule-fasanenhof.de\/wp-content\/uploads\/2022\/09\/1751197518484-1536x1152.jpg 1536w, https:\/\/grundschule-fasanenhof.de\/wp-content\/uploads\/2022\/09\/1751197518484.jpg 2048w\" sizes=\"auto, (max-width: 1024px) 100vw, 1024px\" \/><\/figure>\n\n\n\n<figure class=\"wp-block-image size-large\"><img loading=\"lazy\" decoding=\"async\" width=\"768\" height=\"1024\" data-id=\"4882\" src=\"https:\/\/grundschule-fasanenhof.de\/wp-content\/uploads\/2022\/09\/1751197518509-768x1024.jpg\" alt=\"\" class=\"wp-image-4882\" srcset=\"https:\/\/grundschule-fasanenhof.de\/wp-content\/uploads\/2022\/09\/1751197518509-768x1024.jpg 768w, https:\/\/grundschule-fasanenhof.de\/wp-content\/uploads\/2022\/09\/1751197518509-225x300.jpg 225w, https:\/\/grundschule-fasanenhof.de\/wp-content\/uploads\/2022\/09\/1751197518509-1152x1536.jpg 1152w, https:\/\/grundschule-fasanenhof.de\/wp-content\/uploads\/2022\/09\/1751197518509.jpg 1536w\" sizes=\"auto, (max-width: 768px) 100vw, 768px\" \/><\/figure>\n\n\n\n<figure class=\"wp-block-image size-large\"><img loading=\"lazy\" decoding=\"async\" width=\"1024\" height=\"768\" data-id=\"4878\" src=\"https:\/\/grundschule-fasanenhof.de\/wp-content\/uploads\/2022\/09\/1751197518525-1024x768.jpg\" alt=\"\" class=\"wp-image-4878\" srcset=\"https:\/\/grundschule-fasanenhof.de\/wp-content\/uploads\/2022\/09\/1751197518525-1024x768.jpg 1024w, https:\/\/grundschule-fasanenhof.de\/wp-content\/uploads\/2022\/09\/1751197518525-300x225.jpg 300w, https:\/\/grundschule-fasanenhof.de\/wp-content\/uploads\/2022\/09\/1751197518525-768x576.jpg 768w, https:\/\/grundschule-fasanenhof.de\/wp-content\/uploads\/2022\/09\/1751197518525-1536x1152.jpg 1536w, https:\/\/grundschule-fasanenhof.de\/wp-content\/uploads\/2022\/09\/1751197518525.jpg 2048w\" sizes=\"auto, (max-width: 1024px) 100vw, 1024px\" \/><\/figure>\n\n\n\n<figure class=\"wp-block-image size-large\"><img loading=\"lazy\" decoding=\"async\" width=\"1024\" height=\"768\" data-id=\"4879\" src=\"https:\/\/grundschule-fasanenhof.de\/wp-content\/uploads\/2022\/09\/1751197518545-1024x768.jpg\" alt=\"\" class=\"wp-image-4879\" srcset=\"https:\/\/grundschule-fasanenhof.de\/wp-content\/uploads\/2022\/09\/1751197518545-1024x768.jpg 1024w, https:\/\/grundschule-fasanenhof.de\/wp-content\/uploads\/2022\/09\/1751197518545-300x225.jpg 300w, https:\/\/grundschule-fasanenhof.de\/wp-content\/uploads\/2022\/09\/1751197518545-768x576.jpg 768w, https:\/\/grundschule-fasanenhof.de\/wp-content\/uploads\/2022\/09\/1751197518545-1536x1152.jpg 1536w, https:\/\/grundschule-fasanenhof.de\/wp-content\/uploads\/2022\/09\/1751197518545.jpg 2048w\" sizes=\"auto, (max-width: 1024px) 100vw, 1024px\" \/><\/figure>\n\n\n\n<figure class=\"wp-block-image size-large\"><img loading=\"lazy\" decoding=\"async\" width=\"1024\" height=\"768\" data-id=\"4881\" src=\"https:\/\/grundschule-fasanenhof.de\/wp-content\/uploads\/2022\/09\/1751197518565-1024x768.jpg\" alt=\"\" class=\"wp-image-4881\" srcset=\"https:\/\/grundschule-fasanenhof.de\/wp-content\/uploads\/2022\/09\/1751197518565-1024x768.jpg 1024w, https:\/\/grundschule-fasanenhof.de\/wp-content\/uploads\/2022\/09\/1751197518565-300x225.jpg 300w, https:\/\/grundschule-fasanenhof.de\/wp-content\/uploads\/2022\/09\/1751197518565-768x576.jpg 768w, https:\/\/grundschule-fasanenhof.de\/wp-content\/uploads\/2022\/09\/1751197518565-1536x1152.jpg 1536w, https:\/\/grundschule-fasanenhof.de\/wp-content\/uploads\/2022\/09\/1751197518565.jpg 2048w\" sizes=\"auto, (max-width: 1024px) 100vw, 1024px\" \/><\/figure>\n<\/figure>\n\n\n\n<h2 class=\"wp-block-heading\">Juni 2025 &#8211; Wir bekommen zum Vorlesetag Besuch von der KiTa<\/h2>\n\n\n\n<p>Am 24.06.2025 fand der Vorlesetag f\u00fcr die Kindergartenkinder statt. Es waren \u00fcber 30 Kinder der KiTas rund um die Fasanenhoschule bei der 3a, 3b und 3c zu Besuch und lauschten den Geschichten, die f\u00fcr sie vorgelesen wurden. Daf\u00fcr hatten die Sch\u00fcler in den Tagen zuvor flei\u00dfig ge\u00fcbt und konnten zeigen, wie gut man im dritten Schuljahr schon lesen kann. Im Anschluss durften die Kindergartenkinder passend zu den verschiedenen Geschichten malen und basteln. Es war eine Stunde voller netter Gespr\u00e4che zwischen den Kindern, Lehrerinnen und Erzieherinnen und Erzieher.<\/p>\n\n\n\n<p>In der Klasse 3a und 3c wurde zu diesem Anlass das Bilderbuch \u201eSteinsuppe\u201c vorgelesen. Eine Geschichte, in der sich herausstellt, dass Vorurteile oft gar nicht zutreffen &#8211; und eine Steinsuppe gekocht wird.<\/p>\n\n\n\n<figure class=\"wp-block-gallery has-nested-images columns-default is-cropped wp-block-gallery-12 is-layout-flex wp-block-gallery-is-layout-flex\">\n<figure class=\"wp-block-image size-large\"><img loading=\"lazy\" decoding=\"async\" width=\"640\" height=\"508\" data-id=\"4929\" src=\"https:\/\/grundschule-fasanenhof.de\/wp-content\/uploads\/2022\/09\/image0-2-rotated.jpeg\" alt=\"\" class=\"wp-image-4929\" srcset=\"https:\/\/grundschule-fasanenhof.de\/wp-content\/uploads\/2022\/09\/image0-2-rotated.jpeg 640w, https:\/\/grundschule-fasanenhof.de\/wp-content\/uploads\/2022\/09\/image0-2-300x238.jpeg 300w\" sizes=\"auto, (max-width: 640px) 100vw, 640px\" \/><\/figure>\n\n\n\n<figure class=\"wp-block-image size-large\"><img loading=\"lazy\" decoding=\"async\" width=\"640\" height=\"318\" data-id=\"4930\" src=\"https:\/\/grundschule-fasanenhof.de\/wp-content\/uploads\/2022\/09\/image1-1.jpeg\" alt=\"\" class=\"wp-image-4930\" srcset=\"https:\/\/grundschule-fasanenhof.de\/wp-content\/uploads\/2022\/09\/image1-1.jpeg 640w, https:\/\/grundschule-fasanenhof.de\/wp-content\/uploads\/2022\/09\/image1-1-300x149.jpeg 300w\" sizes=\"auto, (max-width: 640px) 100vw, 640px\" \/><\/figure>\n\n\n\n<figure class=\"wp-block-image size-large\"><img loading=\"lazy\" decoding=\"async\" width=\"640\" height=\"608\" data-id=\"4931\" src=\"https:\/\/grundschule-fasanenhof.de\/wp-content\/uploads\/2022\/09\/image3-1.jpeg\" alt=\"\" class=\"wp-image-4931\" srcset=\"https:\/\/grundschule-fasanenhof.de\/wp-content\/uploads\/2022\/09\/image3-1.jpeg 640w, https:\/\/grundschule-fasanenhof.de\/wp-content\/uploads\/2022\/09\/image3-1-300x285.jpeg 300w\" sizes=\"auto, (max-width: 640px) 100vw, 640px\" \/><\/figure>\n<\/figure>\n\n\n\n<h2 class=\"wp-block-heading\">Juni 2025 &#8211; Die 2a und 2c entdecken die Symmetrie<\/h2>\n\n\n\n<p>Im Rahmen der Projektwoche besch\u00e4ftigten sich die Klassen 2a und 2c mit dem Thema &#8222;Symmetrie&#8220; und lernten auf abwechslungsreiche und kreative Weise viel neues zum Herstellen und Erkennen von Spiegelbildern. Es wurden Faltschnitte und Klecksbilder hergestellt; Spiegelbilder gelegt, gezeichnet und auf dem Geobrett aufgespannt; geheime Spiegelschriften entziffert und selbst Spiegelbotschaften geschrieben sowie Spiegelbilder geprickelt und durch Abpausen hergestellt. Alle hatten sichtlich Spa\u00df und die drei Tage vergingen wie im Flug. <\/p>\n\n\n\n<figure class=\"wp-block-gallery has-nested-images columns-default is-cropped wp-block-gallery-13 is-layout-flex wp-block-gallery-is-layout-flex\">\n<figure class=\"wp-block-image size-large\"><img loading=\"lazy\" decoding=\"async\" width=\"1024\" height=\"576\" data-id=\"4895\" src=\"https:\/\/grundschule-fasanenhof.de\/wp-content\/uploads\/2022\/09\/1751197584252-1024x576.jpg\" alt=\"\" class=\"wp-image-4895\" srcset=\"https:\/\/grundschule-fasanenhof.de\/wp-content\/uploads\/2022\/09\/1751197584252-1024x576.jpg 1024w, https:\/\/grundschule-fasanenhof.de\/wp-content\/uploads\/2022\/09\/1751197584252-300x169.jpg 300w, https:\/\/grundschule-fasanenhof.de\/wp-content\/uploads\/2022\/09\/1751197584252-768x432.jpg 768w, https:\/\/grundschule-fasanenhof.de\/wp-content\/uploads\/2022\/09\/1751197584252-1536x864.jpg 1536w, https:\/\/grundschule-fasanenhof.de\/wp-content\/uploads\/2022\/09\/1751197584252.jpg 2040w\" sizes=\"auto, (max-width: 1024px) 100vw, 1024px\" \/><\/figure>\n\n\n\n<figure class=\"wp-block-image size-large\"><img loading=\"lazy\" decoding=\"async\" width=\"1024\" height=\"576\" data-id=\"4897\" src=\"https:\/\/grundschule-fasanenhof.de\/wp-content\/uploads\/2022\/09\/1751197584273-1024x576.jpg\" alt=\"\" class=\"wp-image-4897\" srcset=\"https:\/\/grundschule-fasanenhof.de\/wp-content\/uploads\/2022\/09\/1751197584273-1024x576.jpg 1024w, https:\/\/grundschule-fasanenhof.de\/wp-content\/uploads\/2022\/09\/1751197584273-300x169.jpg 300w, https:\/\/grundschule-fasanenhof.de\/wp-content\/uploads\/2022\/09\/1751197584273-768x432.jpg 768w, https:\/\/grundschule-fasanenhof.de\/wp-content\/uploads\/2022\/09\/1751197584273-1536x864.jpg 1536w, https:\/\/grundschule-fasanenhof.de\/wp-content\/uploads\/2022\/09\/1751197584273.jpg 2040w\" sizes=\"auto, (max-width: 1024px) 100vw, 1024px\" \/><\/figure>\n\n\n\n<figure class=\"wp-block-image size-large\"><img loading=\"lazy\" decoding=\"async\" width=\"1024\" height=\"576\" data-id=\"4899\" src=\"https:\/\/grundschule-fasanenhof.de\/wp-content\/uploads\/2022\/09\/1751197584285-1024x576.jpg\" alt=\"\" class=\"wp-image-4899\" srcset=\"https:\/\/grundschule-fasanenhof.de\/wp-content\/uploads\/2022\/09\/1751197584285-1024x576.jpg 1024w, https:\/\/grundschule-fasanenhof.de\/wp-content\/uploads\/2022\/09\/1751197584285-300x169.jpg 300w, https:\/\/grundschule-fasanenhof.de\/wp-content\/uploads\/2022\/09\/1751197584285-768x432.jpg 768w, https:\/\/grundschule-fasanenhof.de\/wp-content\/uploads\/2022\/09\/1751197584285-1536x864.jpg 1536w, https:\/\/grundschule-fasanenhof.de\/wp-content\/uploads\/2022\/09\/1751197584285.jpg 2040w\" sizes=\"auto, (max-width: 1024px) 100vw, 1024px\" \/><\/figure>\n\n\n\n<figure class=\"wp-block-image size-large\"><img loading=\"lazy\" decoding=\"async\" width=\"1024\" height=\"576\" data-id=\"4896\" src=\"https:\/\/grundschule-fasanenhof.de\/wp-content\/uploads\/2022\/09\/1751197584300-1024x576.jpg\" alt=\"\" class=\"wp-image-4896\" srcset=\"https:\/\/grundschule-fasanenhof.de\/wp-content\/uploads\/2022\/09\/1751197584300-1024x576.jpg 1024w, https:\/\/grundschule-fasanenhof.de\/wp-content\/uploads\/2022\/09\/1751197584300-300x169.jpg 300w, https:\/\/grundschule-fasanenhof.de\/wp-content\/uploads\/2022\/09\/1751197584300-768x432.jpg 768w, https:\/\/grundschule-fasanenhof.de\/wp-content\/uploads\/2022\/09\/1751197584300-1536x864.jpg 1536w, https:\/\/grundschule-fasanenhof.de\/wp-content\/uploads\/2022\/09\/1751197584300.jpg 2040w\" sizes=\"auto, (max-width: 1024px) 100vw, 1024px\" \/><\/figure>\n\n\n\n<figure class=\"wp-block-image size-large\"><img loading=\"lazy\" decoding=\"async\" width=\"1024\" height=\"576\" data-id=\"4898\" src=\"https:\/\/grundschule-fasanenhof.de\/wp-content\/uploads\/2022\/09\/1751197584331-1024x576.jpg\" alt=\"\" class=\"wp-image-4898\" srcset=\"https:\/\/grundschule-fasanenhof.de\/wp-content\/uploads\/2022\/09\/1751197584331-1024x576.jpg 1024w, https:\/\/grundschule-fasanenhof.de\/wp-content\/uploads\/2022\/09\/1751197584331-300x169.jpg 300w, https:\/\/grundschule-fasanenhof.de\/wp-content\/uploads\/2022\/09\/1751197584331-768x432.jpg 768w, https:\/\/grundschule-fasanenhof.de\/wp-content\/uploads\/2022\/09\/1751197584331-1536x864.jpg 1536w, https:\/\/grundschule-fasanenhof.de\/wp-content\/uploads\/2022\/09\/1751197584331.jpg 2040w\" sizes=\"auto, (max-width: 1024px) 100vw, 1024px\" \/><\/figure>\n\n\n\n<figure class=\"wp-block-image size-large\"><img loading=\"lazy\" decoding=\"async\" width=\"576\" height=\"1024\" data-id=\"4906\" src=\"https:\/\/grundschule-fasanenhof.de\/wp-content\/uploads\/2022\/09\/IMG_20250618_103623-576x1024.jpg\" alt=\"\" class=\"wp-image-4906\" srcset=\"https:\/\/grundschule-fasanenhof.de\/wp-content\/uploads\/2022\/09\/IMG_20250618_103623-576x1024.jpg 576w, https:\/\/grundschule-fasanenhof.de\/wp-content\/uploads\/2022\/09\/IMG_20250618_103623-169x300.jpg 169w, https:\/\/grundschule-fasanenhof.de\/wp-content\/uploads\/2022\/09\/IMG_20250618_103623-768x1366.jpg 768w, https:\/\/grundschule-fasanenhof.de\/wp-content\/uploads\/2022\/09\/IMG_20250618_103623-864x1536.jpg 864w, https:\/\/grundschule-fasanenhof.de\/wp-content\/uploads\/2022\/09\/IMG_20250618_103623-1152x2048.jpg 1152w, https:\/\/grundschule-fasanenhof.de\/wp-content\/uploads\/2022\/09\/IMG_20250618_103623-scaled.jpg 1439w\" sizes=\"auto, (max-width: 576px) 100vw, 576px\" \/><\/figure>\n\n\n\n<figure class=\"wp-block-image size-large\"><img loading=\"lazy\" decoding=\"async\" width=\"576\" height=\"1024\" data-id=\"4905\" src=\"https:\/\/grundschule-fasanenhof.de\/wp-content\/uploads\/2022\/09\/IMG_20250618_103702-576x1024.jpg\" alt=\"\" class=\"wp-image-4905\" srcset=\"https:\/\/grundschule-fasanenhof.de\/wp-content\/uploads\/2022\/09\/IMG_20250618_103702-576x1024.jpg 576w, https:\/\/grundschule-fasanenhof.de\/wp-content\/uploads\/2022\/09\/IMG_20250618_103702-169x300.jpg 169w, https:\/\/grundschule-fasanenhof.de\/wp-content\/uploads\/2022\/09\/IMG_20250618_103702-768x1366.jpg 768w, https:\/\/grundschule-fasanenhof.de\/wp-content\/uploads\/2022\/09\/IMG_20250618_103702-864x1536.jpg 864w, https:\/\/grundschule-fasanenhof.de\/wp-content\/uploads\/2022\/09\/IMG_20250618_103702-1152x2048.jpg 1152w, https:\/\/grundschule-fasanenhof.de\/wp-content\/uploads\/2022\/09\/IMG_20250618_103702-scaled.jpg 1439w\" sizes=\"auto, (max-width: 576px) 100vw, 576px\" \/><\/figure>\n\n\n\n<figure class=\"wp-block-image size-large\"><img loading=\"lazy\" decoding=\"async\" width=\"576\" height=\"1024\" data-id=\"4907\" src=\"https:\/\/grundschule-fasanenhof.de\/wp-content\/uploads\/2022\/09\/IMG_20250618_103713-576x1024.jpg\" alt=\"\" class=\"wp-image-4907\" srcset=\"https:\/\/grundschule-fasanenhof.de\/wp-content\/uploads\/2022\/09\/IMG_20250618_103713-576x1024.jpg 576w, https:\/\/grundschule-fasanenhof.de\/wp-content\/uploads\/2022\/09\/IMG_20250618_103713-169x300.jpg 169w, https:\/\/grundschule-fasanenhof.de\/wp-content\/uploads\/2022\/09\/IMG_20250618_103713-768x1366.jpg 768w, https:\/\/grundschule-fasanenhof.de\/wp-content\/uploads\/2022\/09\/IMG_20250618_103713-864x1536.jpg 864w, https:\/\/grundschule-fasanenhof.de\/wp-content\/uploads\/2022\/09\/IMG_20250618_103713-1152x2048.jpg 1152w, https:\/\/grundschule-fasanenhof.de\/wp-content\/uploads\/2022\/09\/IMG_20250618_103713-scaled.jpg 1439w\" sizes=\"auto, (max-width: 576px) 100vw, 576px\" \/><\/figure>\n\n\n\n<figure class=\"wp-block-image size-large\"><img loading=\"lazy\" decoding=\"async\" width=\"576\" height=\"1024\" data-id=\"4903\" src=\"https:\/\/grundschule-fasanenhof.de\/wp-content\/uploads\/2022\/09\/IMG_20250618_103748-576x1024.jpg\" alt=\"\" class=\"wp-image-4903\" srcset=\"https:\/\/grundschule-fasanenhof.de\/wp-content\/uploads\/2022\/09\/IMG_20250618_103748-576x1024.jpg 576w, https:\/\/grundschule-fasanenhof.de\/wp-content\/uploads\/2022\/09\/IMG_20250618_103748-169x300.jpg 169w, https:\/\/grundschule-fasanenhof.de\/wp-content\/uploads\/2022\/09\/IMG_20250618_103748-768x1366.jpg 768w, https:\/\/grundschule-fasanenhof.de\/wp-content\/uploads\/2022\/09\/IMG_20250618_103748-864x1536.jpg 864w, https:\/\/grundschule-fasanenhof.de\/wp-content\/uploads\/2022\/09\/IMG_20250618_103748-1152x2048.jpg 1152w, https:\/\/grundschule-fasanenhof.de\/wp-content\/uploads\/2022\/09\/IMG_20250618_103748-scaled.jpg 1439w\" sizes=\"auto, (max-width: 576px) 100vw, 576px\" \/><\/figure>\n\n\n\n<figure class=\"wp-block-image size-large\"><img loading=\"lazy\" decoding=\"async\" width=\"576\" height=\"1024\" data-id=\"4901\" src=\"https:\/\/grundschule-fasanenhof.de\/wp-content\/uploads\/2022\/09\/IMG_20250618_103831-576x1024.jpg\" alt=\"\" class=\"wp-image-4901\" srcset=\"https:\/\/grundschule-fasanenhof.de\/wp-content\/uploads\/2022\/09\/IMG_20250618_103831-576x1024.jpg 576w, https:\/\/grundschule-fasanenhof.de\/wp-content\/uploads\/2022\/09\/IMG_20250618_103831-169x300.jpg 169w, https:\/\/grundschule-fasanenhof.de\/wp-content\/uploads\/2022\/09\/IMG_20250618_103831-768x1366.jpg 768w, https:\/\/grundschule-fasanenhof.de\/wp-content\/uploads\/2022\/09\/IMG_20250618_103831-864x1536.jpg 864w, https:\/\/grundschule-fasanenhof.de\/wp-content\/uploads\/2022\/09\/IMG_20250618_103831-1152x2048.jpg 1152w, https:\/\/grundschule-fasanenhof.de\/wp-content\/uploads\/2022\/09\/IMG_20250618_103831-scaled.jpg 1439w\" sizes=\"auto, (max-width: 576px) 100vw, 576px\" \/><\/figure>\n\n\n\n<figure class=\"wp-block-image size-large\"><img loading=\"lazy\" decoding=\"async\" width=\"576\" height=\"1024\" data-id=\"4902\" src=\"https:\/\/grundschule-fasanenhof.de\/wp-content\/uploads\/2022\/09\/IMG_20250618_103855-576x1024.jpg\" alt=\"\" class=\"wp-image-4902\" srcset=\"https:\/\/grundschule-fasanenhof.de\/wp-content\/uploads\/2022\/09\/IMG_20250618_103855-576x1024.jpg 576w, https:\/\/grundschule-fasanenhof.de\/wp-content\/uploads\/2022\/09\/IMG_20250618_103855-169x300.jpg 169w, https:\/\/grundschule-fasanenhof.de\/wp-content\/uploads\/2022\/09\/IMG_20250618_103855-768x1366.jpg 768w, https:\/\/grundschule-fasanenhof.de\/wp-content\/uploads\/2022\/09\/IMG_20250618_103855-864x1536.jpg 864w, https:\/\/grundschule-fasanenhof.de\/wp-content\/uploads\/2022\/09\/IMG_20250618_103855-1152x2048.jpg 1152w, https:\/\/grundschule-fasanenhof.de\/wp-content\/uploads\/2022\/09\/IMG_20250618_103855-scaled.jpg 1439w\" sizes=\"auto, (max-width: 576px) 100vw, 576px\" \/><\/figure>\n\n\n\n<figure class=\"wp-block-image size-large\"><img loading=\"lazy\" decoding=\"async\" width=\"1024\" height=\"576\" data-id=\"4900\" src=\"https:\/\/grundschule-fasanenhof.de\/wp-content\/uploads\/2022\/09\/IMG_20250618_104032-1024x576.jpg\" alt=\"\" class=\"wp-image-4900\" srcset=\"https:\/\/grundschule-fasanenhof.de\/wp-content\/uploads\/2022\/09\/IMG_20250618_104032-1024x576.jpg 1024w, https:\/\/grundschule-fasanenhof.de\/wp-content\/uploads\/2022\/09\/IMG_20250618_104032-300x169.jpg 300w, https:\/\/grundschule-fasanenhof.de\/wp-content\/uploads\/2022\/09\/IMG_20250618_104032-768x432.jpg 768w, https:\/\/grundschule-fasanenhof.de\/wp-content\/uploads\/2022\/09\/IMG_20250618_104032-1536x864.jpg 1536w, https:\/\/grundschule-fasanenhof.de\/wp-content\/uploads\/2022\/09\/IMG_20250618_104032-2048x1152.jpg 2048w\" sizes=\"auto, (max-width: 1024px) 100vw, 1024px\" \/><\/figure>\n\n\n\n<figure class=\"wp-block-image size-large\"><img loading=\"lazy\" decoding=\"async\" width=\"1024\" height=\"576\" data-id=\"4904\" src=\"https:\/\/grundschule-fasanenhof.de\/wp-content\/uploads\/2022\/09\/IMG_20250618_104056-1024x576.jpg\" alt=\"\" class=\"wp-image-4904\" srcset=\"https:\/\/grundschule-fasanenhof.de\/wp-content\/uploads\/2022\/09\/IMG_20250618_104056-1024x576.jpg 1024w, https:\/\/grundschule-fasanenhof.de\/wp-content\/uploads\/2022\/09\/IMG_20250618_104056-300x169.jpg 300w, https:\/\/grundschule-fasanenhof.de\/wp-content\/uploads\/2022\/09\/IMG_20250618_104056-768x432.jpg 768w, https:\/\/grundschule-fasanenhof.de\/wp-content\/uploads\/2022\/09\/IMG_20250618_104056-1536x864.jpg 1536w, https:\/\/grundschule-fasanenhof.de\/wp-content\/uploads\/2022\/09\/IMG_20250618_104056-2048x1152.jpg 2048w\" sizes=\"auto, (max-width: 1024px) 100vw, 1024px\" \/><\/figure>\n<\/figure>\n\n\n\n<h2 class=\"wp-block-heading\">Juni 2025 &#8211; Der Zahnarzt ist da<\/h2>\n\n\n\n<div data-wp-interactive=\"core\/file\" class=\"wp-block-file\"><object data-wp-bind--hidden=\"!state.hasPdfPreview\" hidden class=\"wp-block-file__embed\" data=\"https:\/\/grundschule-fasanenhof.de\/wp-content\/uploads\/2022\/09\/Besuch-der-Schulzahnaerztin.pdf\" type=\"application\/pdf\" style=\"width:100%;height:600px\" aria-label=\"Einbettung von Besuch der Schulzahn\u00e4rztin.\"><\/object><a id=\"wp-block-file--media-7b5ad8a6-f10c-4e42-8c10-a9d714d7e06e\" href=\"https:\/\/grundschule-fasanenhof.de\/wp-content\/uploads\/2022\/09\/Besuch-der-Schulzahnaerztin.pdf\">Besuch der Schulzahn\u00e4rztin<\/a><a href=\"https:\/\/grundschule-fasanenhof.de\/wp-content\/uploads\/2022\/09\/Besuch-der-Schulzahnaerztin.pdf\" class=\"wp-block-file__button wp-element-button\" download aria-describedby=\"wp-block-file--media-7b5ad8a6-f10c-4e42-8c10-a9d714d7e06e\">Herunterladen<\/a><\/div>\n\n\n\n<h2 class=\"wp-block-heading\">Mai 2025 &#8211; Autorenlesung an der Fasanenhofschule<\/h2>\n\n\n\n<p>Am Montag, 12. Mai 2025 erfreute die Autorin Andrea Karim\u00e9 unsere Schule mit einer Lesung aus dem Buch &#8222;Kalim Baba und die W\u00f6rterlampe&#8220;.<\/p>\n\n\n\n<p>Egal wer sich streitet und was passiert ist: Kalim Baba findet immer die richtigen W\u00f6rter, damit die Menschen und Tiere wieder zueinander finden. Dann geht ihm ein Licht im Kopf auf und ihm wird ganz warm. Vielleicht ist Kalim Baba ein Vorbild, wie man mit W\u00f6rtern Konflikte l\u00f6sen und die Welt ein bisschen besser machen kann.<\/p>\n\n\n\n<p>Frau Karim\u00e9 verzauberte die Kinder sofort, als sie begann, W\u00f6rter in ganz vielen verschiedenen Sprachen zu sprechen und zu erz\u00e4hlen, dass ihr Nachname aus dem Arabischen kommt. Sie fragte nach den Sprachen an unserer Schule, die Sch\u00fcler fragten Frau Karim\u00e9 nach den Sprachen die sie spricht und so war schon einmal Interesse geweckt.<\/p>\n\n\n\n<p>Die Autorin hat in Kassel ihr Abitur gemacht und lebt heute in K\u00f6ln. Schon als Kind hat sie gerne geschrieben und nach einigen Jahren als Grundschullehrerin das Schreiben von Kinder- und Jugendb\u00fcchern zu ihrem alleinigen Beruf gemacht. Sie hat viele B\u00fccher ver\u00f6ffentlicht.&nbsp;Auch auf Instagram kann man Frau Karim\u00e9 folgen.<\/p>\n\n\n\n<figure class=\"wp-block-gallery has-nested-images columns-default is-cropped wp-block-gallery-14 is-layout-flex wp-block-gallery-is-layout-flex\">\n<figure class=\"wp-block-image size-large\"><img loading=\"lazy\" decoding=\"async\" width=\"435\" height=\"640\" data-id=\"4782\" src=\"https:\/\/grundschule-fasanenhof.de\/wp-content\/uploads\/2022\/09\/1822.jpg\" alt=\"\" class=\"wp-image-4782\" srcset=\"https:\/\/grundschule-fasanenhof.de\/wp-content\/uploads\/2022\/09\/1822.jpg 435w, https:\/\/grundschule-fasanenhof.de\/wp-content\/uploads\/2022\/09\/1822-204x300.jpg 204w\" sizes=\"auto, (max-width: 435px) 100vw, 435px\" \/><\/figure>\n\n\n\n<figure class=\"wp-block-image size-large\"><img loading=\"lazy\" decoding=\"async\" width=\"576\" height=\"1024\" data-id=\"4786\" src=\"https:\/\/grundschule-fasanenhof.de\/wp-content\/uploads\/2022\/09\/1747052186273-576x1024.jpg\" alt=\"\" class=\"wp-image-4786\" srcset=\"https:\/\/grundschule-fasanenhof.de\/wp-content\/uploads\/2022\/09\/1747052186273-576x1024.jpg 576w, https:\/\/grundschule-fasanenhof.de\/wp-content\/uploads\/2022\/09\/1747052186273-169x300.jpg 169w, https:\/\/grundschule-fasanenhof.de\/wp-content\/uploads\/2022\/09\/1747052186273-768x1366.jpg 768w, https:\/\/grundschule-fasanenhof.de\/wp-content\/uploads\/2022\/09\/1747052186273-864x1536.jpg 864w, https:\/\/grundschule-fasanenhof.de\/wp-content\/uploads\/2022\/09\/1747052186273-1152x2048.jpg 1152w, https:\/\/grundschule-fasanenhof.de\/wp-content\/uploads\/2022\/09\/1747052186273-scaled.jpg 1439w\" sizes=\"auto, (max-width: 576px) 100vw, 576px\" \/><\/figure>\n\n\n\n<figure class=\"wp-block-image size-large\"><img loading=\"lazy\" decoding=\"async\" width=\"1024\" height=\"576\" data-id=\"4787\" src=\"https:\/\/grundschule-fasanenhof.de\/wp-content\/uploads\/2022\/09\/1747052186282-1024x576.jpg\" alt=\"\" class=\"wp-image-4787\" srcset=\"https:\/\/grundschule-fasanenhof.de\/wp-content\/uploads\/2022\/09\/1747052186282-1024x576.jpg 1024w, https:\/\/grundschule-fasanenhof.de\/wp-content\/uploads\/2022\/09\/1747052186282-300x169.jpg 300w, https:\/\/grundschule-fasanenhof.de\/wp-content\/uploads\/2022\/09\/1747052186282-768x432.jpg 768w, https:\/\/grundschule-fasanenhof.de\/wp-content\/uploads\/2022\/09\/1747052186282-1536x864.jpg 1536w, https:\/\/grundschule-fasanenhof.de\/wp-content\/uploads\/2022\/09\/1747052186282-2048x1152.jpg 2048w\" sizes=\"auto, (max-width: 1024px) 100vw, 1024px\" \/><\/figure>\n\n\n\n<figure class=\"wp-block-image size-large\"><img loading=\"lazy\" decoding=\"async\" width=\"576\" height=\"1024\" data-id=\"4785\" src=\"https:\/\/grundschule-fasanenhof.de\/wp-content\/uploads\/2022\/09\/1747052186294-576x1024.jpg\" alt=\"\" class=\"wp-image-4785\" srcset=\"https:\/\/grundschule-fasanenhof.de\/wp-content\/uploads\/2022\/09\/1747052186294-576x1024.jpg 576w, https:\/\/grundschule-fasanenhof.de\/wp-content\/uploads\/2022\/09\/1747052186294-169x300.jpg 169w, https:\/\/grundschule-fasanenhof.de\/wp-content\/uploads\/2022\/09\/1747052186294-768x1366.jpg 768w, https:\/\/grundschule-fasanenhof.de\/wp-content\/uploads\/2022\/09\/1747052186294-864x1536.jpg 864w, https:\/\/grundschule-fasanenhof.de\/wp-content\/uploads\/2022\/09\/1747052186294-1152x2048.jpg 1152w, https:\/\/grundschule-fasanenhof.de\/wp-content\/uploads\/2022\/09\/1747052186294-scaled.jpg 1439w\" sizes=\"auto, (max-width: 576px) 100vw, 576px\" \/><\/figure>\n\n\n\n<figure class=\"wp-block-image size-large\"><img loading=\"lazy\" decoding=\"async\" width=\"1024\" height=\"576\" data-id=\"4784\" src=\"https:\/\/grundschule-fasanenhof.de\/wp-content\/uploads\/2022\/09\/1747052186304-1024x576.jpg\" alt=\"\" class=\"wp-image-4784\" srcset=\"https:\/\/grundschule-fasanenhof.de\/wp-content\/uploads\/2022\/09\/1747052186304-1024x576.jpg 1024w, https:\/\/grundschule-fasanenhof.de\/wp-content\/uploads\/2022\/09\/1747052186304-300x169.jpg 300w, https:\/\/grundschule-fasanenhof.de\/wp-content\/uploads\/2022\/09\/1747052186304-768x432.jpg 768w, https:\/\/grundschule-fasanenhof.de\/wp-content\/uploads\/2022\/09\/1747052186304-1536x864.jpg 1536w, https:\/\/grundschule-fasanenhof.de\/wp-content\/uploads\/2022\/09\/1747052186304-2048x1152.jpg 2048w\" sizes=\"auto, (max-width: 1024px) 100vw, 1024px\" \/><\/figure>\n\n\n\n<figure class=\"wp-block-image size-large\"><img loading=\"lazy\" decoding=\"async\" width=\"1024\" height=\"768\" data-id=\"4783\" src=\"https:\/\/grundschule-fasanenhof.de\/wp-content\/uploads\/2022\/09\/PHOTO-2025-05-12-09-52-25-1024x768.jpg\" alt=\"\" class=\"wp-image-4783\" srcset=\"https:\/\/grundschule-fasanenhof.de\/wp-content\/uploads\/2022\/09\/PHOTO-2025-05-12-09-52-25-1024x768.jpg 1024w, https:\/\/grundschule-fasanenhof.de\/wp-content\/uploads\/2022\/09\/PHOTO-2025-05-12-09-52-25-300x225.jpg 300w, https:\/\/grundschule-fasanenhof.de\/wp-content\/uploads\/2022\/09\/PHOTO-2025-05-12-09-52-25-768x576.jpg 768w, https:\/\/grundschule-fasanenhof.de\/wp-content\/uploads\/2022\/09\/PHOTO-2025-05-12-09-52-25-1536x1152.jpg 1536w, https:\/\/grundschule-fasanenhof.de\/wp-content\/uploads\/2022\/09\/PHOTO-2025-05-12-09-52-25.jpg 1600w\" sizes=\"auto, (max-width: 1024px) 100vw, 1024px\" \/><\/figure>\n<\/figure>\n\n\n\n<h2 class=\"wp-block-heading\">April 2025 &#8211; Punkt, Punkt, Komma, Strich: Fertig ist das Mondgesicht<\/h2>\n\n\n\n<p>Am Donnerstag, den 24.04.25 und am Freitag, den 25.04.25 waren die &#8222;Theater Monteure&#8220; bei uns zu Besuch. F\u00fcr die ersten und zweiten Klassen spielte Joachim von der Heiden in der Aula sein k\u00fcnstlerisches B\u00fchnenst\u00fcck &#8222;Punkt, Punkt, Komma, Strich&#8220;.<\/p>\n\n\n\n<p>Ganz anders als gewohnt, war die &#8222;Theatermontage&#8220; in der Herr Heiden sang, malte und tanzte. Die kleinen und gro\u00dfen Zuschauer verfolgten gespannt, was er auf einer wei\u00dfen quadratischen Leinwand f\u00fcr Zeichnungen entstehen lie\u00df.  Viele Kinder rieten mit: \u201eEin Stern!\u201c ,\u201eNein, eine Schnecke!\u201c, \u201eEine laufende Sonne!\u201c. Kreative Vorschl\u00e4ge gab es reichlich. Und immer wieder ert\u00f6nten bekannte Kinderlieder, die zum Mitsingen animierten und die Zeichnungen passend begleiteten. Auch kleine t\u00e4nzerische Einlagen, wie zum Beispiel zu &#8222;Ein Hut, ein Stock, ein Regenschirm&#8220; hielten die Zuschauer aus der Fasanenhofschule bei bester Laune. <\/p>\n\n\n\n<p>Am Ende des B\u00fchnenst\u00fccks waren sich alle einig: So etwas haben wir bisher nicht an unserer Schule erlebt. Es war anders aber auf eine gute Art und Weise. Eine Weise die uns gespannt zuschauen, mitfiebern und lachen lie\u00df.<\/p>\n\n\n\n<figure class=\"wp-block-gallery has-nested-images columns-default is-cropped wp-block-gallery-15 is-layout-flex wp-block-gallery-is-layout-flex\">\n<figure class=\"wp-block-image size-large\"><img loading=\"lazy\" decoding=\"async\" width=\"800\" height=\"450\" data-id=\"4737\" src=\"https:\/\/grundschule-fasanenhof.de\/wp-content\/uploads\/2022\/09\/spielart-ppk_02-punkt-2.jpg\" alt=\"\" class=\"wp-image-4737\" srcset=\"https:\/\/grundschule-fasanenhof.de\/wp-content\/uploads\/2022\/09\/spielart-ppk_02-punkt-2.jpg 800w, https:\/\/grundschule-fasanenhof.de\/wp-content\/uploads\/2022\/09\/spielart-ppk_02-punkt-2-300x169.jpg 300w, https:\/\/grundschule-fasanenhof.de\/wp-content\/uploads\/2022\/09\/spielart-ppk_02-punkt-2-768x432.jpg 768w\" sizes=\"auto, (max-width: 800px) 100vw, 800px\" \/><\/figure>\n<\/figure>\n\n\n\n<h2 class=\"wp-block-heading\">April 2025 &#8211; Die Kinder haben frei und die Lehrkr\u00e4fte lernen<\/h2>\n\n\n\n<p>Am Dienstag, den 22.04.25 fand der allj\u00e4hrliche P\u00e4dagogische Tag f\u00fcr das Kollegium der Fasanenhofschule statt. <\/p>\n\n\n\n<p>Dieses Jahr luden wir uns f\u00fcr den Vormittag Jimmy Little an die Fasanenhofschule ein, der uns in seiner Fortbildung &#8222;move to change&#8220; einfache, leicht durchzuf\u00fchrende und alltagstaugliche \u00dcbungen zur Stressbew\u00e4ltigung, Entspannung oder auch zum Kr\u00e4ftewecken im Berufsalltag n\u00e4her brachte. Auch Ideen und Anregungen zur Ver\u00e4nderung des Bewegungsverhaltens auf dem Weg zum gesunden Gelingen f\u00fcr Kinder und das Lehrerkollegium wurden uns auf \u00e4u\u00dferst humorvolle und mitrei\u00dfende Weise pr\u00e4sentiert.<\/p>\n\n\n\n<p>Ein P\u00e4dagogischer Tag bedeutet auch immer einen Tag Unterrichtsausfall f\u00fcr die Kinder. Dieser Tag war es aber mehr als wert, denn wir sind sicher: Das Kollegium der Fasanenhofschule und vor allem die Kinder werden nachhaltig profitieren. Move to change \u2013 die ersten Schritte sind getan. Wir gehen mit Freude weiter.<\/p>\n\n\n\n<p>Wir bedanken uns noch einmal recht herzlich bei unserem netten und kompetenten Referenten Jimmy Little.<\/p>\n\n\n\n<figure class=\"wp-block-gallery has-nested-images columns-default is-cropped wp-block-gallery-16 is-layout-flex wp-block-gallery-is-layout-flex\">\n<figure class=\"wp-block-image size-large\"><img loading=\"lazy\" decoding=\"async\" width=\"1024\" height=\"817\" data-id=\"4730\" src=\"https:\/\/grundschule-fasanenhof.de\/wp-content\/uploads\/2022\/09\/img_6004-1200x958-3-1024x817.jpg\" alt=\"\" class=\"wp-image-4730\" srcset=\"https:\/\/grundschule-fasanenhof.de\/wp-content\/uploads\/2022\/09\/img_6004-1200x958-3-1024x817.jpg 1024w, https:\/\/grundschule-fasanenhof.de\/wp-content\/uploads\/2022\/09\/img_6004-1200x958-3-300x240.jpg 300w, https:\/\/grundschule-fasanenhof.de\/wp-content\/uploads\/2022\/09\/img_6004-1200x958-3-768x613.jpg 768w, https:\/\/grundschule-fasanenhof.de\/wp-content\/uploads\/2022\/09\/img_6004-1200x958-3.jpg 1200w\" sizes=\"auto, (max-width: 1024px) 100vw, 1024px\" \/><\/figure>\n<\/figure>\n\n\n\n<h2 class=\"wp-block-heading\">April 2025 &#8211; Wir spenden an die &#8222;Kleinen Riesen&#8220;<\/h2>\n\n\n\n<p>Beim letztj\u00e4hrigen Weihnachtsbasar an unserer Schule kam eine gro\u00dfe Spendensumme f\u00fcr den guten Zweck zustande. Die Kinder der Fasanenhofschule stimmten dar\u00fcber ab, dass die H\u00e4lfte dieser Spenden (511\u20ac ) an die Organisation&nbsp;<em>&#8222;Kleine Riesen&#8220;<\/em>&nbsp;gehen solle.<\/p>\n\n\n\n<p><em>Die kleinen Riesen<\/em>&nbsp;unterst\u00fctzen Kinder und Jugendliche, die an schweren Erkrankungen leiden und deren Lebenserwartung oft k\u00fcrzer ist als der Durchschnitt. Ziel der Einrichtung ist es, diesen Kindern und deren Familien zu helfen und ihre W\u00fcnsche zu erf\u00fcllen.<\/p>\n\n\n\n<p>Ende M\u00e4rz fand nun die Spenden\u00fcbergabe in unserer Aula statt. Aus jeder Klasse waren zwei Kinder als Vertreter der jeweiligen Klasse anwesend. <\/p>\n\n\n\n<figure class=\"wp-block-image size-large\"><img loading=\"lazy\" decoding=\"async\" width=\"1024\" height=\"553\" src=\"https:\/\/grundschule-fasanenhof.de\/wp-content\/uploads\/2022\/09\/Spendenuebergabe-Kleine-Riesen-1-1024x553.jpeg\" alt=\"\" class=\"wp-image-4704\" srcset=\"https:\/\/grundschule-fasanenhof.de\/wp-content\/uploads\/2022\/09\/Spendenuebergabe-Kleine-Riesen-1-1024x553.jpeg 1024w, https:\/\/grundschule-fasanenhof.de\/wp-content\/uploads\/2022\/09\/Spendenuebergabe-Kleine-Riesen-1-300x162.jpeg 300w, https:\/\/grundschule-fasanenhof.de\/wp-content\/uploads\/2022\/09\/Spendenuebergabe-Kleine-Riesen-1-768x415.jpeg 768w, https:\/\/grundschule-fasanenhof.de\/wp-content\/uploads\/2022\/09\/Spendenuebergabe-Kleine-Riesen-1-1536x829.jpeg 1536w, https:\/\/grundschule-fasanenhof.de\/wp-content\/uploads\/2022\/09\/Spendenuebergabe-Kleine-Riesen-1.jpeg 2013w\" sizes=\"auto, (max-width: 1024px) 100vw, 1024px\" \/><\/figure>\n\n\n\n<p>Wir hoffen, dass wir durch unsere Spende einen kleinen Beitrag zur wichtigen Arbeit der <em>Kleinen Riesen<\/em> leisten k\u00f6nnen und bedanken uns herzlich f\u00fcr die Unterst\u00fctzung der Besucher unseres Weihnachtsbasars, die flei\u00dfig bei den einzelnen Klassen eingekauft haben.<\/p>\n\n\n\n<h2 class=\"wp-block-heading\">M\u00e4rz 2025 &#8211; Wir werden zu kleinen Artisten<\/h2>\n\n\n\n<p>In der Woche vom 10.03.25 bis 14.03.25 besuchte uns der Kinderzirkus Bellissimo. Marcello, Sylvia und ihre beiden S\u00f6hne Andre und Jordan brachten unseren Kindern tolle Kunstst\u00fccke bei. In einem dreit\u00e4gigen Training wurde aus jedem ein kleiner Star in der Manege. Egal ob als Trapezk\u00fcnstler, Zauberer oder Jongleur: Unsere Kinder kamen gro\u00df raus. Die drei Gala-Vorstellungen am Donnerstag und Freitag waren gut besucht und sowohl die Kinder als auch die Eltern hatten viel Freude w\u00e4hrend der Auff\u00fchrungen.<\/p>\n\n\n\n<p>Wir bedanken uns beim Team des Zirkus Bellissimo und allen Helfern, die das Projekt m\u00f6glich gemacht haben. Besonders hervorzuheben ist auch der Einsatz des F\u00f6rdervereins. Mit Hilfe der in den letzten Jahren eingenommenen Spenden, konnte das Projekt, dessen Kosten sich auf \u00fcber 5000 Euro beliefen, \u00fcberhaupt erm\u00f6glicht werden.<\/p>\n\n\n\n<figure class=\"wp-block-gallery has-nested-images columns-default is-cropped wp-block-gallery-17 is-layout-flex wp-block-gallery-is-layout-flex\">\n<figure class=\"wp-block-image size-large\"><img loading=\"lazy\" decoding=\"async\" width=\"1024\" height=\"576\" data-id=\"4684\" src=\"https:\/\/grundschule-fasanenhof.de\/wp-content\/uploads\/2022\/09\/1000051619-1024x576.jpg\" alt=\"\" class=\"wp-image-4684\" srcset=\"https:\/\/grundschule-fasanenhof.de\/wp-content\/uploads\/2022\/09\/1000051619-1024x576.jpg 1024w, https:\/\/grundschule-fasanenhof.de\/wp-content\/uploads\/2022\/09\/1000051619-300x169.jpg 300w, https:\/\/grundschule-fasanenhof.de\/wp-content\/uploads\/2022\/09\/1000051619-768x432.jpg 768w, https:\/\/grundschule-fasanenhof.de\/wp-content\/uploads\/2022\/09\/1000051619-1536x864.jpg 1536w, https:\/\/grundschule-fasanenhof.de\/wp-content\/uploads\/2022\/09\/1000051619-2048x1152.jpg 2048w\" sizes=\"auto, (max-width: 1024px) 100vw, 1024px\" \/><\/figure>\n\n\n\n<figure class=\"wp-block-image size-large\"><img loading=\"lazy\" decoding=\"async\" width=\"1024\" height=\"576\" data-id=\"4687\" src=\"https:\/\/grundschule-fasanenhof.de\/wp-content\/uploads\/2022\/09\/1000051630-1024x576.jpg\" alt=\"\" class=\"wp-image-4687\" srcset=\"https:\/\/grundschule-fasanenhof.de\/wp-content\/uploads\/2022\/09\/1000051630-1024x576.jpg 1024w, https:\/\/grundschule-fasanenhof.de\/wp-content\/uploads\/2022\/09\/1000051630-300x169.jpg 300w, https:\/\/grundschule-fasanenhof.de\/wp-content\/uploads\/2022\/09\/1000051630-768x432.jpg 768w, https:\/\/grundschule-fasanenhof.de\/wp-content\/uploads\/2022\/09\/1000051630-1536x864.jpg 1536w, https:\/\/grundschule-fasanenhof.de\/wp-content\/uploads\/2022\/09\/1000051630-2048x1152.jpg 2048w\" sizes=\"auto, (max-width: 1024px) 100vw, 1024px\" \/><\/figure>\n\n\n\n<figure class=\"wp-block-image size-large\"><img loading=\"lazy\" decoding=\"async\" width=\"576\" height=\"1024\" data-id=\"4683\" src=\"https:\/\/grundschule-fasanenhof.de\/wp-content\/uploads\/2022\/09\/1000051640-576x1024.jpg\" alt=\"\" class=\"wp-image-4683\" srcset=\"https:\/\/grundschule-fasanenhof.de\/wp-content\/uploads\/2022\/09\/1000051640-576x1024.jpg 576w, https:\/\/grundschule-fasanenhof.de\/wp-content\/uploads\/2022\/09\/1000051640-169x300.jpg 169w, https:\/\/grundschule-fasanenhof.de\/wp-content\/uploads\/2022\/09\/1000051640-768x1366.jpg 768w, https:\/\/grundschule-fasanenhof.de\/wp-content\/uploads\/2022\/09\/1000051640-864x1536.jpg 864w, https:\/\/grundschule-fasanenhof.de\/wp-content\/uploads\/2022\/09\/1000051640-1152x2048.jpg 1152w, https:\/\/grundschule-fasanenhof.de\/wp-content\/uploads\/2022\/09\/1000051640-scaled.jpg 1439w\" sizes=\"auto, (max-width: 576px) 100vw, 576px\" \/><\/figure>\n\n\n\n<figure class=\"wp-block-image size-large\"><img loading=\"lazy\" decoding=\"async\" width=\"1024\" height=\"576\" data-id=\"4685\" src=\"https:\/\/grundschule-fasanenhof.de\/wp-content\/uploads\/2022\/09\/1000051643-1024x576.jpg\" alt=\"\" class=\"wp-image-4685\" srcset=\"https:\/\/grundschule-fasanenhof.de\/wp-content\/uploads\/2022\/09\/1000051643-1024x576.jpg 1024w, https:\/\/grundschule-fasanenhof.de\/wp-content\/uploads\/2022\/09\/1000051643-300x169.jpg 300w, https:\/\/grundschule-fasanenhof.de\/wp-content\/uploads\/2022\/09\/1000051643-768x432.jpg 768w, https:\/\/grundschule-fasanenhof.de\/wp-content\/uploads\/2022\/09\/1000051643-1536x864.jpg 1536w, https:\/\/grundschule-fasanenhof.de\/wp-content\/uploads\/2022\/09\/1000051643-2048x1152.jpg 2048w\" sizes=\"auto, (max-width: 1024px) 100vw, 1024px\" \/><\/figure>\n\n\n\n<figure class=\"wp-block-image size-large\"><img loading=\"lazy\" decoding=\"async\" width=\"1024\" height=\"576\" data-id=\"4676\" src=\"https:\/\/grundschule-fasanenhof.de\/wp-content\/uploads\/2022\/09\/1000051663-1024x576.jpg\" alt=\"\" class=\"wp-image-4676\" srcset=\"https:\/\/grundschule-fasanenhof.de\/wp-content\/uploads\/2022\/09\/1000051663-1024x576.jpg 1024w, https:\/\/grundschule-fasanenhof.de\/wp-content\/uploads\/2022\/09\/1000051663-300x169.jpg 300w, https:\/\/grundschule-fasanenhof.de\/wp-content\/uploads\/2022\/09\/1000051663-768x432.jpg 768w, https:\/\/grundschule-fasanenhof.de\/wp-content\/uploads\/2022\/09\/1000051663-1536x864.jpg 1536w, https:\/\/grundschule-fasanenhof.de\/wp-content\/uploads\/2022\/09\/1000051663-2048x1152.jpg 2048w\" sizes=\"auto, (max-width: 1024px) 100vw, 1024px\" \/><\/figure>\n\n\n\n<figure class=\"wp-block-image size-large\"><img loading=\"lazy\" decoding=\"async\" width=\"576\" height=\"1024\" data-id=\"4690\" src=\"https:\/\/grundschule-fasanenhof.de\/wp-content\/uploads\/2022\/09\/1000051678-576x1024.jpg\" alt=\"\" class=\"wp-image-4690\" srcset=\"https:\/\/grundschule-fasanenhof.de\/wp-content\/uploads\/2022\/09\/1000051678-576x1024.jpg 576w, https:\/\/grundschule-fasanenhof.de\/wp-content\/uploads\/2022\/09\/1000051678-169x300.jpg 169w, https:\/\/grundschule-fasanenhof.de\/wp-content\/uploads\/2022\/09\/1000051678-768x1366.jpg 768w, https:\/\/grundschule-fasanenhof.de\/wp-content\/uploads\/2022\/09\/1000051678-864x1536.jpg 864w, https:\/\/grundschule-fasanenhof.de\/wp-content\/uploads\/2022\/09\/1000051678-1152x2048.jpg 1152w, https:\/\/grundschule-fasanenhof.de\/wp-content\/uploads\/2022\/09\/1000051678-scaled.jpg 1439w\" sizes=\"auto, (max-width: 576px) 100vw, 576px\" \/><\/figure>\n\n\n\n<figure class=\"wp-block-image size-large\"><img loading=\"lazy\" decoding=\"async\" width=\"1024\" height=\"576\" data-id=\"4682\" src=\"https:\/\/grundschule-fasanenhof.de\/wp-content\/uploads\/2022\/09\/1000051695-1024x576.jpg\" alt=\"\" class=\"wp-image-4682\" srcset=\"https:\/\/grundschule-fasanenhof.de\/wp-content\/uploads\/2022\/09\/1000051695-1024x576.jpg 1024w, https:\/\/grundschule-fasanenhof.de\/wp-content\/uploads\/2022\/09\/1000051695-300x169.jpg 300w, https:\/\/grundschule-fasanenhof.de\/wp-content\/uploads\/2022\/09\/1000051695-768x432.jpg 768w, https:\/\/grundschule-fasanenhof.de\/wp-content\/uploads\/2022\/09\/1000051695-1536x864.jpg 1536w, https:\/\/grundschule-fasanenhof.de\/wp-content\/uploads\/2022\/09\/1000051695-2048x1152.jpg 2048w\" sizes=\"auto, (max-width: 1024px) 100vw, 1024px\" \/><\/figure>\n\n\n\n<figure class=\"wp-block-image size-large\"><img loading=\"lazy\" decoding=\"async\" width=\"1024\" height=\"576\" data-id=\"4679\" src=\"https:\/\/grundschule-fasanenhof.de\/wp-content\/uploads\/2022\/09\/1000051734-1024x576.jpg\" alt=\"\" class=\"wp-image-4679\" srcset=\"https:\/\/grundschule-fasanenhof.de\/wp-content\/uploads\/2022\/09\/1000051734-1024x576.jpg 1024w, https:\/\/grundschule-fasanenhof.de\/wp-content\/uploads\/2022\/09\/1000051734-300x169.jpg 300w, https:\/\/grundschule-fasanenhof.de\/wp-content\/uploads\/2022\/09\/1000051734-768x432.jpg 768w, https:\/\/grundschule-fasanenhof.de\/wp-content\/uploads\/2022\/09\/1000051734-1536x864.jpg 1536w, https:\/\/grundschule-fasanenhof.de\/wp-content\/uploads\/2022\/09\/1000051734-2048x1152.jpg 2048w\" sizes=\"auto, (max-width: 1024px) 100vw, 1024px\" \/><\/figure>\n\n\n\n<figure class=\"wp-block-image size-large\"><img loading=\"lazy\" decoding=\"async\" width=\"1024\" height=\"576\" data-id=\"4686\" src=\"https:\/\/grundschule-fasanenhof.de\/wp-content\/uploads\/2022\/09\/1000051762-1024x576.jpg\" alt=\"\" class=\"wp-image-4686\" srcset=\"https:\/\/grundschule-fasanenhof.de\/wp-content\/uploads\/2022\/09\/1000051762-1024x576.jpg 1024w, https:\/\/grundschule-fasanenhof.de\/wp-content\/uploads\/2022\/09\/1000051762-300x169.jpg 300w, https:\/\/grundschule-fasanenhof.de\/wp-content\/uploads\/2022\/09\/1000051762-768x432.jpg 768w, https:\/\/grundschule-fasanenhof.de\/wp-content\/uploads\/2022\/09\/1000051762-1536x864.jpg 1536w, https:\/\/grundschule-fasanenhof.de\/wp-content\/uploads\/2022\/09\/1000051762-2048x1152.jpg 2048w\" sizes=\"auto, (max-width: 1024px) 100vw, 1024px\" \/><\/figure>\n\n\n\n<figure class=\"wp-block-image size-large\"><img loading=\"lazy\" decoding=\"async\" width=\"1024\" height=\"576\" data-id=\"4680\" src=\"https:\/\/grundschule-fasanenhof.de\/wp-content\/uploads\/2022\/09\/1000051764-1024x576.jpg\" alt=\"\" class=\"wp-image-4680\" srcset=\"https:\/\/grundschule-fasanenhof.de\/wp-content\/uploads\/2022\/09\/1000051764-1024x576.jpg 1024w, https:\/\/grundschule-fasanenhof.de\/wp-content\/uploads\/2022\/09\/1000051764-300x169.jpg 300w, https:\/\/grundschule-fasanenhof.de\/wp-content\/uploads\/2022\/09\/1000051764-768x432.jpg 768w, https:\/\/grundschule-fasanenhof.de\/wp-content\/uploads\/2022\/09\/1000051764-1536x864.jpg 1536w, https:\/\/grundschule-fasanenhof.de\/wp-content\/uploads\/2022\/09\/1000051764-2048x1152.jpg 2048w\" sizes=\"auto, (max-width: 1024px) 100vw, 1024px\" \/><\/figure>\n\n\n\n<figure class=\"wp-block-image size-large\"><img loading=\"lazy\" decoding=\"async\" width=\"1024\" height=\"576\" data-id=\"4678\" src=\"https:\/\/grundschule-fasanenhof.de\/wp-content\/uploads\/2022\/09\/1000051781-1024x576.jpg\" alt=\"\" class=\"wp-image-4678\" srcset=\"https:\/\/grundschule-fasanenhof.de\/wp-content\/uploads\/2022\/09\/1000051781-1024x576.jpg 1024w, https:\/\/grundschule-fasanenhof.de\/wp-content\/uploads\/2022\/09\/1000051781-300x169.jpg 300w, https:\/\/grundschule-fasanenhof.de\/wp-content\/uploads\/2022\/09\/1000051781-768x432.jpg 768w, https:\/\/grundschule-fasanenhof.de\/wp-content\/uploads\/2022\/09\/1000051781-1536x864.jpg 1536w, https:\/\/grundschule-fasanenhof.de\/wp-content\/uploads\/2022\/09\/1000051781-2048x1152.jpg 2048w\" sizes=\"auto, (max-width: 1024px) 100vw, 1024px\" \/><\/figure>\n\n\n\n<figure class=\"wp-block-image size-large\"><img loading=\"lazy\" decoding=\"async\" width=\"1024\" height=\"576\" data-id=\"4677\" src=\"https:\/\/grundschule-fasanenhof.de\/wp-content\/uploads\/2022\/09\/1000051793-1024x576.jpg\" alt=\"\" class=\"wp-image-4677\" srcset=\"https:\/\/grundschule-fasanenhof.de\/wp-content\/uploads\/2022\/09\/1000051793-1024x576.jpg 1024w, https:\/\/grundschule-fasanenhof.de\/wp-content\/uploads\/2022\/09\/1000051793-300x169.jpg 300w, https:\/\/grundschule-fasanenhof.de\/wp-content\/uploads\/2022\/09\/1000051793-768x432.jpg 768w, https:\/\/grundschule-fasanenhof.de\/wp-content\/uploads\/2022\/09\/1000051793-1536x864.jpg 1536w, https:\/\/grundschule-fasanenhof.de\/wp-content\/uploads\/2022\/09\/1000051793-2048x1152.jpg 2048w\" sizes=\"auto, (max-width: 1024px) 100vw, 1024px\" \/><\/figure>\n\n\n\n<figure class=\"wp-block-image size-large\"><img loading=\"lazy\" decoding=\"async\" width=\"576\" height=\"1024\" data-id=\"4681\" src=\"https:\/\/grundschule-fasanenhof.de\/wp-content\/uploads\/2022\/09\/1000051807-576x1024.jpg\" alt=\"\" class=\"wp-image-4681\" srcset=\"https:\/\/grundschule-fasanenhof.de\/wp-content\/uploads\/2022\/09\/1000051807-576x1024.jpg 576w, https:\/\/grundschule-fasanenhof.de\/wp-content\/uploads\/2022\/09\/1000051807-169x300.jpg 169w, https:\/\/grundschule-fasanenhof.de\/wp-content\/uploads\/2022\/09\/1000051807-768x1366.jpg 768w, https:\/\/grundschule-fasanenhof.de\/wp-content\/uploads\/2022\/09\/1000051807-864x1536.jpg 864w, https:\/\/grundschule-fasanenhof.de\/wp-content\/uploads\/2022\/09\/1000051807-1152x2048.jpg 1152w, https:\/\/grundschule-fasanenhof.de\/wp-content\/uploads\/2022\/09\/1000051807-scaled.jpg 1439w\" sizes=\"auto, (max-width: 576px) 100vw, 576px\" \/><\/figure>\n\n\n\n<figure class=\"wp-block-image size-large\"><img loading=\"lazy\" decoding=\"async\" width=\"576\" height=\"1024\" data-id=\"4689\" src=\"https:\/\/grundschule-fasanenhof.de\/wp-content\/uploads\/2022\/09\/1000051810-576x1024.jpg\" alt=\"\" class=\"wp-image-4689\" srcset=\"https:\/\/grundschule-fasanenhof.de\/wp-content\/uploads\/2022\/09\/1000051810-576x1024.jpg 576w, https:\/\/grundschule-fasanenhof.de\/wp-content\/uploads\/2022\/09\/1000051810-169x300.jpg 169w, https:\/\/grundschule-fasanenhof.de\/wp-content\/uploads\/2022\/09\/1000051810-768x1366.jpg 768w, https:\/\/grundschule-fasanenhof.de\/wp-content\/uploads\/2022\/09\/1000051810-864x1536.jpg 864w, https:\/\/grundschule-fasanenhof.de\/wp-content\/uploads\/2022\/09\/1000051810-1152x2048.jpg 1152w, https:\/\/grundschule-fasanenhof.de\/wp-content\/uploads\/2022\/09\/1000051810-scaled.jpg 1439w\" sizes=\"auto, (max-width: 576px) 100vw, 576px\" \/><\/figure>\n\n\n\n<figure class=\"wp-block-image size-large\"><img loading=\"lazy\" decoding=\"async\" width=\"576\" height=\"1024\" data-id=\"4688\" src=\"https:\/\/grundschule-fasanenhof.de\/wp-content\/uploads\/2022\/09\/1000051815-576x1024.jpg\" alt=\"\" class=\"wp-image-4688\" srcset=\"https:\/\/grundschule-fasanenhof.de\/wp-content\/uploads\/2022\/09\/1000051815-576x1024.jpg 576w, https:\/\/grundschule-fasanenhof.de\/wp-content\/uploads\/2022\/09\/1000051815-169x300.jpg 169w, https:\/\/grundschule-fasanenhof.de\/wp-content\/uploads\/2022\/09\/1000051815-768x1366.jpg 768w, https:\/\/grundschule-fasanenhof.de\/wp-content\/uploads\/2022\/09\/1000051815-864x1536.jpg 864w, https:\/\/grundschule-fasanenhof.de\/wp-content\/uploads\/2022\/09\/1000051815-1152x2048.jpg 1152w, https:\/\/grundschule-fasanenhof.de\/wp-content\/uploads\/2022\/09\/1000051815-scaled.jpg 1439w\" sizes=\"auto, (max-width: 576px) 100vw, 576px\" \/><\/figure>\n<\/figure>\n\n\n\n<h2 class=\"wp-block-heading\">M\u00e4rz 2025 &#8211; Am Rosenmontag flogen die L\u00f6cher aus dem K\u00e4se<\/h2>\n\n\n\n<p>Am Montag, den 3. M\u00e4rz feierten wir an der ganzen Schule Fasching. In den ersten drei Stunden stieg die Party in den einzelnen Klassenr\u00e4umen. In Kost\u00fcmen wurde gesungen, getanzt, gespielt und auch ein bisschen gearbeitet. In fast keiner Klasse durfte ein leckeres Faschingsfr\u00fchst\u00fcck fehlen. In der vierten Stunden trafen sich alle Klassen in der Aula zur Disco. Da ging es hei\u00df her und so mancher kam ordentlich ins Schwitzen. Einige Polonaisen bahnten sich ihren Weg durch die Kindermassen. Auch nachmittags wurde noch flei\u00dfig weitergefeiert. Es war ein lustiger und aufregender Tag. <\/p>\n\n\n\n<figure class=\"wp-block-gallery has-nested-images columns-default is-cropped wp-block-gallery-18 is-layout-flex wp-block-gallery-is-layout-flex\">\n<figure class=\"wp-block-image size-large\"><img loading=\"lazy\" decoding=\"async\" width=\"1024\" height=\"576\" data-id=\"4638\" src=\"https:\/\/grundschule-fasanenhof.de\/wp-content\/uploads\/2022\/09\/1000050906-1024x576.jpg\" alt=\"\" class=\"wp-image-4638\" srcset=\"https:\/\/grundschule-fasanenhof.de\/wp-content\/uploads\/2022\/09\/1000050906-1024x576.jpg 1024w, https:\/\/grundschule-fasanenhof.de\/wp-content\/uploads\/2022\/09\/1000050906-300x169.jpg 300w, https:\/\/grundschule-fasanenhof.de\/wp-content\/uploads\/2022\/09\/1000050906-768x432.jpg 768w, https:\/\/grundschule-fasanenhof.de\/wp-content\/uploads\/2022\/09\/1000050906-1536x864.jpg 1536w, https:\/\/grundschule-fasanenhof.de\/wp-content\/uploads\/2022\/09\/1000050906-2048x1152.jpg 2048w\" sizes=\"auto, (max-width: 1024px) 100vw, 1024px\" \/><\/figure>\n\n\n\n<figure class=\"wp-block-image size-large\"><img loading=\"lazy\" decoding=\"async\" width=\"1024\" height=\"576\" data-id=\"4637\" src=\"https:\/\/grundschule-fasanenhof.de\/wp-content\/uploads\/2022\/09\/1000050908-1024x576.jpg\" alt=\"\" class=\"wp-image-4637\" srcset=\"https:\/\/grundschule-fasanenhof.de\/wp-content\/uploads\/2022\/09\/1000050908-1024x576.jpg 1024w, https:\/\/grundschule-fasanenhof.de\/wp-content\/uploads\/2022\/09\/1000050908-300x169.jpg 300w, https:\/\/grundschule-fasanenhof.de\/wp-content\/uploads\/2022\/09\/1000050908-768x432.jpg 768w, https:\/\/grundschule-fasanenhof.de\/wp-content\/uploads\/2022\/09\/1000050908-1536x864.jpg 1536w, https:\/\/grundschule-fasanenhof.de\/wp-content\/uploads\/2022\/09\/1000050908-2048x1152.jpg 2048w\" sizes=\"auto, (max-width: 1024px) 100vw, 1024px\" \/><\/figure>\n\n\n\n<figure class=\"wp-block-image size-large\"><img loading=\"lazy\" decoding=\"async\" width=\"1024\" height=\"576\" data-id=\"4639\" src=\"https:\/\/grundschule-fasanenhof.de\/wp-content\/uploads\/2022\/09\/1000050911-1024x576.jpg\" alt=\"\" class=\"wp-image-4639\" srcset=\"https:\/\/grundschule-fasanenhof.de\/wp-content\/uploads\/2022\/09\/1000050911-1024x576.jpg 1024w, https:\/\/grundschule-fasanenhof.de\/wp-content\/uploads\/2022\/09\/1000050911-300x169.jpg 300w, https:\/\/grundschule-fasanenhof.de\/wp-content\/uploads\/2022\/09\/1000050911-768x432.jpg 768w, https:\/\/grundschule-fasanenhof.de\/wp-content\/uploads\/2022\/09\/1000050911-1536x864.jpg 1536w, https:\/\/grundschule-fasanenhof.de\/wp-content\/uploads\/2022\/09\/1000050911-2048x1152.jpg 2048w\" sizes=\"auto, (max-width: 1024px) 100vw, 1024px\" \/><\/figure>\n\n\n\n<figure class=\"wp-block-image size-large\"><img loading=\"lazy\" decoding=\"async\" width=\"1024\" height=\"576\" data-id=\"4649\" src=\"https:\/\/grundschule-fasanenhof.de\/wp-content\/uploads\/2022\/09\/1000050914-1024x576.jpg\" alt=\"\" class=\"wp-image-4649\" srcset=\"https:\/\/grundschule-fasanenhof.de\/wp-content\/uploads\/2022\/09\/1000050914-1024x576.jpg 1024w, https:\/\/grundschule-fasanenhof.de\/wp-content\/uploads\/2022\/09\/1000050914-300x169.jpg 300w, https:\/\/grundschule-fasanenhof.de\/wp-content\/uploads\/2022\/09\/1000050914-768x432.jpg 768w, https:\/\/grundschule-fasanenhof.de\/wp-content\/uploads\/2022\/09\/1000050914-1536x864.jpg 1536w, https:\/\/grundschule-fasanenhof.de\/wp-content\/uploads\/2022\/09\/1000050914-2048x1152.jpg 2048w\" sizes=\"auto, (max-width: 1024px) 100vw, 1024px\" \/><\/figure>\n\n\n\n<figure class=\"wp-block-image size-large\"><img loading=\"lazy\" decoding=\"async\" width=\"1024\" height=\"576\" data-id=\"4641\" src=\"https:\/\/grundschule-fasanenhof.de\/wp-content\/uploads\/2022\/09\/1000050915-1024x576.jpg\" alt=\"\" class=\"wp-image-4641\" srcset=\"https:\/\/grundschule-fasanenhof.de\/wp-content\/uploads\/2022\/09\/1000050915-1024x576.jpg 1024w, https:\/\/grundschule-fasanenhof.de\/wp-content\/uploads\/2022\/09\/1000050915-300x169.jpg 300w, https:\/\/grundschule-fasanenhof.de\/wp-content\/uploads\/2022\/09\/1000050915-768x432.jpg 768w, https:\/\/grundschule-fasanenhof.de\/wp-content\/uploads\/2022\/09\/1000050915-1536x864.jpg 1536w, https:\/\/grundschule-fasanenhof.de\/wp-content\/uploads\/2022\/09\/1000050915-2048x1152.jpg 2048w\" sizes=\"auto, (max-width: 1024px) 100vw, 1024px\" \/><\/figure>\n\n\n\n<figure class=\"wp-block-image size-large\"><img loading=\"lazy\" decoding=\"async\" width=\"1024\" height=\"576\" data-id=\"4640\" src=\"https:\/\/grundschule-fasanenhof.de\/wp-content\/uploads\/2022\/09\/1000050920-1024x576.jpg\" alt=\"\" class=\"wp-image-4640\" srcset=\"https:\/\/grundschule-fasanenhof.de\/wp-content\/uploads\/2022\/09\/1000050920-1024x576.jpg 1024w, https:\/\/grundschule-fasanenhof.de\/wp-content\/uploads\/2022\/09\/1000050920-300x169.jpg 300w, https:\/\/grundschule-fasanenhof.de\/wp-content\/uploads\/2022\/09\/1000050920-768x432.jpg 768w, https:\/\/grundschule-fasanenhof.de\/wp-content\/uploads\/2022\/09\/1000050920-1536x864.jpg 1536w, https:\/\/grundschule-fasanenhof.de\/wp-content\/uploads\/2022\/09\/1000050920-2048x1152.jpg 2048w\" sizes=\"auto, (max-width: 1024px) 100vw, 1024px\" \/><\/figure>\n\n\n\n<figure class=\"wp-block-image size-large\"><img loading=\"lazy\" decoding=\"async\" width=\"1024\" height=\"768\" data-id=\"4642\" src=\"https:\/\/grundschule-fasanenhof.de\/wp-content\/uploads\/2022\/09\/1741091243367-1024x768.jpg\" alt=\"\" class=\"wp-image-4642\" srcset=\"https:\/\/grundschule-fasanenhof.de\/wp-content\/uploads\/2022\/09\/1741091243367-1024x768.jpg 1024w, https:\/\/grundschule-fasanenhof.de\/wp-content\/uploads\/2022\/09\/1741091243367-300x225.jpg 300w, https:\/\/grundschule-fasanenhof.de\/wp-content\/uploads\/2022\/09\/1741091243367-768x576.jpg 768w, https:\/\/grundschule-fasanenhof.de\/wp-content\/uploads\/2022\/09\/1741091243367-1536x1152.jpg 1536w, https:\/\/grundschule-fasanenhof.de\/wp-content\/uploads\/2022\/09\/1741091243367.jpg 2048w\" sizes=\"auto, (max-width: 1024px) 100vw, 1024px\" \/><\/figure>\n\n\n\n<figure class=\"wp-block-image size-large\"><img loading=\"lazy\" decoding=\"async\" width=\"768\" height=\"1024\" data-id=\"4636\" src=\"https:\/\/grundschule-fasanenhof.de\/wp-content\/uploads\/2022\/09\/1741091243382-768x1024.jpg\" alt=\"\" class=\"wp-image-4636\" srcset=\"https:\/\/grundschule-fasanenhof.de\/wp-content\/uploads\/2022\/09\/1741091243382-768x1024.jpg 768w, https:\/\/grundschule-fasanenhof.de\/wp-content\/uploads\/2022\/09\/1741091243382-225x300.jpg 225w, https:\/\/grundschule-fasanenhof.de\/wp-content\/uploads\/2022\/09\/1741091243382-1152x1536.jpg 1152w, https:\/\/grundschule-fasanenhof.de\/wp-content\/uploads\/2022\/09\/1741091243382-1536x2048.jpg 1536w, https:\/\/grundschule-fasanenhof.de\/wp-content\/uploads\/2022\/09\/1741091243382-scaled.jpg 1920w\" sizes=\"auto, (max-width: 768px) 100vw, 768px\" \/><\/figure>\n\n\n\n<figure class=\"wp-block-image size-large\"><img loading=\"lazy\" decoding=\"async\" width=\"1024\" height=\"576\" data-id=\"4645\" src=\"https:\/\/grundschule-fasanenhof.de\/wp-content\/uploads\/2022\/09\/1741091243393-1024x576.jpg\" alt=\"\" class=\"wp-image-4645\" srcset=\"https:\/\/grundschule-fasanenhof.de\/wp-content\/uploads\/2022\/09\/1741091243393-1024x576.jpg 1024w, https:\/\/grundschule-fasanenhof.de\/wp-content\/uploads\/2022\/09\/1741091243393-300x169.jpg 300w, https:\/\/grundschule-fasanenhof.de\/wp-content\/uploads\/2022\/09\/1741091243393-768x432.jpg 768w, https:\/\/grundschule-fasanenhof.de\/wp-content\/uploads\/2022\/09\/1741091243393-1536x864.jpg 1536w, https:\/\/grundschule-fasanenhof.de\/wp-content\/uploads\/2022\/09\/1741091243393-2048x1152.jpg 2048w\" sizes=\"auto, (max-width: 1024px) 100vw, 1024px\" \/><\/figure>\n\n\n\n<figure class=\"wp-block-image size-large\"><img loading=\"lazy\" decoding=\"async\" width=\"1024\" height=\"576\" data-id=\"4647\" src=\"https:\/\/grundschule-fasanenhof.de\/wp-content\/uploads\/2022\/09\/1741091243402-1024x576.jpg\" alt=\"\" class=\"wp-image-4647\" srcset=\"https:\/\/grundschule-fasanenhof.de\/wp-content\/uploads\/2022\/09\/1741091243402-1024x576.jpg 1024w, https:\/\/grundschule-fasanenhof.de\/wp-content\/uploads\/2022\/09\/1741091243402-300x169.jpg 300w, https:\/\/grundschule-fasanenhof.de\/wp-content\/uploads\/2022\/09\/1741091243402-768x432.jpg 768w, https:\/\/grundschule-fasanenhof.de\/wp-content\/uploads\/2022\/09\/1741091243402-1536x864.jpg 1536w, https:\/\/grundschule-fasanenhof.de\/wp-content\/uploads\/2022\/09\/1741091243402-2048x1152.jpg 2048w\" sizes=\"auto, (max-width: 1024px) 100vw, 1024px\" \/><\/figure>\n\n\n\n<figure class=\"wp-block-image size-large\"><img loading=\"lazy\" decoding=\"async\" width=\"1024\" height=\"576\" data-id=\"4646\" src=\"https:\/\/grundschule-fasanenhof.de\/wp-content\/uploads\/2022\/09\/1741091243412-1024x576.jpg\" alt=\"\" class=\"wp-image-4646\" srcset=\"https:\/\/grundschule-fasanenhof.de\/wp-content\/uploads\/2022\/09\/1741091243412-1024x576.jpg 1024w, https:\/\/grundschule-fasanenhof.de\/wp-content\/uploads\/2022\/09\/1741091243412-300x169.jpg 300w, https:\/\/grundschule-fasanenhof.de\/wp-content\/uploads\/2022\/09\/1741091243412-768x432.jpg 768w, https:\/\/grundschule-fasanenhof.de\/wp-content\/uploads\/2022\/09\/1741091243412-1536x864.jpg 1536w, https:\/\/grundschule-fasanenhof.de\/wp-content\/uploads\/2022\/09\/1741091243412-2048x1152.jpg 2048w\" sizes=\"auto, (max-width: 1024px) 100vw, 1024px\" \/><\/figure>\n\n\n\n<figure class=\"wp-block-image size-large\"><img loading=\"lazy\" decoding=\"async\" width=\"1024\" height=\"768\" data-id=\"4643\" src=\"https:\/\/grundschule-fasanenhof.de\/wp-content\/uploads\/2022\/09\/IMG_3274-1024x768.jpg\" alt=\"\" class=\"wp-image-4643\" srcset=\"https:\/\/grundschule-fasanenhof.de\/wp-content\/uploads\/2022\/09\/IMG_3274-1024x768.jpg 1024w, https:\/\/grundschule-fasanenhof.de\/wp-content\/uploads\/2022\/09\/IMG_3274-300x225.jpg 300w, https:\/\/grundschule-fasanenhof.de\/wp-content\/uploads\/2022\/09\/IMG_3274-768x576.jpg 768w, https:\/\/grundschule-fasanenhof.de\/wp-content\/uploads\/2022\/09\/IMG_3274-1536x1152.jpg 1536w, https:\/\/grundschule-fasanenhof.de\/wp-content\/uploads\/2022\/09\/IMG_3274.jpg 2016w\" sizes=\"auto, (max-width: 1024px) 100vw, 1024px\" \/><\/figure>\n\n\n\n<figure class=\"wp-block-image size-large\"><img loading=\"lazy\" decoding=\"async\" width=\"1024\" height=\"768\" data-id=\"4648\" src=\"https:\/\/grundschule-fasanenhof.de\/wp-content\/uploads\/2022\/09\/IMG_3275-1024x768.jpg\" alt=\"\" class=\"wp-image-4648\" srcset=\"https:\/\/grundschule-fasanenhof.de\/wp-content\/uploads\/2022\/09\/IMG_3275-1024x768.jpg 1024w, https:\/\/grundschule-fasanenhof.de\/wp-content\/uploads\/2022\/09\/IMG_3275-300x225.jpg 300w, https:\/\/grundschule-fasanenhof.de\/wp-content\/uploads\/2022\/09\/IMG_3275-768x576.jpg 768w, https:\/\/grundschule-fasanenhof.de\/wp-content\/uploads\/2022\/09\/IMG_3275-1536x1152.jpg 1536w, https:\/\/grundschule-fasanenhof.de\/wp-content\/uploads\/2022\/09\/IMG_3275.jpg 2016w\" sizes=\"auto, (max-width: 1024px) 100vw, 1024px\" \/><\/figure>\n\n\n\n<figure class=\"wp-block-image size-large\"><img loading=\"lazy\" decoding=\"async\" width=\"1024\" height=\"768\" data-id=\"4644\" src=\"https:\/\/grundschule-fasanenhof.de\/wp-content\/uploads\/2022\/09\/IMG_3281-1024x768.jpg\" alt=\"\" class=\"wp-image-4644\" srcset=\"https:\/\/grundschule-fasanenhof.de\/wp-content\/uploads\/2022\/09\/IMG_3281-1024x768.jpg 1024w, https:\/\/grundschule-fasanenhof.de\/wp-content\/uploads\/2022\/09\/IMG_3281-300x225.jpg 300w, https:\/\/grundschule-fasanenhof.de\/wp-content\/uploads\/2022\/09\/IMG_3281-768x576.jpg 768w, https:\/\/grundschule-fasanenhof.de\/wp-content\/uploads\/2022\/09\/IMG_3281-1536x1152.jpg 1536w, https:\/\/grundschule-fasanenhof.de\/wp-content\/uploads\/2022\/09\/IMG_3281.jpg 2016w\" sizes=\"auto, (max-width: 1024px) 100vw, 1024px\" \/><\/figure>\n<\/figure>\n\n\n\n<h2 class=\"wp-block-heading\">Februar 2025 &#8211; Unsere Religionen<\/h2>\n\n\n\n<p>Zum Thema &#8222;Unsere eigene Religion und andere Religionen, die an einen einzigen Gott glauben\u201c besuchte die Religionsgruppe des jetzigen Jahrgangs 4 die evangelische Erl\u00f6serkirche und die katholische Kirche St.Bonifatius.<\/p>\n\n\n\n<p>Die \u00e4lteste monotheistische Religion ist das Judentum. Wir besuchten dazu die Synagoge in Kassel.<\/p>\n\n\n\n<p>Die j\u00fcngste monotheistische Religion ist der Islam. Wir besuchten dazu die Al Huda-Moschee in Kassel.<\/p>\n\n\n\n<p>In allen Gottesh\u00e4usern wurden wir herzlich empfangen, bekamen interessante Informationen und entdeckten die Gemeinsamkeiten und Unterschiede der 3 Religionen.<\/p>\n\n\n\n<p>Es war super!<\/p>\n\n\n\n<figure class=\"wp-block-gallery has-nested-images columns-default is-cropped wp-block-gallery-19 is-layout-flex wp-block-gallery-is-layout-flex\">\n<figure class=\"wp-block-image size-large\"><img loading=\"lazy\" decoding=\"async\" width=\"1024\" height=\"768\" data-id=\"4664\" src=\"https:\/\/grundschule-fasanenhof.de\/wp-content\/uploads\/2022\/09\/IMG_1347-1-1024x768.jpeg\" alt=\"\" class=\"wp-image-4664\" srcset=\"https:\/\/grundschule-fasanenhof.de\/wp-content\/uploads\/2022\/09\/IMG_1347-1-1024x768.jpeg 1024w, https:\/\/grundschule-fasanenhof.de\/wp-content\/uploads\/2022\/09\/IMG_1347-1-300x225.jpeg 300w, https:\/\/grundschule-fasanenhof.de\/wp-content\/uploads\/2022\/09\/IMG_1347-1-768x576.jpeg 768w, https:\/\/grundschule-fasanenhof.de\/wp-content\/uploads\/2022\/09\/IMG_1347-1-1536x1152.jpeg 1536w, https:\/\/grundschule-fasanenhof.de\/wp-content\/uploads\/2022\/09\/IMG_1347-1-2048x1536.jpeg 2048w\" sizes=\"auto, (max-width: 1024px) 100vw, 1024px\" \/><\/figure>\n\n\n\n<figure class=\"wp-block-image size-large\"><img loading=\"lazy\" decoding=\"async\" width=\"577\" height=\"1024\" data-id=\"4663\" src=\"https:\/\/grundschule-fasanenhof.de\/wp-content\/uploads\/2022\/09\/IMG_1639-1-577x1024.jpeg\" alt=\"\" class=\"wp-image-4663\" srcset=\"https:\/\/grundschule-fasanenhof.de\/wp-content\/uploads\/2022\/09\/IMG_1639-1-577x1024.jpeg 577w, https:\/\/grundschule-fasanenhof.de\/wp-content\/uploads\/2022\/09\/IMG_1639-1-169x300.jpeg 169w, https:\/\/grundschule-fasanenhof.de\/wp-content\/uploads\/2022\/09\/IMG_1639-1-768x1364.jpeg 768w, https:\/\/grundschule-fasanenhof.de\/wp-content\/uploads\/2022\/09\/IMG_1639-1-865x1536.jpeg 865w, https:\/\/grundschule-fasanenhof.de\/wp-content\/uploads\/2022\/09\/IMG_1639-1-1153x2048.jpeg 1153w, https:\/\/grundschule-fasanenhof.de\/wp-content\/uploads\/2022\/09\/IMG_1639-1-scaled.jpeg 1441w\" sizes=\"auto, (max-width: 577px) 100vw, 577px\" \/><\/figure>\n\n\n\n<figure class=\"wp-block-image size-large\"><img loading=\"lazy\" decoding=\"async\" width=\"1024\" height=\"961\" data-id=\"4661\" src=\"https:\/\/grundschule-fasanenhof.de\/wp-content\/uploads\/2022\/09\/IMG_1636-1-1024x961.jpeg\" alt=\"\" class=\"wp-image-4661\" srcset=\"https:\/\/grundschule-fasanenhof.de\/wp-content\/uploads\/2022\/09\/IMG_1636-1-1024x961.jpeg 1024w, https:\/\/grundschule-fasanenhof.de\/wp-content\/uploads\/2022\/09\/IMG_1636-1-300x282.jpeg 300w, https:\/\/grundschule-fasanenhof.de\/wp-content\/uploads\/2022\/09\/IMG_1636-1-768x721.jpeg 768w, https:\/\/grundschule-fasanenhof.de\/wp-content\/uploads\/2022\/09\/IMG_1636-1.jpeg 1145w\" sizes=\"auto, (max-width: 1024px) 100vw, 1024px\" \/><figcaption class=\"wp-element-caption\">Screenshot<\/figcaption><\/figure>\n\n\n\n<figure class=\"wp-block-image size-large\"><img loading=\"lazy\" decoding=\"async\" width=\"1024\" height=\"738\" data-id=\"4662\" src=\"https:\/\/grundschule-fasanenhof.de\/wp-content\/uploads\/2022\/09\/IMG_1634-1-1024x738.jpeg\" alt=\"\" class=\"wp-image-4662\" srcset=\"https:\/\/grundschule-fasanenhof.de\/wp-content\/uploads\/2022\/09\/IMG_1634-1-1024x738.jpeg 1024w, https:\/\/grundschule-fasanenhof.de\/wp-content\/uploads\/2022\/09\/IMG_1634-1-300x216.jpeg 300w, https:\/\/grundschule-fasanenhof.de\/wp-content\/uploads\/2022\/09\/IMG_1634-1-768x554.jpeg 768w, https:\/\/grundschule-fasanenhof.de\/wp-content\/uploads\/2022\/09\/IMG_1634-1.jpeg 1085w\" sizes=\"auto, (max-width: 1024px) 100vw, 1024px\" \/><figcaption class=\"wp-element-caption\">Screenshot<\/figcaption><\/figure>\n<\/figure>\n\n\n\n<h2 class=\"wp-block-heading\">Februar 2025 &#8211; Die 3b besucht die Feuerwehr<\/h2>\n\n\n\n<p>Zum Abschluss der Einheit &#8222;Feuer und Feuerwehr&#8220; besuchte die Klasse 3b die Berufsfeuerwehr in Kassel.<\/p>\n\n\n\n<p>Dort erfuhren die Kinder viel \u00fcber die wichtige Arbeit der Feuerwehr, konnten im &#8222;Rauch-Haus&#8220; verfolgen, wie schnelle sich Rauch bei einem Feuer ausbreitet und erhielten spannende Einblicke in die Einsatzzentrale. Abschlie\u00dfend durften alle Kinder die Schutzkleidung anprobieren und sogar in einem Feuerwehrauto Platz nehmen. <\/p>\n\n\n\n<p>Das war einen gelungene Exkursion. <\/p>\n\n\n\n<figure class=\"wp-block-gallery has-nested-images columns-default is-cropped wp-block-gallery-20 is-layout-flex wp-block-gallery-is-layout-flex\">\n<figure class=\"wp-block-image size-large\"><img loading=\"lazy\" decoding=\"async\" width=\"768\" height=\"1024\" data-id=\"4619\" src=\"https:\/\/grundschule-fasanenhof.de\/wp-content\/uploads\/2022\/09\/b97eb918-f7fa-44af-8d3b-e8a50a192ed7-768x1024.jpeg\" alt=\"\" class=\"wp-image-4619\" srcset=\"https:\/\/grundschule-fasanenhof.de\/wp-content\/uploads\/2022\/09\/b97eb918-f7fa-44af-8d3b-e8a50a192ed7-768x1024.jpeg 768w, https:\/\/grundschule-fasanenhof.de\/wp-content\/uploads\/2022\/09\/b97eb918-f7fa-44af-8d3b-e8a50a192ed7-225x300.jpeg 225w, https:\/\/grundschule-fasanenhof.de\/wp-content\/uploads\/2022\/09\/b97eb918-f7fa-44af-8d3b-e8a50a192ed7-1152x1536.jpeg 1152w, https:\/\/grundschule-fasanenhof.de\/wp-content\/uploads\/2022\/09\/b97eb918-f7fa-44af-8d3b-e8a50a192ed7.jpeg 1200w\" sizes=\"auto, (max-width: 768px) 100vw, 768px\" \/><\/figure>\n\n\n\n<figure class=\"wp-block-image size-large\"><img loading=\"lazy\" decoding=\"async\" width=\"768\" height=\"1024\" data-id=\"4618\" src=\"https:\/\/grundschule-fasanenhof.de\/wp-content\/uploads\/2022\/09\/711bc08e-51d0-4f38-ad4c-c2aeee83c973-768x1024.jpeg\" alt=\"\" class=\"wp-image-4618\" srcset=\"https:\/\/grundschule-fasanenhof.de\/wp-content\/uploads\/2022\/09\/711bc08e-51d0-4f38-ad4c-c2aeee83c973-768x1024.jpeg 768w, https:\/\/grundschule-fasanenhof.de\/wp-content\/uploads\/2022\/09\/711bc08e-51d0-4f38-ad4c-c2aeee83c973-225x300.jpeg 225w, https:\/\/grundschule-fasanenhof.de\/wp-content\/uploads\/2022\/09\/711bc08e-51d0-4f38-ad4c-c2aeee83c973-1152x1536.jpeg 1152w, https:\/\/grundschule-fasanenhof.de\/wp-content\/uploads\/2022\/09\/711bc08e-51d0-4f38-ad4c-c2aeee83c973.jpeg 1200w\" sizes=\"auto, (max-width: 768px) 100vw, 768px\" \/><\/figure>\n\n\n\n<figure class=\"wp-block-image size-large\"><img loading=\"lazy\" decoding=\"async\" width=\"768\" height=\"1024\" data-id=\"4617\" src=\"https:\/\/grundschule-fasanenhof.de\/wp-content\/uploads\/2022\/09\/fc8c14c5-f77a-40e7-ac01-940041011680-768x1024.jpeg\" alt=\"\" class=\"wp-image-4617\" srcset=\"https:\/\/grundschule-fasanenhof.de\/wp-content\/uploads\/2022\/09\/fc8c14c5-f77a-40e7-ac01-940041011680-768x1024.jpeg 768w, https:\/\/grundschule-fasanenhof.de\/wp-content\/uploads\/2022\/09\/fc8c14c5-f77a-40e7-ac01-940041011680-225x300.jpeg 225w, https:\/\/grundschule-fasanenhof.de\/wp-content\/uploads\/2022\/09\/fc8c14c5-f77a-40e7-ac01-940041011680-1152x1536.jpeg 1152w, https:\/\/grundschule-fasanenhof.de\/wp-content\/uploads\/2022\/09\/fc8c14c5-f77a-40e7-ac01-940041011680.jpeg 1200w\" sizes=\"auto, (max-width: 768px) 100vw, 768px\" \/><\/figure>\n<\/figure>\n\n\n\n<h2 class=\"wp-block-heading\">Januar 2025 &#8211; F\u00fcr Toleranz und Respekt<\/h2>\n\n\n\n<p>Am Freitag, den 31.01.25 trafen sich alle Klassen unserer Schule morgens in der Aula. Dort erwarteten die Kinder und Lehrer eine kleine Veranstaltung zum Thema &#8222;Toleranz und Respekt&#8220;. Die AG &#8222;Fasanenhof Kids&#8220; rappte f\u00fcr die Schulgemeinschaft ihr Lied &#8222;Alle sind verschieden&#8220;. Anschlie\u00dfend schauten sich alle Klassen gemeinsam ein kleines Video passend zum Thema an. Auch die f\u00fcnf Weltreligionen, das Judentum, das Christentum, der Islam, der Buddhismus und der Hinduismus, wurden thematisiert. Im Anschluss an die Veranstaltung wurde im Klassenrat noch einmal \u00fcber das Programm in der Aula gesprochen und sich \u00fcber die Bedeutung von Toleranz und Respekt an unserer Schule ausgetauscht. <\/p>\n\n\n\n<figure class=\"wp-block-gallery has-nested-images columns-default is-cropped wp-block-gallery-21 is-layout-flex wp-block-gallery-is-layout-flex\">\n<figure class=\"wp-block-image size-large\"><img loading=\"lazy\" decoding=\"async\" width=\"1024\" height=\"768\" data-id=\"4609\" src=\"https:\/\/grundschule-fasanenhof.de\/wp-content\/uploads\/2022\/09\/PHOTO-2025-02-04-12-55-56-1024x768.jpg\" alt=\"\" class=\"wp-image-4609\" srcset=\"https:\/\/grundschule-fasanenhof.de\/wp-content\/uploads\/2022\/09\/PHOTO-2025-02-04-12-55-56-1024x768.jpg 1024w, https:\/\/grundschule-fasanenhof.de\/wp-content\/uploads\/2022\/09\/PHOTO-2025-02-04-12-55-56-300x225.jpg 300w, https:\/\/grundschule-fasanenhof.de\/wp-content\/uploads\/2022\/09\/PHOTO-2025-02-04-12-55-56-768x576.jpg 768w, https:\/\/grundschule-fasanenhof.de\/wp-content\/uploads\/2022\/09\/PHOTO-2025-02-04-12-55-56.jpg 1280w\" sizes=\"auto, (max-width: 1024px) 100vw, 1024px\" \/><\/figure>\n\n\n\n<figure class=\"wp-block-image size-large\"><img loading=\"lazy\" decoding=\"async\" width=\"1024\" height=\"768\" data-id=\"4610\" src=\"https:\/\/grundschule-fasanenhof.de\/wp-content\/uploads\/2022\/09\/PHOTO-2025-02-04-12-55-55-2-1024x768.jpg\" alt=\"\" class=\"wp-image-4610\" srcset=\"https:\/\/grundschule-fasanenhof.de\/wp-content\/uploads\/2022\/09\/PHOTO-2025-02-04-12-55-55-2-1024x768.jpg 1024w, https:\/\/grundschule-fasanenhof.de\/wp-content\/uploads\/2022\/09\/PHOTO-2025-02-04-12-55-55-2-300x225.jpg 300w, https:\/\/grundschule-fasanenhof.de\/wp-content\/uploads\/2022\/09\/PHOTO-2025-02-04-12-55-55-2-768x576.jpg 768w, https:\/\/grundschule-fasanenhof.de\/wp-content\/uploads\/2022\/09\/PHOTO-2025-02-04-12-55-55-2.jpg 1280w\" sizes=\"auto, (max-width: 1024px) 100vw, 1024px\" \/><\/figure>\n\n\n\n<figure class=\"wp-block-image size-large\"><img loading=\"lazy\" decoding=\"async\" width=\"605\" height=\"515\" data-id=\"4608\" src=\"https:\/\/grundschule-fasanenhof.de\/wp-content\/uploads\/2022\/09\/PHOTO-2025-02-04-12-55-55.jpg\" alt=\"\" class=\"wp-image-4608\" srcset=\"https:\/\/grundschule-fasanenhof.de\/wp-content\/uploads\/2022\/09\/PHOTO-2025-02-04-12-55-55.jpg 605w, https:\/\/grundschule-fasanenhof.de\/wp-content\/uploads\/2022\/09\/PHOTO-2025-02-04-12-55-55-300x255.jpg 300w\" sizes=\"auto, (max-width: 605px) 100vw, 605px\" \/><\/figure>\n<\/figure>\n\n\n\n<h2 class=\"wp-block-heading\">Januar 2025 &#8211; Die 4d l\u00e4sst es sich schmecken<\/h2>\n\n\n\n<p>Am 29. Januar war die Klasse 4d zusammen mit ihrer Lehrerin Frau Fux auf einen Ausflug in Kassel. Erst besuchten sie den Spielplatz in der Goethe-Anlage. Danach st\u00e4rkten sie sich mit einem leckeren D\u00f6ner, den sie von ihren Einnahmen beim Weihnachtsbasar bezahlten. Eine gute Investition f\u00fcr alle D\u00f6nerfans. \ud83d\ude42<\/p>\n\n\n\n<figure class=\"wp-block-gallery has-nested-images columns-default is-cropped wp-block-gallery-22 is-layout-flex wp-block-gallery-is-layout-flex\">\n<figure class=\"wp-block-image size-large\"><img loading=\"lazy\" decoding=\"async\" width=\"768\" height=\"1024\" data-id=\"4587\" src=\"https:\/\/grundschule-fasanenhof.de\/wp-content\/uploads\/2022\/09\/1000042171-768x1024.jpg\" alt=\"\" class=\"wp-image-4587\" srcset=\"https:\/\/grundschule-fasanenhof.de\/wp-content\/uploads\/2022\/09\/1000042171-768x1024.jpg 768w, https:\/\/grundschule-fasanenhof.de\/wp-content\/uploads\/2022\/09\/1000042171-225x300.jpg 225w, https:\/\/grundschule-fasanenhof.de\/wp-content\/uploads\/2022\/09\/1000042171-1152x1536.jpg 1152w, https:\/\/grundschule-fasanenhof.de\/wp-content\/uploads\/2022\/09\/1000042171-1536x2048.jpg 1536w, https:\/\/grundschule-fasanenhof.de\/wp-content\/uploads\/2022\/09\/1000042171-scaled.jpg 1920w\" sizes=\"auto, (max-width: 768px) 100vw, 768px\" \/><\/figure>\n\n\n\n<figure class=\"wp-block-image size-large\"><img loading=\"lazy\" decoding=\"async\" width=\"1024\" height=\"768\" data-id=\"4588\" src=\"https:\/\/grundschule-fasanenhof.de\/wp-content\/uploads\/2022\/09\/1000042169-1024x768.jpg\" alt=\"\" class=\"wp-image-4588\" srcset=\"https:\/\/grundschule-fasanenhof.de\/wp-content\/uploads\/2022\/09\/1000042169-1024x768.jpg 1024w, https:\/\/grundschule-fasanenhof.de\/wp-content\/uploads\/2022\/09\/1000042169-300x225.jpg 300w, https:\/\/grundschule-fasanenhof.de\/wp-content\/uploads\/2022\/09\/1000042169-768x576.jpg 768w, https:\/\/grundschule-fasanenhof.de\/wp-content\/uploads\/2022\/09\/1000042169-1536x1152.jpg 1536w, https:\/\/grundschule-fasanenhof.de\/wp-content\/uploads\/2022\/09\/1000042169-2048x1536.jpg 2048w\" sizes=\"auto, (max-width: 1024px) 100vw, 1024px\" \/><\/figure>\n\n\n\n<figure class=\"wp-block-image size-large\"><img loading=\"lazy\" decoding=\"async\" width=\"768\" height=\"1024\" data-id=\"4589\" src=\"https:\/\/grundschule-fasanenhof.de\/wp-content\/uploads\/2022\/09\/1000042167-768x1024.jpg\" alt=\"\" class=\"wp-image-4589\" srcset=\"https:\/\/grundschule-fasanenhof.de\/wp-content\/uploads\/2022\/09\/1000042167-768x1024.jpg 768w, https:\/\/grundschule-fasanenhof.de\/wp-content\/uploads\/2022\/09\/1000042167-225x300.jpg 225w, https:\/\/grundschule-fasanenhof.de\/wp-content\/uploads\/2022\/09\/1000042167-1152x1536.jpg 1152w, https:\/\/grundschule-fasanenhof.de\/wp-content\/uploads\/2022\/09\/1000042167-1536x2048.jpg 1536w, https:\/\/grundschule-fasanenhof.de\/wp-content\/uploads\/2022\/09\/1000042167-scaled.jpg 1920w\" sizes=\"auto, (max-width: 768px) 100vw, 768px\" \/><\/figure>\n\n\n\n<figure class=\"wp-block-image size-large\"><img loading=\"lazy\" decoding=\"async\" width=\"1024\" height=\"768\" data-id=\"4590\" src=\"https:\/\/grundschule-fasanenhof.de\/wp-content\/uploads\/2022\/09\/1000042161-1024x768.jpg\" alt=\"\" class=\"wp-image-4590\" srcset=\"https:\/\/grundschule-fasanenhof.de\/wp-content\/uploads\/2022\/09\/1000042161-1024x768.jpg 1024w, https:\/\/grundschule-fasanenhof.de\/wp-content\/uploads\/2022\/09\/1000042161-300x225.jpg 300w, https:\/\/grundschule-fasanenhof.de\/wp-content\/uploads\/2022\/09\/1000042161-768x576.jpg 768w, https:\/\/grundschule-fasanenhof.de\/wp-content\/uploads\/2022\/09\/1000042161-1536x1152.jpg 1536w, https:\/\/grundschule-fasanenhof.de\/wp-content\/uploads\/2022\/09\/1000042161-2048x1536.jpg 2048w\" sizes=\"auto, (max-width: 1024px) 100vw, 1024px\" \/><\/figure>\n\n\n\n<figure class=\"wp-block-image size-large\"><img loading=\"lazy\" decoding=\"async\" width=\"1024\" height=\"768\" data-id=\"4591\" src=\"https:\/\/grundschule-fasanenhof.de\/wp-content\/uploads\/2022\/09\/1000042166-1024x768.jpg\" alt=\"\" class=\"wp-image-4591\" srcset=\"https:\/\/grundschule-fasanenhof.de\/wp-content\/uploads\/2022\/09\/1000042166-1024x768.jpg 1024w, https:\/\/grundschule-fasanenhof.de\/wp-content\/uploads\/2022\/09\/1000042166-300x225.jpg 300w, https:\/\/grundschule-fasanenhof.de\/wp-content\/uploads\/2022\/09\/1000042166-768x576.jpg 768w, https:\/\/grundschule-fasanenhof.de\/wp-content\/uploads\/2022\/09\/1000042166-1536x1152.jpg 1536w, https:\/\/grundschule-fasanenhof.de\/wp-content\/uploads\/2022\/09\/1000042166-2048x1536.jpg 2048w\" sizes=\"auto, (max-width: 1024px) 100vw, 1024px\" \/><\/figure>\n<\/figure>\n\n\n\n<h2 class=\"wp-block-heading\">Dezember 2024 -Wir lauschen gespannt: Vorleseprojekt im Jahrgang 3<\/h2>\n\n\n\n<p>Die Klassenlehrerinnen von den Klassen 3a, 3b und3c haben uns etwas vorgelesen. Zuerst hat uns Frau Pecher das Buch \u201eConni feiert Weihnachten\u201c vorgelesen Frau Schul hat uns das Buch \u201ePippi Langstrumpf feiert Weihnachten\u201c. Frau Ufer hat uns das Buch \u201eDer sprechende Weihnachtsbaum\u201c vorgelesen.<\/p>\n\n\n\n<p>Ich fand die B\u00fccher sch\u00f6n. Ich fand sch\u00f6n, dass wir die B\u00fccher vorgelesen bekommen haben.<\/p>\n\n\n\n<p><strong>von Greta &amp; Theresa<\/strong><\/p>\n\n\n\n<p>Der ganze Jahrgang 3 hat Geschichten vorgelesen bekommen. Es gab die Geschichten \u201ePippi Langstrumpf feiert Weihnachten\u201c. Diese Geschichte hat uns Frau Schul vorgelesen. Und Frau Pecher hat uns \u201eConni feiert Weihnachten\u201c vorgelesen. \u201eDer viel zu kleine Weihnachtsmann\u201c wurde uns von Frau Ufer vorgelesen. Au\u00dferdem durften wir Kekse essen. Und wir durften es uns gem\u00fctlich machen. Wir hatten verschiedene Kekse, einer sah aus wie eine Windm\u00fchle. Wir haben zu viele gegessen, danach sahen wir aus wie der Weihnachtsmann.<\/p>\n\n\n\n<p>Und das war unsere sch\u00f6ne Lesestunde in der Fasanenhofschule.<\/p>\n\n\n\n<p><strong>von Sajra &amp; Leyaa<\/strong><\/p>\n\n\n\n<figure class=\"wp-block-gallery has-nested-images columns-default is-cropped wp-block-gallery-23 is-layout-flex wp-block-gallery-is-layout-flex\">\n<figure class=\"wp-block-image size-large\"><img loading=\"lazy\" decoding=\"async\" width=\"426\" height=\"599\" data-id=\"4523\" src=\"https:\/\/grundschule-fasanenhof.de\/wp-content\/uploads\/2022\/09\/519q4k4LdVL.jpg\" alt=\"\" class=\"wp-image-4523\" srcset=\"https:\/\/grundschule-fasanenhof.de\/wp-content\/uploads\/2022\/09\/519q4k4LdVL.jpg 426w, https:\/\/grundschule-fasanenhof.de\/wp-content\/uploads\/2022\/09\/519q4k4LdVL-213x300.jpg 213w\" sizes=\"auto, (max-width: 426px) 100vw, 426px\" \/><figcaption class=\"wp-element-caption\">Version 1.0.0<\/figcaption><\/figure>\n\n\n\n<figure class=\"wp-block-image size-large\"><img loading=\"lazy\" decoding=\"async\" width=\"791\" height=\"1024\" data-id=\"4524\" src=\"https:\/\/grundschule-fasanenhof.de\/wp-content\/uploads\/2022\/09\/9783789168239-791x1024.jpg\" alt=\"\" class=\"wp-image-4524\" srcset=\"https:\/\/grundschule-fasanenhof.de\/wp-content\/uploads\/2022\/09\/9783789168239-791x1024.jpg 791w, https:\/\/grundschule-fasanenhof.de\/wp-content\/uploads\/2022\/09\/9783789168239-232x300.jpg 232w, https:\/\/grundschule-fasanenhof.de\/wp-content\/uploads\/2022\/09\/9783789168239-768x994.jpg 768w, https:\/\/grundschule-fasanenhof.de\/wp-content\/uploads\/2022\/09\/9783789168239-1186x1536.jpg 1186w, https:\/\/grundschule-fasanenhof.de\/wp-content\/uploads\/2022\/09\/9783789168239-1582x2048.jpg 1582w, https:\/\/grundschule-fasanenhof.de\/wp-content\/uploads\/2022\/09\/9783789168239-scaled.jpg 1977w\" sizes=\"auto, (max-width: 791px) 100vw, 791px\" \/><\/figure>\n\n\n\n<figure class=\"wp-block-image size-large\"><img loading=\"lazy\" decoding=\"async\" width=\"1024\" height=\"883\" data-id=\"4525\" src=\"https:\/\/grundschule-fasanenhof.de\/wp-content\/uploads\/2022\/09\/IMG_4284-1024x883.jpg\" alt=\"\" class=\"wp-image-4525\" srcset=\"https:\/\/grundschule-fasanenhof.de\/wp-content\/uploads\/2022\/09\/IMG_4284-1024x883.jpg 1024w, https:\/\/grundschule-fasanenhof.de\/wp-content\/uploads\/2022\/09\/IMG_4284-300x259.jpg 300w, https:\/\/grundschule-fasanenhof.de\/wp-content\/uploads\/2022\/09\/IMG_4284-768x662.jpg 768w, https:\/\/grundschule-fasanenhof.de\/wp-content\/uploads\/2022\/09\/IMG_4284-1536x1324.jpg 1536w, https:\/\/grundschule-fasanenhof.de\/wp-content\/uploads\/2022\/09\/IMG_4284-2048x1765.jpg 2048w\" sizes=\"auto, (max-width: 1024px) 100vw, 1024px\" \/><\/figure>\n<\/figure>\n\n\n\n<h2 class=\"wp-block-heading\">Ende November 2024 &#8211; Das Spielraumtheater war wieder bei uns<\/h2>\n\n\n\n<p>In den letzten Novemberwochen besuchten uns Jutta Damaschke und Stefan Becker vom Spielraumtheater. Die Kinder freuten sich \u00fcber die Piratengeschichte &#8222;Milli und der Goldschatz&#8220;, das spannende St\u00fcck &#8222;Die Abenteuer eines Hasen&#8220; und \u00fcber die politische Geschichte &#8222;Der Aufsatz&#8220;. Wir bedanken uns bei Frau Damaschke und Herrn Becker f\u00fcr die unterhaltsame und im Falle von &#8222;Der Aufsatz&#8220; lehrreiche Zeit!<\/p>\n\n\n\n<figure class=\"wp-block-gallery has-nested-images columns-default is-cropped wp-block-gallery-24 is-layout-flex wp-block-gallery-is-layout-flex\">\n<figure class=\"wp-block-image size-large\"><img loading=\"lazy\" decoding=\"async\" width=\"1024\" height=\"768\" data-id=\"4490\" src=\"https:\/\/grundschule-fasanenhof.de\/wp-content\/uploads\/2022\/09\/IMG_1461-1024x768.jpg\" alt=\"\" class=\"wp-image-4490\" srcset=\"https:\/\/grundschule-fasanenhof.de\/wp-content\/uploads\/2022\/09\/IMG_1461-1024x768.jpg 1024w, https:\/\/grundschule-fasanenhof.de\/wp-content\/uploads\/2022\/09\/IMG_1461-300x225.jpg 300w, https:\/\/grundschule-fasanenhof.de\/wp-content\/uploads\/2022\/09\/IMG_1461-768x576.jpg 768w, https:\/\/grundschule-fasanenhof.de\/wp-content\/uploads\/2022\/09\/IMG_1461-1536x1152.jpg 1536w, https:\/\/grundschule-fasanenhof.de\/wp-content\/uploads\/2022\/09\/IMG_1461.jpg 2016w\" sizes=\"auto, (max-width: 1024px) 100vw, 1024px\" \/><\/figure>\n\n\n\n<figure class=\"wp-block-image size-large\"><img loading=\"lazy\" decoding=\"async\" width=\"1024\" height=\"768\" data-id=\"4489\" src=\"https:\/\/grundschule-fasanenhof.de\/wp-content\/uploads\/2022\/09\/Piratengeschichte-1-1024x768.jpg\" alt=\"\" class=\"wp-image-4489\" srcset=\"https:\/\/grundschule-fasanenhof.de\/wp-content\/uploads\/2022\/09\/Piratengeschichte-1-1024x768.jpg 1024w, https:\/\/grundschule-fasanenhof.de\/wp-content\/uploads\/2022\/09\/Piratengeschichte-1-300x225.jpg 300w, https:\/\/grundschule-fasanenhof.de\/wp-content\/uploads\/2022\/09\/Piratengeschichte-1-768x576.jpg 768w, https:\/\/grundschule-fasanenhof.de\/wp-content\/uploads\/2022\/09\/Piratengeschichte-1-1536x1152.jpg 1536w, https:\/\/grundschule-fasanenhof.de\/wp-content\/uploads\/2022\/09\/Piratengeschichte-1.jpg 2016w\" sizes=\"auto, (max-width: 1024px) 100vw, 1024px\" \/><\/figure>\n<\/figure>\n\n\n\n<p><\/p>\n\n\n\n<h2 class=\"wp-block-heading\">November 2024 &#8211; Die 1c und das Projekt &#8222;Wir bewegen Schule&#8220;<\/h2>\n\n\n\n<p>Die Klasse 1c hatte riesig viel Spa\u00df beim \u00dcben der Choreografie mit der Tanz-Expertin Karla. Diese animierte und motivierte die Kinder mit ihrer peppigen Art, sodass die einzelnen Tanzbewegungen in kurzer Zeit beherrscht wurden. So haben die Kinder ihre H\u00fcften zu den Liedern &#8222;Pink Panther&#8220;, &#8222;Faith&#8220;, &#8222;I like to move it&#8220; und &#8222;In da Getto&#8220; geschwungen. Die Auff\u00fchrung stellte den H\u00f6hepunkt der bewegungsreichen Woche dar, die mit tosendem Applaus der Eltern, Geschwister und Lehrkr\u00e4fte belohnt wurde.<\/p>\n\n\n\n<figure class=\"wp-block-gallery has-nested-images columns-default is-cropped wp-block-gallery-25 is-layout-flex wp-block-gallery-is-layout-flex\">\n<figure class=\"wp-block-image size-large\"><img loading=\"lazy\" decoding=\"async\" width=\"1024\" height=\"768\" data-id=\"4480\" src=\"https:\/\/grundschule-fasanenhof.de\/wp-content\/uploads\/2022\/09\/IMG_1435-1-1024x768.jpg\" alt=\"\" class=\"wp-image-4480\" srcset=\"https:\/\/grundschule-fasanenhof.de\/wp-content\/uploads\/2022\/09\/IMG_1435-1-1024x768.jpg 1024w, https:\/\/grundschule-fasanenhof.de\/wp-content\/uploads\/2022\/09\/IMG_1435-1-300x225.jpg 300w, https:\/\/grundschule-fasanenhof.de\/wp-content\/uploads\/2022\/09\/IMG_1435-1-768x576.jpg 768w, https:\/\/grundschule-fasanenhof.de\/wp-content\/uploads\/2022\/09\/IMG_1435-1-1536x1152.jpg 1536w, https:\/\/grundschule-fasanenhof.de\/wp-content\/uploads\/2022\/09\/IMG_1435-1-2048x1536.jpg 2048w\" sizes=\"auto, (max-width: 1024px) 100vw, 1024px\" \/><\/figure>\n\n\n\n<figure class=\"wp-block-image size-large\"><img loading=\"lazy\" decoding=\"async\" width=\"1024\" height=\"768\" data-id=\"4481\" src=\"https:\/\/grundschule-fasanenhof.de\/wp-content\/uploads\/2022\/09\/IMG_1436-1024x768.jpg\" alt=\"\" class=\"wp-image-4481\" srcset=\"https:\/\/grundschule-fasanenhof.de\/wp-content\/uploads\/2022\/09\/IMG_1436-1024x768.jpg 1024w, https:\/\/grundschule-fasanenhof.de\/wp-content\/uploads\/2022\/09\/IMG_1436-300x225.jpg 300w, https:\/\/grundschule-fasanenhof.de\/wp-content\/uploads\/2022\/09\/IMG_1436-768x576.jpg 768w, https:\/\/grundschule-fasanenhof.de\/wp-content\/uploads\/2022\/09\/IMG_1436-1536x1152.jpg 1536w, https:\/\/grundschule-fasanenhof.de\/wp-content\/uploads\/2022\/09\/IMG_1436-2048x1536.jpg 2048w\" sizes=\"auto, (max-width: 1024px) 100vw, 1024px\" \/><\/figure>\n\n\n\n<figure class=\"wp-block-image size-large\"><img loading=\"lazy\" decoding=\"async\" width=\"1024\" height=\"768\" data-id=\"4477\" src=\"https:\/\/grundschule-fasanenhof.de\/wp-content\/uploads\/2022\/09\/IMG_1453-1024x768.jpg\" alt=\"\" class=\"wp-image-4477\" srcset=\"https:\/\/grundschule-fasanenhof.de\/wp-content\/uploads\/2022\/09\/IMG_1453-1024x768.jpg 1024w, https:\/\/grundschule-fasanenhof.de\/wp-content\/uploads\/2022\/09\/IMG_1453-300x225.jpg 300w, https:\/\/grundschule-fasanenhof.de\/wp-content\/uploads\/2022\/09\/IMG_1453-768x576.jpg 768w, https:\/\/grundschule-fasanenhof.de\/wp-content\/uploads\/2022\/09\/IMG_1453-1536x1152.jpg 1536w, https:\/\/grundschule-fasanenhof.de\/wp-content\/uploads\/2022\/09\/IMG_1453-2048x1536.jpg 2048w\" sizes=\"auto, (max-width: 1024px) 100vw, 1024px\" \/><\/figure>\n\n\n\n<figure class=\"wp-block-image size-large\"><img loading=\"lazy\" decoding=\"async\" width=\"1024\" height=\"768\" data-id=\"4479\" src=\"https:\/\/grundschule-fasanenhof.de\/wp-content\/uploads\/2022\/09\/IMG_1454-1024x768.jpg\" alt=\"\" class=\"wp-image-4479\" srcset=\"https:\/\/grundschule-fasanenhof.de\/wp-content\/uploads\/2022\/09\/IMG_1454-1024x768.jpg 1024w, https:\/\/grundschule-fasanenhof.de\/wp-content\/uploads\/2022\/09\/IMG_1454-300x225.jpg 300w, https:\/\/grundschule-fasanenhof.de\/wp-content\/uploads\/2022\/09\/IMG_1454-768x576.jpg 768w, https:\/\/grundschule-fasanenhof.de\/wp-content\/uploads\/2022\/09\/IMG_1454-1536x1152.jpg 1536w, https:\/\/grundschule-fasanenhof.de\/wp-content\/uploads\/2022\/09\/IMG_1454-2048x1536.jpg 2048w\" sizes=\"auto, (max-width: 1024px) 100vw, 1024px\" \/><\/figure>\n\n\n\n<figure class=\"wp-block-image size-large\"><img loading=\"lazy\" decoding=\"async\" width=\"1024\" height=\"768\" data-id=\"4478\" src=\"https:\/\/grundschule-fasanenhof.de\/wp-content\/uploads\/2022\/09\/IMG_1455-1024x768.jpg\" alt=\"\" class=\"wp-image-4478\" srcset=\"https:\/\/grundschule-fasanenhof.de\/wp-content\/uploads\/2022\/09\/IMG_1455-1024x768.jpg 1024w, https:\/\/grundschule-fasanenhof.de\/wp-content\/uploads\/2022\/09\/IMG_1455-300x225.jpg 300w, https:\/\/grundschule-fasanenhof.de\/wp-content\/uploads\/2022\/09\/IMG_1455-768x576.jpg 768w, https:\/\/grundschule-fasanenhof.de\/wp-content\/uploads\/2022\/09\/IMG_1455-1536x1152.jpg 1536w, https:\/\/grundschule-fasanenhof.de\/wp-content\/uploads\/2022\/09\/IMG_1455-2048x1536.jpg 2048w\" sizes=\"auto, (max-width: 1024px) 100vw, 1024px\" \/><\/figure>\n\n\n\n<figure class=\"wp-block-image size-large\"><img loading=\"lazy\" decoding=\"async\" width=\"1024\" height=\"768\" data-id=\"4476\" src=\"https:\/\/grundschule-fasanenhof.de\/wp-content\/uploads\/2022\/09\/IMG_1473-1-1024x768.jpg\" alt=\"\" class=\"wp-image-4476\" srcset=\"https:\/\/grundschule-fasanenhof.de\/wp-content\/uploads\/2022\/09\/IMG_1473-1-1024x768.jpg 1024w, https:\/\/grundschule-fasanenhof.de\/wp-content\/uploads\/2022\/09\/IMG_1473-1-300x225.jpg 300w, https:\/\/grundschule-fasanenhof.de\/wp-content\/uploads\/2022\/09\/IMG_1473-1-768x576.jpg 768w, https:\/\/grundschule-fasanenhof.de\/wp-content\/uploads\/2022\/09\/IMG_1473-1-1536x1152.jpg 1536w, https:\/\/grundschule-fasanenhof.de\/wp-content\/uploads\/2022\/09\/IMG_1473-1-2048x1536.jpg 2048w\" sizes=\"auto, (max-width: 1024px) 100vw, 1024px\" \/><\/figure>\n<\/figure>\n\n\n\n<h2 class=\"wp-block-heading\">September 2024- Fu\u00dfballfest Nordstadt<\/h2>\n\n\n\n<p>Am 25. September 2024 fand von 9:30 Uhr bis 13:00 Uhr das Fu\u00dfballfest der Grundschulen im Nordstadtstadion statt.<br>Die Fasanenhofschule trat mit acht Kindern aus den Klassen 4b und 4c an. Herr Schrader begleitete die Kinder als Trainer.<br>Bereits im Jahr 2023 konnte die gleiche Mannschaft als j\u00fcngerer Jahrgang (dritte Klasse) bereits den zweiten Platz erspielen.<br>In diesem Jahr wurde in zwei Gruppen gespielt. Unsere Sch\u00fcler konnten alle f\u00fcnf Gruppenspiele deutlich gewinnen und wurden mit 5 Siegen Gruppen Erster. Dabei erzielten wir 17 Tore und bekamen nur drei Gegentore.<br>In der anderen Gruppe setzen sich die Mannschaft von Warteberg durch.<br><br>Das abschlie\u00dfende Finalspiel \u2013 der beiden Gruppenersten &#8211; konnte ebenfalls siegreich von unseren Kids gestaltet werden. In diesem Spiel zeigten wir unsere beste Leistung und schlugen die Schule \u201eAm Warteberg\u201c mit dem h\u00f6chsten Turniersieg, 10:0!<br><br>Voller Stolz kamen die Kinder zur\u00fcck in die Schule und lie\u00dfen sich von ihren Schulfreunden feiern.<\/p>\n\n\n\n<figure class=\"wp-block-gallery has-nested-images columns-default is-cropped wp-block-gallery-26 is-layout-flex wp-block-gallery-is-layout-flex\">\n<figure class=\"wp-block-image size-large\"><img loading=\"lazy\" decoding=\"async\" width=\"1024\" height=\"932\" data-id=\"4357\" src=\"https:\/\/grundschule-fasanenhof.de\/wp-content\/uploads\/2022\/09\/Siegerfoto-1024x932.png\" alt=\"\" class=\"wp-image-4357\" srcset=\"https:\/\/grundschule-fasanenhof.de\/wp-content\/uploads\/2022\/09\/Siegerfoto-1024x932.png 1024w, https:\/\/grundschule-fasanenhof.de\/wp-content\/uploads\/2022\/09\/Siegerfoto-300x273.png 300w, https:\/\/grundschule-fasanenhof.de\/wp-content\/uploads\/2022\/09\/Siegerfoto-768x699.png 768w, https:\/\/grundschule-fasanenhof.de\/wp-content\/uploads\/2022\/09\/Siegerfoto-1536x1397.png 1536w, https:\/\/grundschule-fasanenhof.de\/wp-content\/uploads\/2022\/09\/Siegerfoto-2048x1863.png 2048w\" sizes=\"auto, (max-width: 1024px) 100vw, 1024px\" \/><\/figure>\n\n\n\n<figure class=\"wp-block-image size-large\"><img loading=\"lazy\" decoding=\"async\" width=\"772\" height=\"1024\" data-id=\"4356\" src=\"https:\/\/grundschule-fasanenhof.de\/wp-content\/uploads\/2022\/09\/Tabelle-772x1024.png\" alt=\"\" class=\"wp-image-4356\" srcset=\"https:\/\/grundschule-fasanenhof.de\/wp-content\/uploads\/2022\/09\/Tabelle-772x1024.png 772w, https:\/\/grundschule-fasanenhof.de\/wp-content\/uploads\/2022\/09\/Tabelle-226x300.png 226w, https:\/\/grundschule-fasanenhof.de\/wp-content\/uploads\/2022\/09\/Tabelle-768x1019.png 768w, https:\/\/grundschule-fasanenhof.de\/wp-content\/uploads\/2022\/09\/Tabelle.png 815w\" sizes=\"auto, (max-width: 772px) 100vw, 772px\" \/><\/figure>\n<\/figure>\n\n\n\n<h2 class=\"wp-block-heading\">September 2024 &#8211; Fit beim Mini-Marathon<\/h2>\n\n\n\n<p>Auch in diesem Jahr gab es an der Fasanenhofschule eine Laufgruppe, die sich auf den Mini-Marathon vorbereitet hat.<br>Seit den Osterferien haben wir uns regelm\u00e4\u00dfig getroffen, sind gelaufen und haben uns auf den Mini Marathon gefreut. So dass wir in diesem Jahr mit 37 Kindern an den Start gegangen sind. <br>Es war, wie in den vergangenen Jahren auch schon, wieder ein ganz besonderes Erlebnis. Alle Kinder konnten ihren Lauf erfolgreich beenden und den Zieleinlauf im Aue-Stadion mit dem Applaus des Publikums genie\u00dfen. Und dieses Jahr hat uns auch das Wetter einen wundersch\u00f6nen Tag beschert. Der schnellste Junge unserer Schule war Anton aus der Klasse 4c. Bei den M\u00e4dchen erzielte Elizan aus der 4a die beste Zeit.<br>Wir freuen uns schon auf n\u00e4chstes Jahr.<\/p>\n\n\n\n<figure class=\"wp-block-image size-full\"><img loading=\"lazy\" decoding=\"async\" width=\"1024\" height=\"768\" src=\"https:\/\/grundschule-fasanenhof.de\/wp-content\/uploads\/2022\/09\/threema-20240919-093157977.jpg-1-1.jpeg\" alt=\"\" class=\"wp-image-4350\" srcset=\"https:\/\/grundschule-fasanenhof.de\/wp-content\/uploads\/2022\/09\/threema-20240919-093157977.jpg-1-1.jpeg 1024w, https:\/\/grundschule-fasanenhof.de\/wp-content\/uploads\/2022\/09\/threema-20240919-093157977.jpg-1-1-300x225.jpeg 300w, https:\/\/grundschule-fasanenhof.de\/wp-content\/uploads\/2022\/09\/threema-20240919-093157977.jpg-1-1-768x576.jpeg 768w\" sizes=\"auto, (max-width: 1024px) 100vw, 1024px\" \/><\/figure>\n\n\n\n<figure class=\"wp-block-image size-large\"><img loading=\"lazy\" decoding=\"async\" width=\"1024\" height=\"768\" src=\"https:\/\/grundschule-fasanenhof.de\/wp-content\/uploads\/2024\/10\/1000035171-1024x768.jpg\" alt=\"\" class=\"wp-image-4399\" srcset=\"https:\/\/grundschule-fasanenhof.de\/wp-content\/uploads\/2024\/10\/1000035171-1024x768.jpg 1024w, https:\/\/grundschule-fasanenhof.de\/wp-content\/uploads\/2024\/10\/1000035171-300x225.jpg 300w, https:\/\/grundschule-fasanenhof.de\/wp-content\/uploads\/2024\/10\/1000035171-768x576.jpg 768w, https:\/\/grundschule-fasanenhof.de\/wp-content\/uploads\/2024\/10\/1000035171-1536x1152.jpg 1536w, https:\/\/grundschule-fasanenhof.de\/wp-content\/uploads\/2024\/10\/1000035171-2048x1536.jpg 2048w\" sizes=\"auto, (max-width: 1024px) 100vw, 1024px\" \/><\/figure>\n\n\n\n<h2 class=\"wp-block-heading\">August 2024 &#8211; Einschulungstag <\/h2>\n\n\n\n<p>Am Dienstag, den 27.08.2024 wurden unsere neuen Erstklasskinder und nat\u00fcrlich auch die neuen Vorklasskinder in der Aula eingeschult. Dort erwarteten die insgesamt 72 Sch\u00fcler und Sch\u00fclerinnen sowie ihre Familien ein buntes Programm. Es wurde gesungen, getanzt und ein Gedicht vorgetragen und nat\u00fcrlich gab es auch eine herzliche Begr\u00fc\u00dfung von unserem Schulleiter Herr Schrader und den neuen Klassenlehrkr\u00e4ften. Im Anschluss an das Programm in der Aula erlebten die Kinder ihre erste Schulstunde im neuen Klassenraum. Daf\u00fcr hatten sich die Klassenlehrerinnen Frau Reinhard, Frau Z\u00f6llner und Frau Reiss und der Klassenlehrer Herr Robitzsch etwas Tolles einfallen lassen, sodass die Zeit nur so verflog. Es war eine rundum sch\u00f6ne Veranstaltung.<\/p>\n\n\n\n<p>Wir w\u00fcnschen allen neu eingeschulten Kindern und ihren Familien eine tolle Zeit an unserer Fasanenhofschule.  <\/p>\n\n\n\n<figure class=\"wp-block-gallery has-nested-images columns-default is-cropped wp-block-gallery-27 is-layout-flex wp-block-gallery-is-layout-flex\">\n<figure class=\"wp-block-image size-large\"><img loading=\"lazy\" decoding=\"async\" width=\"1024\" height=\"768\" data-id=\"4307\" src=\"https:\/\/grundschule-fasanenhof.de\/wp-content\/uploads\/2024\/08\/1724765071273-1024x768.jpg\" alt=\"\" class=\"wp-image-4307\" srcset=\"https:\/\/grundschule-fasanenhof.de\/wp-content\/uploads\/2024\/08\/1724765071273-1024x768.jpg 1024w, https:\/\/grundschule-fasanenhof.de\/wp-content\/uploads\/2024\/08\/1724765071273-300x225.jpg 300w, https:\/\/grundschule-fasanenhof.de\/wp-content\/uploads\/2024\/08\/1724765071273-768x576.jpg 768w, https:\/\/grundschule-fasanenhof.de\/wp-content\/uploads\/2024\/08\/1724765071273-1536x1152.jpg 1536w, https:\/\/grundschule-fasanenhof.de\/wp-content\/uploads\/2024\/08\/1724765071273.jpg 1600w\" sizes=\"auto, (max-width: 1024px) 100vw, 1024px\" \/><\/figure>\n\n\n\n<figure class=\"wp-block-image size-large\"><img loading=\"lazy\" decoding=\"async\" width=\"1024\" height=\"768\" data-id=\"4305\" src=\"https:\/\/grundschule-fasanenhof.de\/wp-content\/uploads\/2022\/09\/1724765071286-2-1024x768.jpg\" alt=\"\" class=\"wp-image-4305\" srcset=\"https:\/\/grundschule-fasanenhof.de\/wp-content\/uploads\/2022\/09\/1724765071286-2-1024x768.jpg 1024w, https:\/\/grundschule-fasanenhof.de\/wp-content\/uploads\/2022\/09\/1724765071286-2-300x225.jpg 300w, https:\/\/grundschule-fasanenhof.de\/wp-content\/uploads\/2022\/09\/1724765071286-2-768x576.jpg 768w, https:\/\/grundschule-fasanenhof.de\/wp-content\/uploads\/2022\/09\/1724765071286-2-1536x1152.jpg 1536w, https:\/\/grundschule-fasanenhof.de\/wp-content\/uploads\/2022\/09\/1724765071286-2.jpg 1600w\" sizes=\"auto, (max-width: 1024px) 100vw, 1024px\" \/><\/figure>\n<\/figure>\n\n\n\n<div data-wp-interactive=\"core\/file\" class=\"wp-block-file\"><object data-wp-bind--hidden=\"!state.hasPdfPreview\" hidden class=\"wp-block-file__embed\" data=\"https:\/\/grundschule-fasanenhof.de\/wp-content\/uploads\/2024\/08\/Einschulungsfeier.pdf\" type=\"application\/pdf\" style=\"width:100%;height:600px\" aria-label=\"Einbettung von Einschulungsfeier.\"><\/object><a id=\"wp-block-file--media-40ab3c49-d209-43f1-a49f-72e0536b8466\" href=\"https:\/\/grundschule-fasanenhof.de\/wp-content\/uploads\/2024\/08\/Einschulungsfeier.pdf\">Einschulungsfeier<\/a><a href=\"https:\/\/grundschule-fasanenhof.de\/wp-content\/uploads\/2024\/08\/Einschulungsfeier.pdf\" class=\"wp-block-file__button wp-element-button\" download aria-describedby=\"wp-block-file--media-40ab3c49-d209-43f1-a49f-72e0536b8466\">Herunterladen<\/a><\/div>\n\n\n\n<h2 class=\"wp-block-heading\">Juli 2024 &#8211; Sauberhafter Schulweg<\/h2>\n\n\n\n<p>Auch dieses Schuljahr war die Fasanenhofschule im Rahmen des Projekts &#8222;Sauberhafter Schulweg&#8220; wieder flei\u00dfig. Die Klassen schnappten sich Zangen und M\u00fcllbeutel und reinigten bei bestem Wetter die Stra\u00dfen rund um unsere Schule. Viele M\u00fclls\u00e4cke wurden gef\u00fcllt und der Umwelt so etwas Gutes getan. <\/p>\n\n\n\n<figure class=\"wp-block-gallery has-nested-images columns-default is-cropped wp-block-gallery-28 is-layout-flex wp-block-gallery-is-layout-flex\">\n<figure class=\"wp-block-image size-large\"><img loading=\"lazy\" decoding=\"async\" width=\"509\" height=\"1024\" data-id=\"4280\" src=\"https:\/\/grundschule-fasanenhof.de\/wp-content\/uploads\/2024\/07\/Muell-1-1-509x1024.jpg\" alt=\"\" class=\"wp-image-4280\" srcset=\"https:\/\/grundschule-fasanenhof.de\/wp-content\/uploads\/2024\/07\/Muell-1-1-509x1024.jpg 509w, https:\/\/grundschule-fasanenhof.de\/wp-content\/uploads\/2024\/07\/Muell-1-1-149x300.jpg 149w, https:\/\/grundschule-fasanenhof.de\/wp-content\/uploads\/2024\/07\/Muell-1-1-768x1544.jpg 768w, https:\/\/grundschule-fasanenhof.de\/wp-content\/uploads\/2024\/07\/Muell-1-1-764x1536.jpg 764w, https:\/\/grundschule-fasanenhof.de\/wp-content\/uploads\/2024\/07\/Muell-1-1-1018x2048.jpg 1018w, https:\/\/grundschule-fasanenhof.de\/wp-content\/uploads\/2024\/07\/Muell-1-1-scaled.jpg 1273w\" sizes=\"auto, (max-width: 509px) 100vw, 509px\" \/><\/figure>\n\n\n\n<figure class=\"wp-block-image size-large\"><img loading=\"lazy\" decoding=\"async\" width=\"768\" height=\"1024\" data-id=\"4279\" src=\"https:\/\/grundschule-fasanenhof.de\/wp-content\/uploads\/2024\/07\/Muell-2-2-768x1024.jpg\" alt=\"\" class=\"wp-image-4279\" srcset=\"https:\/\/grundschule-fasanenhof.de\/wp-content\/uploads\/2024\/07\/Muell-2-2-768x1024.jpg 768w, https:\/\/grundschule-fasanenhof.de\/wp-content\/uploads\/2024\/07\/Muell-2-2-225x300.jpg 225w, https:\/\/grundschule-fasanenhof.de\/wp-content\/uploads\/2024\/07\/Muell-2-2-1152x1536.jpg 1152w, https:\/\/grundschule-fasanenhof.de\/wp-content\/uploads\/2024\/07\/Muell-2-2-1536x2048.jpg 1536w, https:\/\/grundschule-fasanenhof.de\/wp-content\/uploads\/2024\/07\/Muell-2-2-scaled.jpg 1920w\" sizes=\"auto, (max-width: 768px) 100vw, 768px\" \/><\/figure>\n\n\n\n<figure class=\"wp-block-image size-large\"><img loading=\"lazy\" decoding=\"async\" width=\"1024\" height=\"576\" data-id=\"4265\" src=\"https:\/\/grundschule-fasanenhof.de\/wp-content\/uploads\/2024\/07\/1720708841602-1024x576.jpg\" alt=\"\" class=\"wp-image-4265\" srcset=\"https:\/\/grundschule-fasanenhof.de\/wp-content\/uploads\/2024\/07\/1720708841602-1024x576.jpg 1024w, https:\/\/grundschule-fasanenhof.de\/wp-content\/uploads\/2024\/07\/1720708841602-300x169.jpg 300w, https:\/\/grundschule-fasanenhof.de\/wp-content\/uploads\/2024\/07\/1720708841602-768x432.jpg 768w, https:\/\/grundschule-fasanenhof.de\/wp-content\/uploads\/2024\/07\/1720708841602-1536x864.jpg 1536w, https:\/\/grundschule-fasanenhof.de\/wp-content\/uploads\/2024\/07\/1720708841602-2048x1152.jpg 2048w\" sizes=\"auto, (max-width: 1024px) 100vw, 1024px\" \/><\/figure>\n\n\n\n<figure class=\"wp-block-image size-large\"><img loading=\"lazy\" decoding=\"async\" width=\"1024\" height=\"768\" data-id=\"4257\" src=\"https:\/\/grundschule-fasanenhof.de\/wp-content\/uploads\/2024\/07\/1720525197848-1024x768.jpg\" alt=\"\" class=\"wp-image-4257\" srcset=\"https:\/\/grundschule-fasanenhof.de\/wp-content\/uploads\/2024\/07\/1720525197848-1024x768.jpg 1024w, https:\/\/grundschule-fasanenhof.de\/wp-content\/uploads\/2024\/07\/1720525197848-300x225.jpg 300w, https:\/\/grundschule-fasanenhof.de\/wp-content\/uploads\/2024\/07\/1720525197848-768x576.jpg 768w, https:\/\/grundschule-fasanenhof.de\/wp-content\/uploads\/2024\/07\/1720525197848-1536x1152.jpg 1536w, https:\/\/grundschule-fasanenhof.de\/wp-content\/uploads\/2024\/07\/1720525197848.jpg 1600w\" sizes=\"auto, (max-width: 1024px) 100vw, 1024px\" \/><\/figure>\n\n\n\n<figure class=\"wp-block-image size-large\"><img loading=\"lazy\" decoding=\"async\" width=\"1024\" height=\"768\" data-id=\"4255\" src=\"https:\/\/grundschule-fasanenhof.de\/wp-content\/uploads\/2024\/07\/IMG_0916-1024x768.jpg\" alt=\"\" class=\"wp-image-4255\" srcset=\"https:\/\/grundschule-fasanenhof.de\/wp-content\/uploads\/2024\/07\/IMG_0916-1024x768.jpg 1024w, https:\/\/grundschule-fasanenhof.de\/wp-content\/uploads\/2024\/07\/IMG_0916-300x225.jpg 300w, https:\/\/grundschule-fasanenhof.de\/wp-content\/uploads\/2024\/07\/IMG_0916-768x576.jpg 768w, https:\/\/grundschule-fasanenhof.de\/wp-content\/uploads\/2024\/07\/IMG_0916-1536x1152.jpg 1536w, https:\/\/grundschule-fasanenhof.de\/wp-content\/uploads\/2024\/07\/IMG_0916.jpg 2016w\" sizes=\"auto, (max-width: 1024px) 100vw, 1024px\" \/><\/figure>\n<\/figure>\n\n\n\n<h2 class=\"wp-block-heading\">Juni 2024 &#8211; Die 4c programmiert im Future Space<\/h2>\n\n\n\n<p>Die Klasse 4c nahm an einem Workshop zum Thema Programmieren im Future Space teil. Das Future Space ist ein wunderbarer au\u00dferschulischer Lernort in der Kasseler Innenstadt, an dem Sch\u00fcler Wissenschaft und Technik erleben und ausprobieren k\u00f6nnen. Die Basis ist das Wecken von Interesse. Zu Beginn erhielten wir eine Einf\u00fchrung in das Thema und lernten das Programm Scratch kennen. Ziel war es, mit diesem Programm ein Spiel zu erstellen. Dies erstellten die Kinder in Teams mit Unterst\u00fctzung der Workshopleiter. Am Ende des Workshops pr\u00e4sentierten alle Teams ihre selbst programmierten Spiele. Es war ein sehr interessanter und spannender Schultag. Vielen Dank an die Workshopleiter!<\/p>\n\n\n\n<figure class=\"wp-block-gallery has-nested-images columns-default is-cropped wp-block-gallery-29 is-layout-flex wp-block-gallery-is-layout-flex\">\n<figure class=\"wp-block-image size-large\"><img loading=\"lazy\" decoding=\"async\" width=\"768\" height=\"1024\" data-id=\"4216\" src=\"https:\/\/grundschule-fasanenhof.de\/wp-content\/uploads\/2024\/06\/1719760729083-768x1024.jpg\" alt=\"\" class=\"wp-image-4216\" srcset=\"https:\/\/grundschule-fasanenhof.de\/wp-content\/uploads\/2024\/06\/1719760729083-768x1024.jpg 768w, https:\/\/grundschule-fasanenhof.de\/wp-content\/uploads\/2024\/06\/1719760729083-225x300.jpg 225w, https:\/\/grundschule-fasanenhof.de\/wp-content\/uploads\/2024\/06\/1719760729083-1152x1536.jpg 1152w, https:\/\/grundschule-fasanenhof.de\/wp-content\/uploads\/2024\/06\/1719760729083.jpg 1200w\" sizes=\"auto, (max-width: 768px) 100vw, 768px\" \/><\/figure>\n\n\n\n<figure class=\"wp-block-image size-large\"><img loading=\"lazy\" decoding=\"async\" width=\"768\" height=\"1024\" data-id=\"4219\" src=\"https:\/\/grundschule-fasanenhof.de\/wp-content\/uploads\/2024\/06\/1719760729106-768x1024.jpg\" alt=\"\" class=\"wp-image-4219\" srcset=\"https:\/\/grundschule-fasanenhof.de\/wp-content\/uploads\/2024\/06\/1719760729106-768x1024.jpg 768w, https:\/\/grundschule-fasanenhof.de\/wp-content\/uploads\/2024\/06\/1719760729106-225x300.jpg 225w, https:\/\/grundschule-fasanenhof.de\/wp-content\/uploads\/2024\/06\/1719760729106-1152x1536.jpg 1152w, https:\/\/grundschule-fasanenhof.de\/wp-content\/uploads\/2024\/06\/1719760729106.jpg 1200w\" sizes=\"auto, (max-width: 768px) 100vw, 768px\" \/><\/figure>\n\n\n\n<figure class=\"wp-block-image size-large\"><img loading=\"lazy\" decoding=\"async\" width=\"768\" height=\"1024\" data-id=\"4215\" src=\"https:\/\/grundschule-fasanenhof.de\/wp-content\/uploads\/2024\/06\/1719760729071-768x1024.jpg\" alt=\"\" class=\"wp-image-4215\" srcset=\"https:\/\/grundschule-fasanenhof.de\/wp-content\/uploads\/2024\/06\/1719760729071-768x1024.jpg 768w, https:\/\/grundschule-fasanenhof.de\/wp-content\/uploads\/2024\/06\/1719760729071-225x300.jpg 225w, https:\/\/grundschule-fasanenhof.de\/wp-content\/uploads\/2024\/06\/1719760729071-1152x1536.jpg 1152w, https:\/\/grundschule-fasanenhof.de\/wp-content\/uploads\/2024\/06\/1719760729071.jpg 1200w\" sizes=\"auto, (max-width: 768px) 100vw, 768px\" \/><\/figure>\n\n\n\n<figure class=\"wp-block-image size-large\"><img loading=\"lazy\" decoding=\"async\" width=\"768\" height=\"1024\" data-id=\"4218\" src=\"https:\/\/grundschule-fasanenhof.de\/wp-content\/uploads\/2024\/06\/1719760729061-768x1024.jpg\" alt=\"\" class=\"wp-image-4218\" srcset=\"https:\/\/grundschule-fasanenhof.de\/wp-content\/uploads\/2024\/06\/1719760729061-768x1024.jpg 768w, https:\/\/grundschule-fasanenhof.de\/wp-content\/uploads\/2024\/06\/1719760729061-225x300.jpg 225w, https:\/\/grundschule-fasanenhof.de\/wp-content\/uploads\/2024\/06\/1719760729061-1152x1536.jpg 1152w, https:\/\/grundschule-fasanenhof.de\/wp-content\/uploads\/2024\/06\/1719760729061.jpg 1200w\" sizes=\"auto, (max-width: 768px) 100vw, 768px\" \/><\/figure>\n\n\n\n<figure class=\"wp-block-image size-large\"><img loading=\"lazy\" decoding=\"async\" width=\"768\" height=\"1024\" data-id=\"4217\" src=\"https:\/\/grundschule-fasanenhof.de\/wp-content\/uploads\/2024\/06\/1719760729049-768x1024.jpg\" alt=\"\" class=\"wp-image-4217\" srcset=\"https:\/\/grundschule-fasanenhof.de\/wp-content\/uploads\/2024\/06\/1719760729049-768x1024.jpg 768w, https:\/\/grundschule-fasanenhof.de\/wp-content\/uploads\/2024\/06\/1719760729049-225x300.jpg 225w, https:\/\/grundschule-fasanenhof.de\/wp-content\/uploads\/2024\/06\/1719760729049-1152x1536.jpg 1152w, https:\/\/grundschule-fasanenhof.de\/wp-content\/uploads\/2024\/06\/1719760729049.jpg 1200w\" sizes=\"auto, (max-width: 768px) 100vw, 768px\" \/><\/figure>\n\n\n\n<figure class=\"wp-block-image size-large\"><img loading=\"lazy\" decoding=\"async\" width=\"768\" height=\"1024\" data-id=\"4220\" src=\"https:\/\/grundschule-fasanenhof.de\/wp-content\/uploads\/2024\/06\/1719760729040-768x1024.jpg\" alt=\"\" class=\"wp-image-4220\" srcset=\"https:\/\/grundschule-fasanenhof.de\/wp-content\/uploads\/2024\/06\/1719760729040-768x1024.jpg 768w, https:\/\/grundschule-fasanenhof.de\/wp-content\/uploads\/2024\/06\/1719760729040-225x300.jpg 225w, https:\/\/grundschule-fasanenhof.de\/wp-content\/uploads\/2024\/06\/1719760729040-1152x1536.jpg 1152w, https:\/\/grundschule-fasanenhof.de\/wp-content\/uploads\/2024\/06\/1719760729040.jpg 1200w\" sizes=\"auto, (max-width: 768px) 100vw, 768px\" \/><\/figure>\n<\/figure>\n\n\n\n<h2 class=\"wp-block-heading\">Juni 2024 &#8211; Koch- und Backtag der Klasse 4c<\/h2>\n\n\n\n<p>Wie lerne ich, ein leckeres Essen zu kochen?<\/p>\n\n\n\n<p>Dies fragten sich die Kinder im Vorfeld unseres Koch- und Backtages. Nach dem selbstst\u00e4ndigen Aussuchen eines Gerichtes sowie dem Organisieren und Einkaufen, bereiteten die Kinder in Kleingruppen verschiedene Gerichte zu. Es wurde gewogen, abgemessen, geschnitten und gesch\u00e4lt. Nat\u00fcrlich wurde zwischendurch auch flei\u00dfig genascht\u2026 Nach getaner Arbeit lie\u00dfen wir uns die Pizzaschnecken, den Gurkensalat, Farfalle mit Bolognese und Brokkoli-Sahne-Sauce, selbstgemachte Pommes, R\u00fchrei, Schokokuchen und eine Erdbeer-Quarkspeise schmecken. Lecker!<\/p>\n\n\n\n<p>Vielen Dank an die flei\u00dfigen Helferinnen!<\/p>\n\n\n\n<figure class=\"wp-block-image size-large\"><img loading=\"lazy\" decoding=\"async\" width=\"1024\" height=\"1024\" src=\"https:\/\/grundschule-fasanenhof.de\/wp-content\/uploads\/2024\/06\/1719760756908-1024x1024.jpg\" alt=\"\" class=\"wp-image-4209\" srcset=\"https:\/\/grundschule-fasanenhof.de\/wp-content\/uploads\/2024\/06\/1719760756908-1024x1024.jpg 1024w, https:\/\/grundschule-fasanenhof.de\/wp-content\/uploads\/2024\/06\/1719760756908-300x300.jpg 300w, https:\/\/grundschule-fasanenhof.de\/wp-content\/uploads\/2024\/06\/1719760756908-150x150.jpg 150w, https:\/\/grundschule-fasanenhof.de\/wp-content\/uploads\/2024\/06\/1719760756908-768x768.jpg 768w, https:\/\/grundschule-fasanenhof.de\/wp-content\/uploads\/2024\/06\/1719760756908-1536x1536.jpg 1536w, https:\/\/grundschule-fasanenhof.de\/wp-content\/uploads\/2024\/06\/1719760756908-70x70.jpg 70w, https:\/\/grundschule-fasanenhof.de\/wp-content\/uploads\/2024\/06\/1719760756908-246x246.jpg 246w, https:\/\/grundschule-fasanenhof.de\/wp-content\/uploads\/2024\/06\/1719760756908-276x276.jpg 276w, https:\/\/grundschule-fasanenhof.de\/wp-content\/uploads\/2024\/06\/1719760756908-125x125.jpg 125w, https:\/\/grundschule-fasanenhof.de\/wp-content\/uploads\/2024\/06\/1719760756908.jpg 2048w\" sizes=\"auto, (max-width: 1024px) 100vw, 1024px\" \/><\/figure>\n\n\n\n<h2 class=\"wp-block-heading\">26. Juni 2024 &#8211; Die Klasse 2c besucht die SinnesG\u00e4nge<\/h2>\n\n\n\n<p>Am 26. Juni 2024 fuhren wir mit Frau Ufer und Frau Reiss nach Oberkaufungen. Dort besuchten wir ein spannendes Ausflugsziel: die SinnesG\u00e4nge.<\/p>\n\n\n\n<p>An rund 50 Erfahrungsstationen hatten wir die M\u00f6glichkeit, unsere eigenen Sinne aktiv zu entdecken und zu erleben. Dabei erfuhren wir neue H\u00f6rerlebnisse am Gong, bestaunten die Formen des Sandpendels und des Wasserstrudels und trauten uns, den Weg durch den Dunkelgang zu gehen. Auch das Wetter spielte mit, so dass es eine rundum gelungene Exkursion war.<\/p>\n\n\n\n<figure class=\"wp-block-gallery has-nested-images columns-default is-cropped wp-block-gallery-30 is-layout-flex wp-block-gallery-is-layout-flex\">\n<figure class=\"wp-block-image size-large\"><img loading=\"lazy\" decoding=\"async\" width=\"768\" height=\"1024\" data-id=\"4214\" src=\"https:\/\/grundschule-fasanenhof.de\/wp-content\/uploads\/2024\/06\/1719760787421-768x1024.jpg\" alt=\"\" class=\"wp-image-4214\" srcset=\"https:\/\/grundschule-fasanenhof.de\/wp-content\/uploads\/2024\/06\/1719760787421-768x1024.jpg 768w, https:\/\/grundschule-fasanenhof.de\/wp-content\/uploads\/2024\/06\/1719760787421-225x300.jpg 225w, https:\/\/grundschule-fasanenhof.de\/wp-content\/uploads\/2024\/06\/1719760787421-1152x1536.jpg 1152w, https:\/\/grundschule-fasanenhof.de\/wp-content\/uploads\/2024\/06\/1719760787421.jpg 1200w\" sizes=\"auto, (max-width: 768px) 100vw, 768px\" \/><\/figure>\n\n\n\n<figure class=\"wp-block-image size-large\"><img loading=\"lazy\" decoding=\"async\" width=\"682\" height=\"1024\" data-id=\"4211\" src=\"https:\/\/grundschule-fasanenhof.de\/wp-content\/uploads\/2024\/06\/1719760787415-682x1024.jpg\" alt=\"\" class=\"wp-image-4211\" srcset=\"https:\/\/grundschule-fasanenhof.de\/wp-content\/uploads\/2024\/06\/1719760787415-682x1024.jpg 682w, https:\/\/grundschule-fasanenhof.de\/wp-content\/uploads\/2024\/06\/1719760787415-200x300.jpg 200w, https:\/\/grundschule-fasanenhof.de\/wp-content\/uploads\/2024\/06\/1719760787415-768x1153.jpg 768w, https:\/\/grundschule-fasanenhof.de\/wp-content\/uploads\/2024\/06\/1719760787415-1023x1536.jpg 1023w, https:\/\/grundschule-fasanenhof.de\/wp-content\/uploads\/2024\/06\/1719760787415.jpg 1066w\" sizes=\"auto, (max-width: 682px) 100vw, 682px\" \/><\/figure>\n\n\n\n<figure class=\"wp-block-image size-large\"><img loading=\"lazy\" decoding=\"async\" width=\"768\" height=\"1024\" data-id=\"4212\" src=\"https:\/\/grundschule-fasanenhof.de\/wp-content\/uploads\/2024\/06\/1719760787403-768x1024.jpg\" alt=\"\" class=\"wp-image-4212\" srcset=\"https:\/\/grundschule-fasanenhof.de\/wp-content\/uploads\/2024\/06\/1719760787403-768x1024.jpg 768w, https:\/\/grundschule-fasanenhof.de\/wp-content\/uploads\/2024\/06\/1719760787403-225x300.jpg 225w, https:\/\/grundschule-fasanenhof.de\/wp-content\/uploads\/2024\/06\/1719760787403-1152x1536.jpg 1152w, https:\/\/grundschule-fasanenhof.de\/wp-content\/uploads\/2024\/06\/1719760787403.jpg 1200w\" sizes=\"auto, (max-width: 768px) 100vw, 768px\" \/><\/figure>\n\n\n\n<figure class=\"wp-block-image size-large\"><img loading=\"lazy\" decoding=\"async\" width=\"768\" height=\"1024\" data-id=\"4213\" src=\"https:\/\/grundschule-fasanenhof.de\/wp-content\/uploads\/2024\/06\/1719760787393-768x1024.jpg\" alt=\"\" class=\"wp-image-4213\" srcset=\"https:\/\/grundschule-fasanenhof.de\/wp-content\/uploads\/2024\/06\/1719760787393-768x1024.jpg 768w, https:\/\/grundschule-fasanenhof.de\/wp-content\/uploads\/2024\/06\/1719760787393-225x300.jpg 225w, https:\/\/grundschule-fasanenhof.de\/wp-content\/uploads\/2024\/06\/1719760787393-1152x1536.jpg 1152w, https:\/\/grundschule-fasanenhof.de\/wp-content\/uploads\/2024\/06\/1719760787393.jpg 1200w\" sizes=\"auto, (max-width: 768px) 100vw, 768px\" \/><\/figure>\n<\/figure>\n\n\n\n<h2 class=\"wp-block-heading\">25. Juni 2024 -Stadtrundgang der 4c mit Besuch des Glockenturms der Martinskirche<\/h2>\n\n\n\n<p>Am 25. Juni besuchte die Klasse 4c das Stadtmuseum Kassel und nahm dort an einer spannenden F\u00fchrung zur Stadtentwicklung teil. Im Anschluss machten wir uns auf den Weg zu einem gef\u00fchrten Stadtrundgang, bei dem wir uns die verbliebenen historischen Orte von Kassel anschauten. Als H\u00f6hepunkt kletterten wir in den Glockenturm der Martinskirche und genossen den sch\u00f6nen Ausblick auf die Stadt.<\/p>\n\n\n\n<h2 class=\"wp-block-heading\">19. Juni 2024 &#8211; Waldjugendspiele in Simmershausen<\/h2>\n\n\n\n<p>Der Jahrgang 3 nahmen dieses Jahr an den Waldjugendspielen in Simmershausen teil. Das Wetter war schlecht, aber wie hei\u00dft es so sch\u00f6n: Es gibt kein schlechtes Wetter, nur schlechte Kleidung und so gingen wir los, um uns im Reinhardswald mit Holz zu besch\u00e4ftigen, Baumarten zu unterscheiden, ein St\u00fcck Holz zu s\u00e4gen, das so viel wiegt wie ein St\u00fcck Butter, wir sahen viele ausgestopfte Wildtiere und lernten, wie sie leben, spielten ein Spiel, wo wir unser Wissen \u00fcber Tiere in der Luft, im Wasser, in der Erde zeigen mussten und schlichen ganz ganz leise wie Indianer durch den Wald, um rechts und links aufgestellte Papp-Tiere zu finden und konnten noch unser Wissen \u00fcber Grimms M\u00e4rchen loswerden.<\/p>\n\n\n\n<p>Ein verregneter, aber interessanter Ausflug, bei dem wir den Duft des Waldes besonders wahrnahmen.<\/p>\n\n\n\n<figure class=\"wp-block-gallery has-nested-images columns-default is-cropped wp-block-gallery-31 is-layout-flex wp-block-gallery-is-layout-flex\">\n<figure class=\"wp-block-image size-large\"><img loading=\"lazy\" decoding=\"async\" width=\"768\" height=\"1024\" data-id=\"4182\" src=\"https:\/\/grundschule-fasanenhof.de\/wp-content\/uploads\/2024\/06\/C545C456-501F-4B9D-B755-C7650D004069-1-768x1024.jpeg\" alt=\"\" class=\"wp-image-4182\" srcset=\"https:\/\/grundschule-fasanenhof.de\/wp-content\/uploads\/2024\/06\/C545C456-501F-4B9D-B755-C7650D004069-1-768x1024.jpeg 768w, https:\/\/grundschule-fasanenhof.de\/wp-content\/uploads\/2024\/06\/C545C456-501F-4B9D-B755-C7650D004069-1-225x300.jpeg 225w, https:\/\/grundschule-fasanenhof.de\/wp-content\/uploads\/2024\/06\/C545C456-501F-4B9D-B755-C7650D004069-1-1152x1536.jpeg 1152w, https:\/\/grundschule-fasanenhof.de\/wp-content\/uploads\/2024\/06\/C545C456-501F-4B9D-B755-C7650D004069-1-1536x2048.jpeg 1536w, https:\/\/grundschule-fasanenhof.de\/wp-content\/uploads\/2024\/06\/C545C456-501F-4B9D-B755-C7650D004069-1-scaled.jpeg 1920w\" sizes=\"auto, (max-width: 768px) 100vw, 768px\" \/><\/figure>\n\n\n\n<figure class=\"wp-block-image size-large\"><img loading=\"lazy\" decoding=\"async\" width=\"576\" height=\"1024\" data-id=\"4180\" src=\"https:\/\/grundschule-fasanenhof.de\/wp-content\/uploads\/2024\/06\/587E0609-C455-4B71-B352-C28B112D2EB2-576x1024.jpeg\" alt=\"\" class=\"wp-image-4180\" srcset=\"https:\/\/grundschule-fasanenhof.de\/wp-content\/uploads\/2024\/06\/587E0609-C455-4B71-B352-C28B112D2EB2-576x1024.jpeg 576w, https:\/\/grundschule-fasanenhof.de\/wp-content\/uploads\/2024\/06\/587E0609-C455-4B71-B352-C28B112D2EB2-169x300.jpeg 169w, https:\/\/grundschule-fasanenhof.de\/wp-content\/uploads\/2024\/06\/587E0609-C455-4B71-B352-C28B112D2EB2-768x1365.jpeg 768w, https:\/\/grundschule-fasanenhof.de\/wp-content\/uploads\/2024\/06\/587E0609-C455-4B71-B352-C28B112D2EB2-864x1536.jpeg 864w, https:\/\/grundschule-fasanenhof.de\/wp-content\/uploads\/2024\/06\/587E0609-C455-4B71-B352-C28B112D2EB2-1152x2048.jpeg 1152w, https:\/\/grundschule-fasanenhof.de\/wp-content\/uploads\/2024\/06\/587E0609-C455-4B71-B352-C28B112D2EB2-scaled.jpeg 1440w\" sizes=\"auto, (max-width: 576px) 100vw, 576px\" \/><\/figure>\n\n\n\n<figure class=\"wp-block-image size-large\"><img loading=\"lazy\" decoding=\"async\" width=\"768\" height=\"1024\" data-id=\"4181\" src=\"https:\/\/grundschule-fasanenhof.de\/wp-content\/uploads\/2024\/06\/50CF497F-00B6-4FF2-8F59-C7739C834762-768x1024.jpeg\" alt=\"\" class=\"wp-image-4181\" srcset=\"https:\/\/grundschule-fasanenhof.de\/wp-content\/uploads\/2024\/06\/50CF497F-00B6-4FF2-8F59-C7739C834762-768x1024.jpeg 768w, https:\/\/grundschule-fasanenhof.de\/wp-content\/uploads\/2024\/06\/50CF497F-00B6-4FF2-8F59-C7739C834762-225x300.jpeg 225w, https:\/\/grundschule-fasanenhof.de\/wp-content\/uploads\/2024\/06\/50CF497F-00B6-4FF2-8F59-C7739C834762-1152x1536.jpeg 1152w, https:\/\/grundschule-fasanenhof.de\/wp-content\/uploads\/2024\/06\/50CF497F-00B6-4FF2-8F59-C7739C834762-1536x2048.jpeg 1536w, https:\/\/grundschule-fasanenhof.de\/wp-content\/uploads\/2024\/06\/50CF497F-00B6-4FF2-8F59-C7739C834762-scaled.jpeg 1920w\" sizes=\"auto, (max-width: 768px) 100vw, 768px\" \/><\/figure>\n<\/figure>\n\n\n\n<h2 class=\"wp-block-heading\">12. Juni 2024 &#8211; Alte Meister und Playmobil<\/h2>\n\n\n\n<p>Am 12.06.24 besuchte die Klasse 4c die Gem\u00e4ldegalerie im Schloss Wilhelmsh\u00f6he. Da die Kinder im Kunstunterricht eigene Selbstportr\u00e4ts gezeichnet hatten, waren sie gespannt auf die Selbstportr\u00e4ts ber\u00fchmter K\u00fcnstler aus vergangenen Jahrhunderten. Die Gem\u00e4lde dieser Alten Meister werden zur Zeit durch lustige Szenen mit Playmobilfiguren erg\u00e4nzt. Nebenbei erfuhren die Kinder bei einer spannenden F\u00fchrung, welche Heldentaten Herkules erlebt hat.<\/p>\n\n\n\n<figure class=\"wp-block-gallery has-nested-images columns-default is-cropped wp-block-gallery-32 is-layout-flex wp-block-gallery-is-layout-flex\">\n<figure class=\"wp-block-image size-large\"><img loading=\"lazy\" decoding=\"async\" width=\"1024\" height=\"768\" data-id=\"4176\" src=\"https:\/\/grundschule-fasanenhof.de\/wp-content\/uploads\/2024\/06\/1718725598118-1024x768.jpg\" alt=\"\" class=\"wp-image-4176\" srcset=\"https:\/\/grundschule-fasanenhof.de\/wp-content\/uploads\/2024\/06\/1718725598118-1024x768.jpg 1024w, https:\/\/grundschule-fasanenhof.de\/wp-content\/uploads\/2024\/06\/1718725598118-300x225.jpg 300w, https:\/\/grundschule-fasanenhof.de\/wp-content\/uploads\/2024\/06\/1718725598118-768x576.jpg 768w, https:\/\/grundschule-fasanenhof.de\/wp-content\/uploads\/2024\/06\/1718725598118-1536x1152.jpg 1536w, https:\/\/grundschule-fasanenhof.de\/wp-content\/uploads\/2024\/06\/1718725598118.jpg 2048w\" sizes=\"auto, (max-width: 1024px) 100vw, 1024px\" \/><\/figure>\n\n\n\n<figure class=\"wp-block-image size-large\"><img loading=\"lazy\" decoding=\"async\" width=\"1024\" height=\"768\" data-id=\"4177\" src=\"https:\/\/grundschule-fasanenhof.de\/wp-content\/uploads\/2024\/06\/1718725598110-1024x768.jpg\" alt=\"\" class=\"wp-image-4177\" srcset=\"https:\/\/grundschule-fasanenhof.de\/wp-content\/uploads\/2024\/06\/1718725598110-1024x768.jpg 1024w, https:\/\/grundschule-fasanenhof.de\/wp-content\/uploads\/2024\/06\/1718725598110-300x225.jpg 300w, https:\/\/grundschule-fasanenhof.de\/wp-content\/uploads\/2024\/06\/1718725598110-768x576.jpg 768w, https:\/\/grundschule-fasanenhof.de\/wp-content\/uploads\/2024\/06\/1718725598110-1536x1152.jpg 1536w, https:\/\/grundschule-fasanenhof.de\/wp-content\/uploads\/2024\/06\/1718725598110.jpg 1600w\" sizes=\"auto, (max-width: 1024px) 100vw, 1024px\" \/><\/figure>\n<\/figure>\n\n\n\n<h2 class=\"wp-block-heading\">27. Mai 2024 &#8211; Das Spielraumtheater war wieder da<\/h2>\n\n\n\n<p>Am Montag besuchten uns Stefan Becker und Gisela Honens. In der Aula spielten sie f\u00fcr die Sch\u00fcler und Lehrkr\u00e4fte das politisch aktuelle St\u00fcck &#8222;Der Aufsatz&#8220; und  die lustige Geschichte &#8222;Die Piratenprinzessin Malwilda&#8220;. Gro\u00df und Klein lauschten gespannt und hatten eine tolle Zeit.<\/p>\n\n\n\n<figure class=\"wp-block-gallery has-nested-images columns-default is-cropped wp-block-gallery-33 is-layout-flex wp-block-gallery-is-layout-flex\">\n<figure class=\"wp-block-image size-large\"><img loading=\"lazy\" decoding=\"async\" width=\"1024\" height=\"576\" data-id=\"4099\" src=\"https:\/\/grundschule-fasanenhof.de\/wp-content\/uploads\/2022\/09\/1716813266340-1024x576.jpg\" alt=\"\" class=\"wp-image-4099\" srcset=\"https:\/\/grundschule-fasanenhof.de\/wp-content\/uploads\/2022\/09\/1716813266340-1024x576.jpg 1024w, https:\/\/grundschule-fasanenhof.de\/wp-content\/uploads\/2022\/09\/1716813266340-300x169.jpg 300w, https:\/\/grundschule-fasanenhof.de\/wp-content\/uploads\/2022\/09\/1716813266340-768x432.jpg 768w, https:\/\/grundschule-fasanenhof.de\/wp-content\/uploads\/2022\/09\/1716813266340-1536x864.jpg 1536w, https:\/\/grundschule-fasanenhof.de\/wp-content\/uploads\/2022\/09\/1716813266340-2048x1152.jpg 2048w\" sizes=\"auto, (max-width: 1024px) 100vw, 1024px\" \/><\/figure>\n\n\n\n<figure class=\"wp-block-image size-large\"><img loading=\"lazy\" decoding=\"async\" width=\"1024\" height=\"768\" data-id=\"4097\" src=\"https:\/\/grundschule-fasanenhof.de\/wp-content\/uploads\/2024\/05\/IMG_3454-1024x768.jpg\" alt=\"\" class=\"wp-image-4097\" srcset=\"https:\/\/grundschule-fasanenhof.de\/wp-content\/uploads\/2024\/05\/IMG_3454-1024x768.jpg 1024w, https:\/\/grundschule-fasanenhof.de\/wp-content\/uploads\/2024\/05\/IMG_3454-300x225.jpg 300w, https:\/\/grundschule-fasanenhof.de\/wp-content\/uploads\/2024\/05\/IMG_3454-768x576.jpg 768w, https:\/\/grundschule-fasanenhof.de\/wp-content\/uploads\/2024\/05\/IMG_3454-1536x1152.jpg 1536w, https:\/\/grundschule-fasanenhof.de\/wp-content\/uploads\/2024\/05\/IMG_3454-2048x1536.jpg 2048w\" sizes=\"auto, (max-width: 1024px) 100vw, 1024px\" \/><\/figure>\n<\/figure>\n\n\n\n<h2 class=\"wp-block-heading\">21. Mai 2024 &#8211; Die 1c t\u00f6pfert und nagelt flei\u00dfig<\/h2>\n\n\n\n<p>Am Dienstag besuchte die Klasse 1c zusammen mit Frau Kn\u00f6chelmann, Herrn Fricke und Frau Rauch die Keramik- und Holzwerkstatt am Unistandort in der Heinrich-Plett-Stra\u00dfe. Vor Ort t\u00f6pferten die Kinder unter Anleitung von Frau Kn\u00f6chelmann coole Monster und dekorative Schalen, die dann mit Hilfe eines Pinsels glasiert wurden. In der Holzwerkstatt lernten die Kinder einen Nagel mit einer Nagelhilfe einzuschlagen. Die eingeschlagenen N\u00e4gel wurden anschlie\u00dfend mit Wolle umspannt, sodass ein tolles Nagelbild entstand. Sowohl die Kinder als auch die Erwachsenen hatten sichtlich Spa\u00df und freuten sich \u00fcber die tollen Arbeitsergebnisse.<\/p>\n\n\n\n<figure class=\"wp-block-gallery has-nested-images columns-default is-cropped wp-block-gallery-34 is-layout-flex wp-block-gallery-is-layout-flex\">\n<figure class=\"wp-block-image size-large\"><img loading=\"lazy\" decoding=\"async\" width=\"1024\" height=\"576\" data-id=\"4093\" src=\"https:\/\/grundschule-fasanenhof.de\/wp-content\/uploads\/2024\/05\/1716813375832-1024x576.jpg\" alt=\"\" class=\"wp-image-4093\" srcset=\"https:\/\/grundschule-fasanenhof.de\/wp-content\/uploads\/2024\/05\/1716813375832-1024x576.jpg 1024w, https:\/\/grundschule-fasanenhof.de\/wp-content\/uploads\/2024\/05\/1716813375832-300x169.jpg 300w, https:\/\/grundschule-fasanenhof.de\/wp-content\/uploads\/2024\/05\/1716813375832-768x432.jpg 768w, https:\/\/grundschule-fasanenhof.de\/wp-content\/uploads\/2024\/05\/1716813375832-1536x864.jpg 1536w, https:\/\/grundschule-fasanenhof.de\/wp-content\/uploads\/2024\/05\/1716813375832-2048x1152.jpg 2048w\" sizes=\"auto, (max-width: 1024px) 100vw, 1024px\" \/><\/figure>\n\n\n\n<figure class=\"wp-block-image size-large\"><img loading=\"lazy\" decoding=\"async\" width=\"1024\" height=\"576\" data-id=\"4092\" src=\"https:\/\/grundschule-fasanenhof.de\/wp-content\/uploads\/2024\/05\/1716813375846-1024x576.jpg\" alt=\"\" class=\"wp-image-4092\" srcset=\"https:\/\/grundschule-fasanenhof.de\/wp-content\/uploads\/2024\/05\/1716813375846-1024x576.jpg 1024w, https:\/\/grundschule-fasanenhof.de\/wp-content\/uploads\/2024\/05\/1716813375846-300x169.jpg 300w, https:\/\/grundschule-fasanenhof.de\/wp-content\/uploads\/2024\/05\/1716813375846-768x432.jpg 768w, https:\/\/grundschule-fasanenhof.de\/wp-content\/uploads\/2024\/05\/1716813375846-1536x864.jpg 1536w, https:\/\/grundschule-fasanenhof.de\/wp-content\/uploads\/2024\/05\/1716813375846-2048x1152.jpg 2048w\" sizes=\"auto, (max-width: 1024px) 100vw, 1024px\" \/><\/figure>\n\n\n\n<figure class=\"wp-block-image size-large\"><img loading=\"lazy\" decoding=\"async\" width=\"1024\" height=\"576\" data-id=\"4094\" src=\"https:\/\/grundschule-fasanenhof.de\/wp-content\/uploads\/2024\/05\/1716813375852-1024x576.jpg\" alt=\"\" class=\"wp-image-4094\" srcset=\"https:\/\/grundschule-fasanenhof.de\/wp-content\/uploads\/2024\/05\/1716813375852-1024x576.jpg 1024w, https:\/\/grundschule-fasanenhof.de\/wp-content\/uploads\/2024\/05\/1716813375852-300x169.jpg 300w, https:\/\/grundschule-fasanenhof.de\/wp-content\/uploads\/2024\/05\/1716813375852-768x432.jpg 768w, https:\/\/grundschule-fasanenhof.de\/wp-content\/uploads\/2024\/05\/1716813375852-1536x864.jpg 1536w, https:\/\/grundschule-fasanenhof.de\/wp-content\/uploads\/2024\/05\/1716813375852-2048x1152.jpg 2048w\" sizes=\"auto, (max-width: 1024px) 100vw, 1024px\" \/><\/figure>\n\n\n\n<figure class=\"wp-block-image size-large\"><img loading=\"lazy\" decoding=\"async\" width=\"768\" height=\"1024\" data-id=\"4091\" src=\"https:\/\/grundschule-fasanenhof.de\/wp-content\/uploads\/2024\/05\/7141842963464882819-768x1024.jpg\" alt=\"\" class=\"wp-image-4091\" srcset=\"https:\/\/grundschule-fasanenhof.de\/wp-content\/uploads\/2024\/05\/7141842963464882819-768x1024.jpg 768w, https:\/\/grundschule-fasanenhof.de\/wp-content\/uploads\/2024\/05\/7141842963464882819-225x300.jpg 225w, https:\/\/grundschule-fasanenhof.de\/wp-content\/uploads\/2024\/05\/7141842963464882819-1152x1536.jpg 1152w, https:\/\/grundschule-fasanenhof.de\/wp-content\/uploads\/2024\/05\/7141842963464882819.jpg 1200w\" sizes=\"auto, (max-width: 768px) 100vw, 768px\" \/><\/figure>\n\n\n\n<figure class=\"wp-block-image size-large\"><img loading=\"lazy\" decoding=\"async\" width=\"768\" height=\"1024\" data-id=\"4258\" src=\"https:\/\/grundschule-fasanenhof.de\/wp-content\/uploads\/2024\/07\/20240618_123118-768x1024.jpg\" alt=\"\" class=\"wp-image-4258\" srcset=\"https:\/\/grundschule-fasanenhof.de\/wp-content\/uploads\/2024\/07\/20240618_123118-768x1024.jpg 768w, https:\/\/grundschule-fasanenhof.de\/wp-content\/uploads\/2024\/07\/20240618_123118-225x300.jpg 225w, https:\/\/grundschule-fasanenhof.de\/wp-content\/uploads\/2024\/07\/20240618_123118-1152x1536.jpg 1152w, https:\/\/grundschule-fasanenhof.de\/wp-content\/uploads\/2024\/07\/20240618_123118-1536x2048.jpg 1536w, https:\/\/grundschule-fasanenhof.de\/wp-content\/uploads\/2024\/07\/20240618_123118-scaled.jpg 1920w\" sizes=\"auto, (max-width: 768px) 100vw, 768px\" \/><\/figure>\n\n\n\n<figure class=\"wp-block-image size-large\"><img loading=\"lazy\" decoding=\"async\" width=\"576\" height=\"1024\" data-id=\"4259\" src=\"https:\/\/grundschule-fasanenhof.de\/wp-content\/uploads\/2024\/07\/IMG-20240618-WA0007-576x1024.jpeg\" alt=\"\" class=\"wp-image-4259\" srcset=\"https:\/\/grundschule-fasanenhof.de\/wp-content\/uploads\/2024\/07\/IMG-20240618-WA0007-576x1024.jpeg 576w, https:\/\/grundschule-fasanenhof.de\/wp-content\/uploads\/2024\/07\/IMG-20240618-WA0007-169x300.jpeg 169w, https:\/\/grundschule-fasanenhof.de\/wp-content\/uploads\/2024\/07\/IMG-20240618-WA0007-768x1365.jpeg 768w, https:\/\/grundschule-fasanenhof.de\/wp-content\/uploads\/2024\/07\/IMG-20240618-WA0007-864x1536.jpeg 864w, https:\/\/grundschule-fasanenhof.de\/wp-content\/uploads\/2024\/07\/IMG-20240618-WA0007-1152x2048.jpeg 1152w, https:\/\/grundschule-fasanenhof.de\/wp-content\/uploads\/2024\/07\/IMG-20240618-WA0007-scaled.jpeg 1440w\" sizes=\"auto, (max-width: 576px) 100vw, 576px\" \/><\/figure>\n<\/figure>\n\n\n\n<h2 class=\"wp-block-heading\">M\u00e4rz 2024 &#8211; Skipping Hearts Workshop in der Klasse 4c:<br>Mit kleinen Spr\u00fcngen viel erreichen<\/h2>\n\n\n\n<p>Basic Jump, Side Straddle, Criss Cross? Dahinter stecken verschiedene Spr\u00fcnge mit<br>dem Seil, die die Kinder im Rahmen unseres Skipping Hearts Workshops der<br>Deutschen Herzstiftung ausprobieren konnten. Mit Einzel- und Partnerspr\u00fcngen<br>sowie Teamaufgaben trainierten die Kinder an einem Schultag ihre sportmotorische<br>Basis, wie Schnelligkeit, Ausdauer, Beweglichkeit und Koordination. Auch wenn<br>manche Spr\u00fcnge anstrengend waren, machte das Training allen sehr viel Spa\u00df! Toll<br>fanden wir es, dass auch einige M\u00fctter und die Kinder der Klasse 3c die Spr\u00fcnge<br>ausprobierten.<\/p>\n\n\n\n<figure class=\"wp-block-gallery has-nested-images columns-default is-cropped wp-block-gallery-35 is-layout-flex wp-block-gallery-is-layout-flex\">\n<figure class=\"wp-block-image size-large\"><img loading=\"lazy\" decoding=\"async\" width=\"779\" height=\"676\" data-id=\"3967\" src=\"https:\/\/grundschule-fasanenhof.de\/wp-content\/uploads\/2024\/03\/4fb777b0-1dc8-47b3-a761-9d819fe5ad1f.jpg\" alt=\"\" class=\"wp-image-3967\" srcset=\"https:\/\/grundschule-fasanenhof.de\/wp-content\/uploads\/2024\/03\/4fb777b0-1dc8-47b3-a761-9d819fe5ad1f.jpg 779w, https:\/\/grundschule-fasanenhof.de\/wp-content\/uploads\/2024\/03\/4fb777b0-1dc8-47b3-a761-9d819fe5ad1f-300x260.jpg 300w, https:\/\/grundschule-fasanenhof.de\/wp-content\/uploads\/2024\/03\/4fb777b0-1dc8-47b3-a761-9d819fe5ad1f-768x666.jpg 768w\" sizes=\"auto, (max-width: 779px) 100vw, 779px\" \/><\/figure>\n\n\n\n<figure class=\"wp-block-image size-large\"><img loading=\"lazy\" decoding=\"async\" width=\"507\" height=\"676\" data-id=\"3966\" src=\"https:\/\/grundschule-fasanenhof.de\/wp-content\/uploads\/2024\/03\/76edaf8b-3154-4f96-8a66-08fe59e0d2a5-1.jpg\" alt=\"\" class=\"wp-image-3966\" srcset=\"https:\/\/grundschule-fasanenhof.de\/wp-content\/uploads\/2024\/03\/76edaf8b-3154-4f96-8a66-08fe59e0d2a5-1.jpg 507w, https:\/\/grundschule-fasanenhof.de\/wp-content\/uploads\/2024\/03\/76edaf8b-3154-4f96-8a66-08fe59e0d2a5-1-225x300.jpg 225w\" sizes=\"auto, (max-width: 507px) 100vw, 507px\" \/><\/figure>\n<\/figure>\n\n\n\n<h2 class=\"wp-block-heading\">22. Februar 2024 &#8211; Aktionstag gegen Mobbing<\/h2>\n\n\n\n<p>Am Donnerstag setzte die Fasanenhofschule ein klares Statement gegen Mobbing. Am Anti-Mobbing-Tag kamen die Sch\u00fclerschaft und das p\u00e4dagogische Personal mit pinken Shirts in die Schule und es wurden rosa Armb\u00e4nder getragen. Im Vorfeld fanden in jeder Klasse Gespr\u00e4che zum Thema Mobbing und dessen Auswirkung auf die Opfer statt. Die Urspr\u00fcnge des Aktionstags liegen in Kanada: David Shepherd und Travis Price aus Berwick in Nova Scotia kauften 2007 50 rosa Hemden und verteilten diese an ihrer Schule, nachdem der m\u00e4nnliche Neuntkl\u00e4ssler Chuck McNeill gemobbt wurde, weil er am  ersten Schultag ein rosa Hemd getragen hatte. In Nova Scotia rief der Premierminster in Anerkennung dieser Ereignisse zum \u201eStand Up Against Mobbing Day\u201c auf. Das Ereignis findet mittlerweile weltweit statt.<\/p>\n\n\n\n<figure class=\"wp-block-gallery has-nested-images columns-default is-cropped wp-block-gallery-36 is-layout-flex wp-block-gallery-is-layout-flex\">\n<figure class=\"wp-block-image size-large\"><img loading=\"lazy\" decoding=\"async\" width=\"1024\" height=\"768\" data-id=\"3945\" src=\"https:\/\/grundschule-fasanenhof.de\/wp-content\/uploads\/2024\/02\/image0-1024x768.jpeg\" alt=\"\" class=\"wp-image-3945\" srcset=\"https:\/\/grundschule-fasanenhof.de\/wp-content\/uploads\/2024\/02\/image0-1024x768.jpeg 1024w, https:\/\/grundschule-fasanenhof.de\/wp-content\/uploads\/2024\/02\/image0-300x225.jpeg 300w, https:\/\/grundschule-fasanenhof.de\/wp-content\/uploads\/2024\/02\/image0-768x576.jpeg 768w, https:\/\/grundschule-fasanenhof.de\/wp-content\/uploads\/2024\/02\/image0-1536x1152.jpeg 1536w, https:\/\/grundschule-fasanenhof.de\/wp-content\/uploads\/2024\/02\/image0.jpeg 2016w\" sizes=\"auto, (max-width: 1024px) 100vw, 1024px\" \/><\/figure>\n\n\n\n<figure class=\"wp-block-image size-large\"><img loading=\"lazy\" decoding=\"async\" width=\"1024\" height=\"577\" data-id=\"3944\" src=\"https:\/\/grundschule-fasanenhof.de\/wp-content\/uploads\/2024\/02\/6f96fccc-cf62-43f2-9897-a63570bf0cbf-1024x577.jpg\" alt=\"\" class=\"wp-image-3944\" srcset=\"https:\/\/grundschule-fasanenhof.de\/wp-content\/uploads\/2024\/02\/6f96fccc-cf62-43f2-9897-a63570bf0cbf-1024x577.jpg 1024w, https:\/\/grundschule-fasanenhof.de\/wp-content\/uploads\/2024\/02\/6f96fccc-cf62-43f2-9897-a63570bf0cbf-300x169.jpg 300w, https:\/\/grundschule-fasanenhof.de\/wp-content\/uploads\/2024\/02\/6f96fccc-cf62-43f2-9897-a63570bf0cbf-768x433.jpg 768w, https:\/\/grundschule-fasanenhof.de\/wp-content\/uploads\/2024\/02\/6f96fccc-cf62-43f2-9897-a63570bf0cbf.jpg 1200w\" sizes=\"auto, (max-width: 1024px) 100vw, 1024px\" \/><\/figure>\n<\/figure>\n\n\n\n<h2 class=\"wp-block-heading\">20. Februar 2024 &#8211; Hurra, 100 Schultage!<\/h2>\n\n\n\n<p>Am Dienstag feierte die Klasse 1c ihren 100. Tag an der Fasanenhofschule. Viele Aufgaben rund ums Thema 100 wurden an verschiedenen Stationen gel\u00f6st: 100 Smarties mit Hilfe einer Strichliste z\u00e4hlen, ein 100 Teile Puzzle puzzeln, sich selbst mit 100 Jahren malen, ein Monster mit 100 Augen gestalten, eine Krone zum Anlass basteln und sch\u00e4tzen, wie viel 100 Nudeln sind. Die Kinder hatten sichtlich Spa\u00df an den Aufgaben und haben motiviert und flei\u00dfig gearbeitet! Es war ein toller und besonderer Tag.<\/p>\n\n\n\n<figure class=\"wp-block-gallery has-nested-images columns-default is-cropped wp-block-gallery-37 is-layout-flex wp-block-gallery-is-layout-flex\">\n<figure class=\"wp-block-image size-large\"><img loading=\"lazy\" decoding=\"async\" width=\"576\" height=\"1024\" data-id=\"3930\" src=\"https:\/\/grundschule-fasanenhof.de\/wp-content\/uploads\/2024\/02\/1000020740-576x1024.jpg\" alt=\"\" class=\"wp-image-3930\" srcset=\"https:\/\/grundschule-fasanenhof.de\/wp-content\/uploads\/2024\/02\/1000020740-576x1024.jpg 576w, https:\/\/grundschule-fasanenhof.de\/wp-content\/uploads\/2024\/02\/1000020740-169x300.jpg 169w, https:\/\/grundschule-fasanenhof.de\/wp-content\/uploads\/2024\/02\/1000020740-768x1366.jpg 768w, https:\/\/grundschule-fasanenhof.de\/wp-content\/uploads\/2024\/02\/1000020740-864x1536.jpg 864w, https:\/\/grundschule-fasanenhof.de\/wp-content\/uploads\/2024\/02\/1000020740-1152x2048.jpg 1152w, https:\/\/grundschule-fasanenhof.de\/wp-content\/uploads\/2024\/02\/1000020740-scaled.jpg 1439w\" sizes=\"auto, (max-width: 576px) 100vw, 576px\" \/><\/figure>\n\n\n\n<figure class=\"wp-block-image size-large\"><img loading=\"lazy\" decoding=\"async\" width=\"1024\" height=\"576\" data-id=\"3926\" src=\"https:\/\/grundschule-fasanenhof.de\/wp-content\/uploads\/2024\/02\/1000020750-1024x576.jpg\" alt=\"\" class=\"wp-image-3926\" srcset=\"https:\/\/grundschule-fasanenhof.de\/wp-content\/uploads\/2024\/02\/1000020750-1024x576.jpg 1024w, https:\/\/grundschule-fasanenhof.de\/wp-content\/uploads\/2024\/02\/1000020750-300x169.jpg 300w, https:\/\/grundschule-fasanenhof.de\/wp-content\/uploads\/2024\/02\/1000020750-768x432.jpg 768w, https:\/\/grundschule-fasanenhof.de\/wp-content\/uploads\/2024\/02\/1000020750-1536x864.jpg 1536w, https:\/\/grundschule-fasanenhof.de\/wp-content\/uploads\/2024\/02\/1000020750-2048x1152.jpg 2048w\" sizes=\"auto, (max-width: 1024px) 100vw, 1024px\" \/><\/figure>\n\n\n\n<figure class=\"wp-block-image size-large\"><img loading=\"lazy\" decoding=\"async\" width=\"576\" height=\"1024\" data-id=\"3928\" src=\"https:\/\/grundschule-fasanenhof.de\/wp-content\/uploads\/2024\/02\/1000020738-576x1024.jpg\" alt=\"\" class=\"wp-image-3928\" srcset=\"https:\/\/grundschule-fasanenhof.de\/wp-content\/uploads\/2024\/02\/1000020738-576x1024.jpg 576w, https:\/\/grundschule-fasanenhof.de\/wp-content\/uploads\/2024\/02\/1000020738-169x300.jpg 169w, https:\/\/grundschule-fasanenhof.de\/wp-content\/uploads\/2024\/02\/1000020738-768x1366.jpg 768w, https:\/\/grundschule-fasanenhof.de\/wp-content\/uploads\/2024\/02\/1000020738-864x1536.jpg 864w, https:\/\/grundschule-fasanenhof.de\/wp-content\/uploads\/2024\/02\/1000020738-1152x2048.jpg 1152w, https:\/\/grundschule-fasanenhof.de\/wp-content\/uploads\/2024\/02\/1000020738-scaled.jpg 1439w\" sizes=\"auto, (max-width: 576px) 100vw, 576px\" \/><\/figure>\n\n\n\n<figure class=\"wp-block-image size-large\"><img loading=\"lazy\" decoding=\"async\" width=\"576\" height=\"1024\" data-id=\"3929\" src=\"https:\/\/grundschule-fasanenhof.de\/wp-content\/uploads\/2024\/02\/1000020735-576x1024.jpg\" alt=\"\" class=\"wp-image-3929\" srcset=\"https:\/\/grundschule-fasanenhof.de\/wp-content\/uploads\/2024\/02\/1000020735-576x1024.jpg 576w, https:\/\/grundschule-fasanenhof.de\/wp-content\/uploads\/2024\/02\/1000020735-169x300.jpg 169w, https:\/\/grundschule-fasanenhof.de\/wp-content\/uploads\/2024\/02\/1000020735-768x1366.jpg 768w, https:\/\/grundschule-fasanenhof.de\/wp-content\/uploads\/2024\/02\/1000020735-864x1536.jpg 864w, https:\/\/grundschule-fasanenhof.de\/wp-content\/uploads\/2024\/02\/1000020735-1152x2048.jpg 1152w, https:\/\/grundschule-fasanenhof.de\/wp-content\/uploads\/2024\/02\/1000020735-scaled.jpg 1439w\" sizes=\"auto, (max-width: 576px) 100vw, 576px\" \/><\/figure>\n\n\n\n<figure class=\"wp-block-image size-large\"><img loading=\"lazy\" decoding=\"async\" width=\"576\" height=\"1024\" data-id=\"3927\" src=\"https:\/\/grundschule-fasanenhof.de\/wp-content\/uploads\/2024\/02\/1000020732-576x1024.jpg\" alt=\"\" class=\"wp-image-3927\" srcset=\"https:\/\/grundschule-fasanenhof.de\/wp-content\/uploads\/2024\/02\/1000020732-576x1024.jpg 576w, https:\/\/grundschule-fasanenhof.de\/wp-content\/uploads\/2024\/02\/1000020732-169x300.jpg 169w, https:\/\/grundschule-fasanenhof.de\/wp-content\/uploads\/2024\/02\/1000020732-768x1366.jpg 768w, https:\/\/grundschule-fasanenhof.de\/wp-content\/uploads\/2024\/02\/1000020732-864x1536.jpg 864w, https:\/\/grundschule-fasanenhof.de\/wp-content\/uploads\/2024\/02\/1000020732-1152x2048.jpg 1152w, https:\/\/grundschule-fasanenhof.de\/wp-content\/uploads\/2024\/02\/1000020732-scaled.jpg 1439w\" sizes=\"auto, (max-width: 576px) 100vw, 576px\" \/><\/figure>\n\n\n\n<figure class=\"wp-block-image size-large\"><img loading=\"lazy\" decoding=\"async\" width=\"576\" height=\"1024\" data-id=\"3925\" src=\"https:\/\/grundschule-fasanenhof.de\/wp-content\/uploads\/2024\/02\/1000020736-576x1024.jpg\" alt=\"\" class=\"wp-image-3925\" srcset=\"https:\/\/grundschule-fasanenhof.de\/wp-content\/uploads\/2024\/02\/1000020736-576x1024.jpg 576w, https:\/\/grundschule-fasanenhof.de\/wp-content\/uploads\/2024\/02\/1000020736-169x300.jpg 169w, https:\/\/grundschule-fasanenhof.de\/wp-content\/uploads\/2024\/02\/1000020736-768x1366.jpg 768w, https:\/\/grundschule-fasanenhof.de\/wp-content\/uploads\/2024\/02\/1000020736-864x1536.jpg 864w, https:\/\/grundschule-fasanenhof.de\/wp-content\/uploads\/2024\/02\/1000020736-1152x2048.jpg 1152w, https:\/\/grundschule-fasanenhof.de\/wp-content\/uploads\/2024\/02\/1000020736-scaled.jpg 1439w\" sizes=\"auto, (max-width: 576px) 100vw, 576px\" \/><\/figure>\n<\/figure>\n\n\n\n<h2 class=\"wp-block-heading\">12. Februar 2024 &#8211; Hier fliegen gleich die L\u00f6cher aus dem K\u00e4se<\/h2>\n\n\n\n<p>Am Rosenmontag feierte die ganze Fasanenhofschule Fasching. Zusammen zogen wir in einer Polonaise durchs Schulgeb\u00e4ude und tanzten uns im Anschluss in der Aula die Seele aus dem Leib. Nat\u00fcrlich durfte zur St\u00e4rkung auch ein tolles Fr\u00fchst\u00fcck, sowie kleine Spiele in der eigenen Klasse nicht fehlen. Alle hatten viel Spa\u00df, der sich auch im Nachmittagsbereich noch fortsetzte.  <\/p>\n\n\n\n<figure class=\"wp-block-gallery has-nested-images columns-default is-cropped wp-block-gallery-38 is-layout-flex wp-block-gallery-is-layout-flex\">\n<figure class=\"wp-block-image size-large\"><img loading=\"lazy\" decoding=\"async\" width=\"1024\" height=\"768\" data-id=\"3909\" src=\"https:\/\/grundschule-fasanenhof.de\/wp-content\/uploads\/2024\/02\/28ac0376-fafa-499c-9f57-2ddf85ba03c7-1024x768.jpg\" alt=\"\" class=\"wp-image-3909\" srcset=\"https:\/\/grundschule-fasanenhof.de\/wp-content\/uploads\/2024\/02\/28ac0376-fafa-499c-9f57-2ddf85ba03c7-1024x768.jpg 1024w, https:\/\/grundschule-fasanenhof.de\/wp-content\/uploads\/2024\/02\/28ac0376-fafa-499c-9f57-2ddf85ba03c7-300x225.jpg 300w, https:\/\/grundschule-fasanenhof.de\/wp-content\/uploads\/2024\/02\/28ac0376-fafa-499c-9f57-2ddf85ba03c7-768x576.jpg 768w, https:\/\/grundschule-fasanenhof.de\/wp-content\/uploads\/2024\/02\/28ac0376-fafa-499c-9f57-2ddf85ba03c7-1536x1152.jpg 1536w, https:\/\/grundschule-fasanenhof.de\/wp-content\/uploads\/2024\/02\/28ac0376-fafa-499c-9f57-2ddf85ba03c7.jpg 2016w\" sizes=\"auto, (max-width: 1024px) 100vw, 1024px\" \/><\/figure>\n\n\n\n<figure class=\"wp-block-image size-large\"><img loading=\"lazy\" decoding=\"async\" width=\"1024\" height=\"768\" data-id=\"3908\" src=\"https:\/\/grundschule-fasanenhof.de\/wp-content\/uploads\/2024\/02\/98c4bdc6-bc68-47d3-868f-998fe5aa067e-1024x768.jpg\" alt=\"\" class=\"wp-image-3908\" srcset=\"https:\/\/grundschule-fasanenhof.de\/wp-content\/uploads\/2024\/02\/98c4bdc6-bc68-47d3-868f-998fe5aa067e-1024x768.jpg 1024w, https:\/\/grundschule-fasanenhof.de\/wp-content\/uploads\/2024\/02\/98c4bdc6-bc68-47d3-868f-998fe5aa067e-300x225.jpg 300w, https:\/\/grundschule-fasanenhof.de\/wp-content\/uploads\/2024\/02\/98c4bdc6-bc68-47d3-868f-998fe5aa067e-768x576.jpg 768w, https:\/\/grundschule-fasanenhof.de\/wp-content\/uploads\/2024\/02\/98c4bdc6-bc68-47d3-868f-998fe5aa067e-1536x1152.jpg 1536w, https:\/\/grundschule-fasanenhof.de\/wp-content\/uploads\/2024\/02\/98c4bdc6-bc68-47d3-868f-998fe5aa067e.jpg 1600w\" sizes=\"auto, (max-width: 1024px) 100vw, 1024px\" \/><\/figure>\n\n\n\n<figure class=\"wp-block-image size-large\"><img loading=\"lazy\" decoding=\"async\" width=\"1024\" height=\"768\" data-id=\"3910\" src=\"https:\/\/grundschule-fasanenhof.de\/wp-content\/uploads\/2024\/02\/501c739b-0add-4785-b5fc-acb7d0a5fd17-1024x768.jpg\" alt=\"\" class=\"wp-image-3910\" srcset=\"https:\/\/grundschule-fasanenhof.de\/wp-content\/uploads\/2024\/02\/501c739b-0add-4785-b5fc-acb7d0a5fd17-1024x768.jpg 1024w, https:\/\/grundschule-fasanenhof.de\/wp-content\/uploads\/2024\/02\/501c739b-0add-4785-b5fc-acb7d0a5fd17-300x225.jpg 300w, https:\/\/grundschule-fasanenhof.de\/wp-content\/uploads\/2024\/02\/501c739b-0add-4785-b5fc-acb7d0a5fd17-768x576.jpg 768w, https:\/\/grundschule-fasanenhof.de\/wp-content\/uploads\/2024\/02\/501c739b-0add-4785-b5fc-acb7d0a5fd17-1536x1152.jpg 1536w, https:\/\/grundschule-fasanenhof.de\/wp-content\/uploads\/2024\/02\/501c739b-0add-4785-b5fc-acb7d0a5fd17.jpg 2016w\" sizes=\"auto, (max-width: 1024px) 100vw, 1024px\" \/><\/figure>\n\n\n\n<figure class=\"wp-block-image size-large\"><img loading=\"lazy\" decoding=\"async\" width=\"576\" height=\"1024\" data-id=\"3907\" src=\"https:\/\/grundschule-fasanenhof.de\/wp-content\/uploads\/2024\/02\/1708010598046-576x1024.jpg\" alt=\"\" class=\"wp-image-3907\" srcset=\"https:\/\/grundschule-fasanenhof.de\/wp-content\/uploads\/2024\/02\/1708010598046-576x1024.jpg 576w, https:\/\/grundschule-fasanenhof.de\/wp-content\/uploads\/2024\/02\/1708010598046-169x300.jpg 169w, https:\/\/grundschule-fasanenhof.de\/wp-content\/uploads\/2024\/02\/1708010598046-768x1365.jpg 768w, https:\/\/grundschule-fasanenhof.de\/wp-content\/uploads\/2024\/02\/1708010598046-864x1536.jpg 864w, https:\/\/grundschule-fasanenhof.de\/wp-content\/uploads\/2024\/02\/1708010598046.jpg 900w\" sizes=\"auto, (max-width: 576px) 100vw, 576px\" \/><\/figure>\n\n\n\n<figure class=\"wp-block-image size-large\"><img loading=\"lazy\" decoding=\"async\" width=\"576\" height=\"1024\" data-id=\"3911\" src=\"https:\/\/grundschule-fasanenhof.de\/wp-content\/uploads\/2024\/02\/1708010598057-576x1024.jpg\" alt=\"\" class=\"wp-image-3911\" srcset=\"https:\/\/grundschule-fasanenhof.de\/wp-content\/uploads\/2024\/02\/1708010598057-576x1024.jpg 576w, https:\/\/grundschule-fasanenhof.de\/wp-content\/uploads\/2024\/02\/1708010598057-169x300.jpg 169w, https:\/\/grundschule-fasanenhof.de\/wp-content\/uploads\/2024\/02\/1708010598057-768x1366.jpg 768w, https:\/\/grundschule-fasanenhof.de\/wp-content\/uploads\/2024\/02\/1708010598057-864x1536.jpg 864w, https:\/\/grundschule-fasanenhof.de\/wp-content\/uploads\/2024\/02\/1708010598057-1152x2048.jpg 1152w, https:\/\/grundschule-fasanenhof.de\/wp-content\/uploads\/2024\/02\/1708010598057-scaled.jpg 1439w\" sizes=\"auto, (max-width: 576px) 100vw, 576px\" \/><\/figure>\n\n\n\n<figure class=\"wp-block-image size-large\"><img loading=\"lazy\" decoding=\"async\" width=\"576\" height=\"1024\" data-id=\"3912\" src=\"https:\/\/grundschule-fasanenhof.de\/wp-content\/uploads\/2024\/02\/1708010598064-576x1024.jpg\" alt=\"\" class=\"wp-image-3912\" srcset=\"https:\/\/grundschule-fasanenhof.de\/wp-content\/uploads\/2024\/02\/1708010598064-576x1024.jpg 576w, https:\/\/grundschule-fasanenhof.de\/wp-content\/uploads\/2024\/02\/1708010598064-169x300.jpg 169w, https:\/\/grundschule-fasanenhof.de\/wp-content\/uploads\/2024\/02\/1708010598064-768x1366.jpg 768w, https:\/\/grundschule-fasanenhof.de\/wp-content\/uploads\/2024\/02\/1708010598064-864x1536.jpg 864w, https:\/\/grundschule-fasanenhof.de\/wp-content\/uploads\/2024\/02\/1708010598064-1152x2048.jpg 1152w, https:\/\/grundschule-fasanenhof.de\/wp-content\/uploads\/2024\/02\/1708010598064-scaled.jpg 1439w\" sizes=\"auto, (max-width: 576px) 100vw, 576px\" \/><\/figure>\n\n\n\n<figure class=\"wp-block-image size-large\"><img loading=\"lazy\" decoding=\"async\" width=\"1024\" height=\"576\" data-id=\"3914\" src=\"https:\/\/grundschule-fasanenhof.de\/wp-content\/uploads\/2024\/02\/1708010598078-1024x576.jpg\" alt=\"\" class=\"wp-image-3914\" srcset=\"https:\/\/grundschule-fasanenhof.de\/wp-content\/uploads\/2024\/02\/1708010598078-1024x576.jpg 1024w, https:\/\/grundschule-fasanenhof.de\/wp-content\/uploads\/2024\/02\/1708010598078-300x169.jpg 300w, https:\/\/grundschule-fasanenhof.de\/wp-content\/uploads\/2024\/02\/1708010598078-768x432.jpg 768w, https:\/\/grundschule-fasanenhof.de\/wp-content\/uploads\/2024\/02\/1708010598078-1536x864.jpg 1536w, https:\/\/grundschule-fasanenhof.de\/wp-content\/uploads\/2024\/02\/1708010598078-2048x1152.jpg 2048w\" sizes=\"auto, (max-width: 1024px) 100vw, 1024px\" \/><\/figure>\n\n\n\n<figure class=\"wp-block-image size-large\"><img loading=\"lazy\" decoding=\"async\" width=\"1024\" height=\"576\" data-id=\"3913\" src=\"https:\/\/grundschule-fasanenhof.de\/wp-content\/uploads\/2024\/02\/1708010598087-1024x576.jpg\" alt=\"\" class=\"wp-image-3913\" srcset=\"https:\/\/grundschule-fasanenhof.de\/wp-content\/uploads\/2024\/02\/1708010598087-1024x576.jpg 1024w, https:\/\/grundschule-fasanenhof.de\/wp-content\/uploads\/2024\/02\/1708010598087-300x169.jpg 300w, https:\/\/grundschule-fasanenhof.de\/wp-content\/uploads\/2024\/02\/1708010598087-768x432.jpg 768w, https:\/\/grundschule-fasanenhof.de\/wp-content\/uploads\/2024\/02\/1708010598087-1536x864.jpg 1536w, https:\/\/grundschule-fasanenhof.de\/wp-content\/uploads\/2024\/02\/1708010598087-2048x1152.jpg 2048w\" sizes=\"auto, (max-width: 1024px) 100vw, 1024px\" \/><\/figure>\n<\/figure>\n\n\n\n<h2 class=\"wp-block-heading\">13. Dezember 2023 &#8211; Die Klasse 3a besucht das Theater <\/h2>\n\n\n\n<p>Die Klasse 3a besuchte in der Vorweihnachtszeit das tic und schaute sich das St\u00fcck &#8222;Komm, wir finden einen Schatz&#8220; an. Es war eine liebevoll und interessant gestaltetes Theaterst\u00fcck mit dem kleinen Tiger und dem kleinen B\u00e4ren von Janosch.  Die Kinder setzten sich mit Hilfe des St\u00fccks mit den Themen Gl\u00fcck, Freundschaft und Zufriedenheit auseinander und hatten einen tollen Tag au\u00dferhalb der Schule.<\/p>\n\n\n\n<figure class=\"wp-block-gallery has-nested-images columns-default is-cropped wp-block-gallery-39 is-layout-flex wp-block-gallery-is-layout-flex\">\n<figure class=\"wp-block-image size-large\"><img loading=\"lazy\" decoding=\"async\" width=\"1024\" height=\"576\" data-id=\"3824\" src=\"https:\/\/grundschule-fasanenhof.de\/wp-content\/uploads\/2023\/12\/20231213_085451-1024x576.jpg\" alt=\"\" class=\"wp-image-3824\" srcset=\"https:\/\/grundschule-fasanenhof.de\/wp-content\/uploads\/2023\/12\/20231213_085451-1024x576.jpg 1024w, https:\/\/grundschule-fasanenhof.de\/wp-content\/uploads\/2023\/12\/20231213_085451-300x169.jpg 300w, https:\/\/grundschule-fasanenhof.de\/wp-content\/uploads\/2023\/12\/20231213_085451-768x432.jpg 768w, https:\/\/grundschule-fasanenhof.de\/wp-content\/uploads\/2023\/12\/20231213_085451-1536x864.jpg 1536w, https:\/\/grundschule-fasanenhof.de\/wp-content\/uploads\/2023\/12\/20231213_085451-2048x1152.jpg 2048w\" sizes=\"auto, (max-width: 1024px) 100vw, 1024px\" \/><\/figure>\n\n\n\n<figure class=\"wp-block-image size-large\"><img loading=\"lazy\" decoding=\"async\" width=\"1024\" height=\"576\" data-id=\"3823\" src=\"https:\/\/grundschule-fasanenhof.de\/wp-content\/uploads\/2023\/12\/20231213_083926-1-1024x576.jpg\" alt=\"\" class=\"wp-image-3823\" srcset=\"https:\/\/grundschule-fasanenhof.de\/wp-content\/uploads\/2023\/12\/20231213_083926-1-1024x576.jpg 1024w, https:\/\/grundschule-fasanenhof.de\/wp-content\/uploads\/2023\/12\/20231213_083926-1-300x169.jpg 300w, https:\/\/grundschule-fasanenhof.de\/wp-content\/uploads\/2023\/12\/20231213_083926-1-768x432.jpg 768w, https:\/\/grundschule-fasanenhof.de\/wp-content\/uploads\/2023\/12\/20231213_083926-1-1536x864.jpg 1536w, https:\/\/grundschule-fasanenhof.de\/wp-content\/uploads\/2023\/12\/20231213_083926-1-2048x1152.jpg 2048w\" sizes=\"auto, (max-width: 1024px) 100vw, 1024px\" \/><\/figure>\n<\/figure>\n\n\n\n<h2 class=\"wp-block-heading\">November 2023 &#8211; Die Kinder aus Klasse 2 und 3 tun etwas Tolles f\u00fcr die Insektenwelt<\/h2>\n\n\n\n<p>An drei Nachmittagen im November hat Frau Bodem mit dem Kindern der zweiten und dritten Klasse einen kleinen Workshop zum Thema Bienen und Bienensterben gemacht und in dessen Rahmen das Insektenhotel vor der Schule renoviert. Die Sch\u00fclerInnen waren flei\u00dfig und haben aus alten Dosen und verschiedenen Materialien Nisthilfen gebaut und diese am letzten Termin selbst in das Insektenhotel eingesetzt. Das Ergebnis kann sich sehen lassen! Wir warten jetzt gespannt auf den Fr\u00fchling, bis hoffentlich die ersten Insekten einziehen. <\/p>\n\n\n\n<p>Au\u00dferdem wurden Blumenbomben gebaut, die im Fr\u00fchjahr gemeinsam ausgeworfen werden sollen. Aus ihnen sollen tolle Blumen wachsen, die die Umgebung beim Insektenhotel noch attraktiver f\u00fcr Bienen machen soll. <\/p>\n\n\n\n<h2 class=\"wp-block-heading\">Oktober 2023 &#8211; Der Jahrgang 2 macht leckeren Apfelsaft<\/h2>\n\n\n\n<p>Die zweiten Klassen der Fasanenhofschule waren im Oktober im Wassererlebnishaus in Fuldatal. Dort  haben sie gelernt, wie man Apfelsaft presst.<br>Zun\u00e4chst wurde den Kindern Wissenswertes \u00fcber heimische Apfelarten erkl\u00e4rt und dann gezeigt, welche Schritte zum Apfelsaftpressen geh\u00f6ren. Zuerst wurden die \u00c4pfel gewaschen und jedes Kind durfte beim Kleinschneiden der s\u00fc\u00dfen Fr\u00fcchte helfen. Anschlie\u00dfend wurden die \u00c4pfel in einem H\u00e4cksler fein geschnitten und in der Presse der Saft heraus gedr\u00fcckt. Jedes Kind durfte eine Kostprobe nehmen und \u00fcberall h\u00f6rte man: \u201eWie lecker!\u201c. Den Rest des Saftes durften die Kinder nat\u00fcrlich mit nach Hause nehmen.<\/p>\n\n\n\n<figure class=\"wp-block-gallery has-nested-images columns-default is-cropped wp-block-gallery-40 is-layout-flex wp-block-gallery-is-layout-flex\">\n<figure class=\"wp-block-image size-large\"><img loading=\"lazy\" decoding=\"async\" width=\"768\" height=\"1024\" data-id=\"3837\" src=\"https:\/\/grundschule-fasanenhof.de\/wp-content\/uploads\/2023\/12\/IMG_3918-768x1024.jpeg\" alt=\"\" class=\"wp-image-3837\" srcset=\"https:\/\/grundschule-fasanenhof.de\/wp-content\/uploads\/2023\/12\/IMG_3918-768x1024.jpeg 768w, https:\/\/grundschule-fasanenhof.de\/wp-content\/uploads\/2023\/12\/IMG_3918-225x300.jpeg 225w, https:\/\/grundschule-fasanenhof.de\/wp-content\/uploads\/2023\/12\/IMG_3918-1152x1536.jpeg 1152w, https:\/\/grundschule-fasanenhof.de\/wp-content\/uploads\/2023\/12\/IMG_3918.jpeg 1536w\" sizes=\"auto, (max-width: 768px) 100vw, 768px\" \/><\/figure>\n\n\n\n<figure class=\"wp-block-image size-large\"><img loading=\"lazy\" decoding=\"async\" width=\"768\" height=\"1024\" data-id=\"3836\" src=\"https:\/\/grundschule-fasanenhof.de\/wp-content\/uploads\/2023\/12\/IMG_3921-768x1024.jpeg\" alt=\"\" class=\"wp-image-3836\" srcset=\"https:\/\/grundschule-fasanenhof.de\/wp-content\/uploads\/2023\/12\/IMG_3921-768x1024.jpeg 768w, https:\/\/grundschule-fasanenhof.de\/wp-content\/uploads\/2023\/12\/IMG_3921-225x300.jpeg 225w, https:\/\/grundschule-fasanenhof.de\/wp-content\/uploads\/2023\/12\/IMG_3921-1152x1536.jpeg 1152w, https:\/\/grundschule-fasanenhof.de\/wp-content\/uploads\/2023\/12\/IMG_3921.jpeg 1536w\" sizes=\"auto, (max-width: 768px) 100vw, 768px\" \/><\/figure>\n\n\n\n<figure class=\"wp-block-image size-large\"><img loading=\"lazy\" decoding=\"async\" width=\"640\" height=\"480\" data-id=\"3834\" src=\"https:\/\/grundschule-fasanenhof.de\/wp-content\/uploads\/2023\/12\/IMG_7011.jpg\" alt=\"\" class=\"wp-image-3834\" srcset=\"https:\/\/grundschule-fasanenhof.de\/wp-content\/uploads\/2023\/12\/IMG_7011.jpg 640w, https:\/\/grundschule-fasanenhof.de\/wp-content\/uploads\/2023\/12\/IMG_7011-300x225.jpg 300w\" sizes=\"auto, (max-width: 640px) 100vw, 640px\" \/><\/figure>\n<\/figure>\n\n\n\n<\/p>\r\n<h2 class=\"wp-block-heading\">Oktober 2023 &#8211; Grundschulfest Fu\u00dfball Nord<\/h2>\r\n<p>Am Mittwoch, den 04.10.2023, fand das <b>Grundschulfest Fu\u00dfball Nord<\/b> im Nordstadtstadion statt. Unsere Fasanenhofschule trat unter der Begleitung von Herrn Yasin und Herrn Schrader mit 2 Mannschaften an. Wir meldeten ein Team, das nur aus Kindern des 3. Jahrgangs und eines, das nur aus 4.-Kl\u00e4sslern bestand.<\/p>\r\n<p>Neben unseren beiden Mannschaften traten noch 10 weitere Teams von verschiedenen Grundschulen aus der Stadt und dem Landkreis Kassel an (Espenau, Hofgeismar, Waldau, Grebenstein, Ahnatal und Stadt Kassel). Die 12 Teams wurden in zwei 6er-Gruppen aufgeteilt und spielten im Modus \u201eJeder-gegen-Jeden\u201c.<\/p>\r\n<p>Zus\u00e4tzlich zu den direkten Spielen mussten alle Mannschaften einen Vielseitigkeitswettbewerb durchlaufen. Dabei ging es um das Dribbeln, Passen und Schie\u00dfen.<\/p>\r\n<p>Die <b>Sch\u00fcler aus der 3a, 3b und 3c<\/b> mussten sich in den 5 Spielen nur einmal geschlagen geben! Somit erreichten sie beim <b>Turnier<\/b> einen guten <b>3. Platz<\/b>. Beim <b>Vielseitigkeitswettbewerb<\/b> konnten sich die Kinder mit ihren fu\u00dfballerischen St\u00e4rken sogar auf den <b>1. Platz<\/b> dribbeln, passen und schie\u00dfen! In der Gesamtwertung erreichte das Team einen tollen <b>2. Platz<\/b>! Dabei ist anzumerken, dass das Team meistens auf \u00e4ltere Sch\u00fcler aus den 4. Klassen traf!<\/p>\r\n<p><a name=\"Bookmark\"><\/a>F\u00fcr unser Team vom <b>4. Jahrgang<\/b> verlief das <b>Turnier<\/b> suboptimal. Zwar konnten Sie mehrere Tore erzielen, dennoch gingen die Partien knapp verloren (<b>Platz 6<\/b>). Beim <b>Vielseitigkeitswettbewerb<\/b> (<b>Platz 2<\/b>) hingegen zeigten unsere Kinder ihre herausragenden technischen Fertigkeiten und arbeiteten sich noch auf einen <b>5.<\/b> <b>Gesamtplatz<\/b> hervor.<\/p>\r\n<p><a href=\"https:\/\/grundschule-fasanenhof.de\/wp-content\/uploads\/2022\/09\/Urkunde-Fussballturnier-001-scaled.jpg\"><img loading=\"lazy\" decoding=\"async\" class=\"alignnone size-medium wp-image-3695\" src=\"https:\/\/grundschule-fasanenhof.de\/wp-content\/uploads\/2022\/09\/Urkunde-Fussballturnier-001-212x300.jpg\" alt=\"\" width=\"212\" height=\"300\" srcset=\"https:\/\/grundschule-fasanenhof.de\/wp-content\/uploads\/2022\/09\/Urkunde-Fussballturnier-001-212x300.jpg 212w, https:\/\/grundschule-fasanenhof.de\/wp-content\/uploads\/2022\/09\/Urkunde-Fussballturnier-001-724x1024.jpg 724w, https:\/\/grundschule-fasanenhof.de\/wp-content\/uploads\/2022\/09\/Urkunde-Fussballturnier-001-768x1086.jpg 768w, https:\/\/grundschule-fasanenhof.de\/wp-content\/uploads\/2022\/09\/Urkunde-Fussballturnier-001-1086x1536.jpg 1086w, https:\/\/grundschule-fasanenhof.de\/wp-content\/uploads\/2022\/09\/Urkunde-Fussballturnier-001-1448x2048.jpg 1448w, https:\/\/grundschule-fasanenhof.de\/wp-content\/uploads\/2022\/09\/Urkunde-Fussballturnier-001-scaled.jpg 1810w\" sizes=\"auto, (max-width: 212px) 100vw, 212px\" \/><\/a> <a href=\"https:\/\/grundschule-fasanenhof.de\/wp-content\/uploads\/2022\/09\/Urkunde-Turnier-001-scaled.jpg\"><img loading=\"lazy\" decoding=\"async\" class=\"alignnone size-medium wp-image-3696\" src=\"https:\/\/grundschule-fasanenhof.de\/wp-content\/uploads\/2022\/09\/Urkunde-Turnier-001-212x300.jpg\" alt=\"\" width=\"212\" height=\"300\" srcset=\"https:\/\/grundschule-fasanenhof.de\/wp-content\/uploads\/2022\/09\/Urkunde-Turnier-001-212x300.jpg 212w, https:\/\/grundschule-fasanenhof.de\/wp-content\/uploads\/2022\/09\/Urkunde-Turnier-001-724x1024.jpg 724w, https:\/\/grundschule-fasanenhof.de\/wp-content\/uploads\/2022\/09\/Urkunde-Turnier-001-768x1086.jpg 768w, https:\/\/grundschule-fasanenhof.de\/wp-content\/uploads\/2022\/09\/Urkunde-Turnier-001-1086x1536.jpg 1086w, https:\/\/grundschule-fasanenhof.de\/wp-content\/uploads\/2022\/09\/Urkunde-Turnier-001-1448x2048.jpg 1448w, https:\/\/grundschule-fasanenhof.de\/wp-content\/uploads\/2022\/09\/Urkunde-Turnier-001-scaled.jpg 1810w\" sizes=\"auto, (max-width: 212px) 100vw, 212px\" \/><\/a><\/p>\r\n<h2>September 2023 &#8211; Wir k\u00fcren die Gewinner-Klassen unseres Projekts &#8222;Autofreie Schulwoche&#8220;<\/h2>\r\n<p>Am Montag, den 25.09.2023 traf sich die gesamte Schule in der Aula, um die Gewinner unseres Projekts &#8222;Autofreie Schulwoche&#8220; zu k\u00fcren. In jedem Jahrgang wurde eine Gewinnerklasse ausgezeichnet, die einen tollen Pokal verliehen bekam. Unter tosendem Applaus gratulierten wir den\u00a0 Klassen 1b, 2a, 3c und 4a. Hier kamen die meisten Kinder zu Fu\u00df und mit den \u00f6ffentlichen Verkehrsmitteln zur Schule. Doch auch die anderen Klassen erzielten tolle Ergebnisse! Daf\u00fcr gab es als Anerkennung eine Urkunde. Wir freuen uns auf die n\u00e4chste &#8222;Autofreie Woche&#8220;, mit der wir der Umwelt wieder etwas Gutes tun k\u00f6nnen.<\/p>\r\n<p><a href=\"https:\/\/grundschule-fasanenhof.de\/wp-content\/uploads\/2022\/09\/IMG_6878.jpg\"><img loading=\"lazy\" decoding=\"async\" class=\"alignnone size-medium wp-image-3680\" src=\"https:\/\/grundschule-fasanenhof.de\/wp-content\/uploads\/2022\/09\/IMG_6878-300x225.jpg\" alt=\"\" width=\"300\" height=\"225\" srcset=\"https:\/\/grundschule-fasanenhof.de\/wp-content\/uploads\/2022\/09\/IMG_6878-300x225.jpg 300w, https:\/\/grundschule-fasanenhof.de\/wp-content\/uploads\/2022\/09\/IMG_6878.jpg 640w\" sizes=\"auto, (max-width: 300px) 100vw, 300px\" \/><\/a> <a href=\"https:\/\/grundschule-fasanenhof.de\/wp-content\/uploads\/2022\/09\/IMG_6879-rotated.jpg\"><img loading=\"lazy\" decoding=\"async\" class=\"alignnone size-medium wp-image-3681\" src=\"https:\/\/grundschule-fasanenhof.de\/wp-content\/uploads\/2022\/09\/IMG_6879-225x300.jpg\" alt=\"\" width=\"225\" height=\"300\" srcset=\"https:\/\/grundschule-fasanenhof.de\/wp-content\/uploads\/2022\/09\/IMG_6879-225x300.jpg 225w, https:\/\/grundschule-fasanenhof.de\/wp-content\/uploads\/2022\/09\/IMG_6879-rotated.jpg 480w\" sizes=\"auto, (max-width: 225px) 100vw, 225px\" \/><\/a> <a href=\"https:\/\/grundschule-fasanenhof.de\/wp-content\/uploads\/2022\/09\/IMG_6881-rotated.jpg\"><img loading=\"lazy\" decoding=\"async\" class=\"alignnone size-medium wp-image-3682\" src=\"https:\/\/grundschule-fasanenhof.de\/wp-content\/uploads\/2022\/09\/IMG_6881-225x300.jpg\" alt=\"\" width=\"225\" height=\"300\" srcset=\"https:\/\/grundschule-fasanenhof.de\/wp-content\/uploads\/2022\/09\/IMG_6881-225x300.jpg 225w, https:\/\/grundschule-fasanenhof.de\/wp-content\/uploads\/2022\/09\/IMG_6881-rotated.jpg 480w\" sizes=\"auto, (max-width: 225px) 100vw, 225px\" \/><\/a> <a href=\"https:\/\/grundschule-fasanenhof.de\/wp-content\/uploads\/2022\/09\/IMG_6882-rotated.jpg\"><img loading=\"lazy\" decoding=\"async\" class=\"alignnone size-medium wp-image-3683\" src=\"https:\/\/grundschule-fasanenhof.de\/wp-content\/uploads\/2022\/09\/IMG_6882-225x300.jpg\" alt=\"\" width=\"225\" height=\"300\" srcset=\"https:\/\/grundschule-fasanenhof.de\/wp-content\/uploads\/2022\/09\/IMG_6882-225x300.jpg 225w, https:\/\/grundschule-fasanenhof.de\/wp-content\/uploads\/2022\/09\/IMG_6882-rotated.jpg 480w\" sizes=\"auto, (max-width: 225px) 100vw, 225px\" \/><\/a><\/p>\r\n<h2>September 2023 &#8211; Hurra! Ich bin ein Schulkind!<\/h2>\r\n<p>Am 05. September fand die Schuleinf\u00fchrung in der Fasanenhofschule statt. Wir begr\u00fc\u00dften eine neue Vorklasse und drei neue erste Klassen. Zu erst lauschten, sangen und bewegten sich die Kinder beim interkulturellen Gottesdienst in der Aula. Anschlie\u00dfend folgte das Schulprogramm bei dem unsere vierten Klassen wirklich tolle musikalische Beitr\u00e4ge leisteten. Nat\u00fcrlich durfte auch die erste gemeinsame Schulstunde im eigenen Klassenraum nicht fehlen. Zusammen mit ihrem Lehrer Herr Robitzsch oder ihren Lehrerinnen Frau Lukas, Frau Stark bzw. Frau Rauch lernten die Kinder dabei schon die ersten tollen Sachen.\u00a0 \u00a0\u00a0<\/p>\r\n<p><a href=\"https:\/\/grundschule-fasanenhof.de\/wp-content\/uploads\/2022\/09\/IMG_6598.jpg\"><img loading=\"lazy\" decoding=\"async\" class=\"alignnone size-medium wp-image-3628\" src=\"https:\/\/grundschule-fasanenhof.de\/wp-content\/uploads\/2022\/09\/IMG_6598-300x225.jpg\" alt=\"\" width=\"300\" height=\"225\" srcset=\"https:\/\/grundschule-fasanenhof.de\/wp-content\/uploads\/2022\/09\/IMG_6598-300x225.jpg 300w, https:\/\/grundschule-fasanenhof.de\/wp-content\/uploads\/2022\/09\/IMG_6598-1024x768.jpg 1024w, https:\/\/grundschule-fasanenhof.de\/wp-content\/uploads\/2022\/09\/IMG_6598-768x576.jpg 768w, https:\/\/grundschule-fasanenhof.de\/wp-content\/uploads\/2022\/09\/IMG_6598-1536x1152.jpg 1536w, https:\/\/grundschule-fasanenhof.de\/wp-content\/uploads\/2022\/09\/IMG_6598.jpg 2016w\" sizes=\"auto, (max-width: 300px) 100vw, 300px\" \/><\/a> <a href=\"https:\/\/grundschule-fasanenhof.de\/wp-content\/uploads\/2022\/09\/IMG_6595.jpg\"><img loading=\"lazy\" decoding=\"async\" class=\"alignnone size-medium wp-image-3629\" src=\"https:\/\/grundschule-fasanenhof.de\/wp-content\/uploads\/2022\/09\/IMG_6595-300x225.jpg\" alt=\"\" width=\"300\" height=\"225\" srcset=\"https:\/\/grundschule-fasanenhof.de\/wp-content\/uploads\/2022\/09\/IMG_6595-300x225.jpg 300w, https:\/\/grundschule-fasanenhof.de\/wp-content\/uploads\/2022\/09\/IMG_6595-1024x768.jpg 1024w, https:\/\/grundschule-fasanenhof.de\/wp-content\/uploads\/2022\/09\/IMG_6595-768x576.jpg 768w, https:\/\/grundschule-fasanenhof.de\/wp-content\/uploads\/2022\/09\/IMG_6595-1536x1152.jpg 1536w, https:\/\/grundschule-fasanenhof.de\/wp-content\/uploads\/2022\/09\/IMG_6595.jpg 2016w\" sizes=\"auto, (max-width: 300px) 100vw, 300px\" \/><\/a> <a href=\"https:\/\/grundschule-fasanenhof.de\/wp-content\/uploads\/2022\/09\/IMG_6599-1.jpg\"><img loading=\"lazy\" decoding=\"async\" class=\"alignnone size-medium wp-image-3630\" src=\"https:\/\/grundschule-fasanenhof.de\/wp-content\/uploads\/2022\/09\/IMG_6599-1-300x225.jpg\" alt=\"\" width=\"300\" height=\"225\" srcset=\"https:\/\/grundschule-fasanenhof.de\/wp-content\/uploads\/2022\/09\/IMG_6599-1-300x225.jpg 300w, https:\/\/grundschule-fasanenhof.de\/wp-content\/uploads\/2022\/09\/IMG_6599-1-1024x768.jpg 1024w, https:\/\/grundschule-fasanenhof.de\/wp-content\/uploads\/2022\/09\/IMG_6599-1-768x576.jpg 768w, https:\/\/grundschule-fasanenhof.de\/wp-content\/uploads\/2022\/09\/IMG_6599-1-1536x1152.jpg 1536w, https:\/\/grundschule-fasanenhof.de\/wp-content\/uploads\/2022\/09\/IMG_6599-1.jpg 2016w\" sizes=\"auto, (max-width: 300px) 100vw, 300px\" \/><\/a> <a href=\"https:\/\/grundschule-fasanenhof.de\/wp-content\/uploads\/2022\/09\/IMG_6593.jpg\"><img loading=\"lazy\" decoding=\"async\" class=\"alignnone size-medium wp-image-3631\" src=\"https:\/\/grundschule-fasanenhof.de\/wp-content\/uploads\/2022\/09\/IMG_6593-300x225.jpg\" alt=\"\" width=\"300\" height=\"225\" srcset=\"https:\/\/grundschule-fasanenhof.de\/wp-content\/uploads\/2022\/09\/IMG_6593-300x225.jpg 300w, https:\/\/grundschule-fasanenhof.de\/wp-content\/uploads\/2022\/09\/IMG_6593-1024x768.jpg 1024w, https:\/\/grundschule-fasanenhof.de\/wp-content\/uploads\/2022\/09\/IMG_6593-768x576.jpg 768w, https:\/\/grundschule-fasanenhof.de\/wp-content\/uploads\/2022\/09\/IMG_6593-1536x1152.jpg 1536w, https:\/\/grundschule-fasanenhof.de\/wp-content\/uploads\/2022\/09\/IMG_6593.jpg 2016w\" sizes=\"auto, (max-width: 300px) 100vw, 300px\" \/><\/a><\/p>\r\n<h2>Juli 2023 &#8211; Das erste Schuljahr der 1b<\/h2>\r\n<div>Die Klasse 1b hat ein aufregendes Jahr hinter sich.\u00a0<\/div>\r\n<div>Wir haben uns kennengelernt und besucht. Wir haben lesen, rechnen, schreiben gelernt und Projekte gemacht. Elmar und Insekten kennengelernt, den 100. Schultag gefeiert, Z\u00e4hne geputzt und Gedichte gelernt, zusammen gefr\u00fchst\u00fcckt und im Klassenrat diskutiert. Wir haben M\u00e4rchen aus dem Koffer geh\u00f6rt und Theaterst\u00fccke gesehen. Wir haben tolle Ausfl\u00fcge gemacht: Wir waren im Kino, auf dem Erdbeerfeld und auf dem Abenteuerspielplatz. Wir haben den Schulweg und die Wege rund um die Schule aufger\u00e4umt. Wir haben Fasching, Klassenfest und Schulfest gefeiert.<\/div>\r\n<div>Wir freuen uns auf das n\u00e4chste Jahr!<\/div>\r\n<div><a href=\"https:\/\/grundschule-fasanenhof.de\/wp-content\/uploads\/2022\/09\/IMG_0637-rotated.jpg\"><img loading=\"lazy\" decoding=\"async\" class=\"alignnone size-medium wp-image-3577\" src=\"https:\/\/grundschule-fasanenhof.de\/wp-content\/uploads\/2022\/09\/IMG_0637-225x300.jpg\" alt=\"\" width=\"225\" height=\"300\" srcset=\"https:\/\/grundschule-fasanenhof.de\/wp-content\/uploads\/2022\/09\/IMG_0637-225x300.jpg 225w, https:\/\/grundschule-fasanenhof.de\/wp-content\/uploads\/2022\/09\/IMG_0637-768x1024.jpg 768w, https:\/\/grundschule-fasanenhof.de\/wp-content\/uploads\/2022\/09\/IMG_0637-1152x1536.jpg 1152w, https:\/\/grundschule-fasanenhof.de\/wp-content\/uploads\/2022\/09\/IMG_0637-rotated.jpg 1512w\" sizes=\"auto, (max-width: 225px) 100vw, 225px\" \/><\/a> <a href=\"https:\/\/grundschule-fasanenhof.de\/wp-content\/uploads\/2022\/09\/IMG_9861-rotated.jpg\"><img loading=\"lazy\" decoding=\"async\" class=\"alignnone size-medium wp-image-3578\" src=\"https:\/\/grundschule-fasanenhof.de\/wp-content\/uploads\/2022\/09\/IMG_9861-225x300.jpg\" alt=\"\" width=\"225\" height=\"300\" srcset=\"https:\/\/grundschule-fasanenhof.de\/wp-content\/uploads\/2022\/09\/IMG_9861-225x300.jpg 225w, https:\/\/grundschule-fasanenhof.de\/wp-content\/uploads\/2022\/09\/IMG_9861-768x1024.jpg 768w, https:\/\/grundschule-fasanenhof.de\/wp-content\/uploads\/2022\/09\/IMG_9861-1152x1536.jpg 1152w, https:\/\/grundschule-fasanenhof.de\/wp-content\/uploads\/2022\/09\/IMG_9861-rotated.jpg 1512w\" sizes=\"auto, (max-width: 225px) 100vw, 225px\" \/><\/a> <a href=\"https:\/\/grundschule-fasanenhof.de\/wp-content\/uploads\/2022\/09\/IMG_9536-rotated.jpg\"><img loading=\"lazy\" decoding=\"async\" class=\"alignnone size-medium wp-image-3579\" src=\"https:\/\/grundschule-fasanenhof.de\/wp-content\/uploads\/2022\/09\/IMG_9536-225x300.jpg\" alt=\"\" width=\"225\" height=\"300\" srcset=\"https:\/\/grundschule-fasanenhof.de\/wp-content\/uploads\/2022\/09\/IMG_9536-225x300.jpg 225w, https:\/\/grundschule-fasanenhof.de\/wp-content\/uploads\/2022\/09\/IMG_9536-768x1024.jpg 768w, https:\/\/grundschule-fasanenhof.de\/wp-content\/uploads\/2022\/09\/IMG_9536-1152x1536.jpg 1152w, https:\/\/grundschule-fasanenhof.de\/wp-content\/uploads\/2022\/09\/IMG_9536-rotated.jpg 1512w\" sizes=\"auto, (max-width: 225px) 100vw, 225px\" \/><\/a> <a href=\"https:\/\/grundschule-fasanenhof.de\/wp-content\/uploads\/2022\/09\/IMG_9527-rotated.jpg\"><img loading=\"lazy\" decoding=\"async\" class=\"alignnone size-medium wp-image-3580\" src=\"https:\/\/grundschule-fasanenhof.de\/wp-content\/uploads\/2022\/09\/IMG_9527-225x300.jpg\" alt=\"\" width=\"225\" height=\"300\" srcset=\"https:\/\/grundschule-fasanenhof.de\/wp-content\/uploads\/2022\/09\/IMG_9527-225x300.jpg 225w, https:\/\/grundschule-fasanenhof.de\/wp-content\/uploads\/2022\/09\/IMG_9527-768x1024.jpg 768w, https:\/\/grundschule-fasanenhof.de\/wp-content\/uploads\/2022\/09\/IMG_9527-1152x1536.jpg 1152w, https:\/\/grundschule-fasanenhof.de\/wp-content\/uploads\/2022\/09\/IMG_9527-rotated.jpg 1512w\" sizes=\"auto, (max-width: 225px) 100vw, 225px\" \/><\/a> <a href=\"https:\/\/grundschule-fasanenhof.de\/wp-content\/uploads\/2022\/09\/IMG_8365-rotated.jpg\"><img loading=\"lazy\" decoding=\"async\" class=\"alignnone size-medium wp-image-3581\" src=\"https:\/\/grundschule-fasanenhof.de\/wp-content\/uploads\/2022\/09\/IMG_8365-225x300.jpg\" alt=\"\" width=\"225\" height=\"300\" srcset=\"https:\/\/grundschule-fasanenhof.de\/wp-content\/uploads\/2022\/09\/IMG_8365-225x300.jpg 225w, https:\/\/grundschule-fasanenhof.de\/wp-content\/uploads\/2022\/09\/IMG_8365-768x1024.jpg 768w, https:\/\/grundschule-fasanenhof.de\/wp-content\/uploads\/2022\/09\/IMG_8365-1152x1536.jpg 1152w, https:\/\/grundschule-fasanenhof.de\/wp-content\/uploads\/2022\/09\/IMG_8365-rotated.jpg 1512w\" sizes=\"auto, (max-width: 225px) 100vw, 225px\" \/><\/a> <a href=\"https:\/\/grundschule-fasanenhof.de\/wp-content\/uploads\/2022\/09\/IMG_8361-rotated.jpg\"><img loading=\"lazy\" decoding=\"async\" class=\"alignnone size-medium wp-image-3582\" src=\"https:\/\/grundschule-fasanenhof.de\/wp-content\/uploads\/2022\/09\/IMG_8361-225x300.jpg\" alt=\"\" width=\"225\" height=\"300\" srcset=\"https:\/\/grundschule-fasanenhof.de\/wp-content\/uploads\/2022\/09\/IMG_8361-225x300.jpg 225w, https:\/\/grundschule-fasanenhof.de\/wp-content\/uploads\/2022\/09\/IMG_8361-768x1024.jpg 768w, https:\/\/grundschule-fasanenhof.de\/wp-content\/uploads\/2022\/09\/IMG_8361-1152x1536.jpg 1152w, https:\/\/grundschule-fasanenhof.de\/wp-content\/uploads\/2022\/09\/IMG_8361-rotated.jpg 1512w\" sizes=\"auto, (max-width: 225px) 100vw, 225px\" \/><\/a><\/div>\r\n<h2>Juli 2023 &#8211; Projekt &#8222;Sauberhafter Schulweg&#8220;\u00a0<\/h2>\r\n<p>Diesen Monat waren unsere Kinder auf wichtiger Mission: Wir reinigen die Stra\u00dfen und Wege in unserem Stadtteil. Im Rahmen des Projekts &#8222;Sauberhafter Schulweg&#8220;, das vom Sparkassen und Giroverband Hessen Th\u00fcringen unterst\u00fctzt wird, schnappten sich alle Klassen Zangen und M\u00fcllbeutel und sammelten M\u00fcll im Gebiet rund um die Schule. Flei\u00dfig wurden die M\u00fclls\u00e4cke gef\u00fcllt und der Umwelt so etwas Gutes getan. Auf dem Bild ist die Klasse 3a\u00a0 mit ihrer Ausbeute zu sehen.\u00a0<\/p>\r\n<p><a href=\"https:\/\/grundschule-fasanenhof.de\/wp-content\/uploads\/2022\/09\/20230718_102614-scaled.jpg\"><img loading=\"lazy\" decoding=\"async\" class=\"alignnone size-medium wp-image-3605\" src=\"https:\/\/grundschule-fasanenhof.de\/wp-content\/uploads\/2022\/09\/20230718_102614-300x169.jpg\" alt=\"\" width=\"300\" height=\"169\" srcset=\"https:\/\/grundschule-fasanenhof.de\/wp-content\/uploads\/2022\/09\/20230718_102614-300x169.jpg 300w, https:\/\/grundschule-fasanenhof.de\/wp-content\/uploads\/2022\/09\/20230718_102614-1024x577.jpg 1024w, https:\/\/grundschule-fasanenhof.de\/wp-content\/uploads\/2022\/09\/20230718_102614-768x432.jpg 768w, https:\/\/grundschule-fasanenhof.de\/wp-content\/uploads\/2022\/09\/20230718_102614-1536x865.jpg 1536w, https:\/\/grundschule-fasanenhof.de\/wp-content\/uploads\/2022\/09\/20230718_102614-2048x1153.jpg 2048w, https:\/\/grundschule-fasanenhof.de\/wp-content\/uploads\/2022\/09\/20230718_102614-848x480.jpg 848w\" sizes=\"auto, (max-width: 300px) 100vw, 300px\" \/><\/a><\/p>\r\n<h2>Juli 2023 &#8211; Kultursommer in Borken &#8211; Die 4b war dabei<\/h2>\r\n<p><a href=\"https:\/\/grundschule-fasanenhof.de\/wp-content\/uploads\/2022\/09\/Herunterladen-1.jpg\"><img loading=\"lazy\" decoding=\"async\" class=\"alignnone size-medium wp-image-3576\" src=\"https:\/\/grundschule-fasanenhof.de\/wp-content\/uploads\/2022\/09\/Herunterladen-1-300x276.jpg\" alt=\"\" width=\"300\" height=\"276\" srcset=\"https:\/\/grundschule-fasanenhof.de\/wp-content\/uploads\/2022\/09\/Herunterladen-1-300x276.jpg 300w, https:\/\/grundschule-fasanenhof.de\/wp-content\/uploads\/2022\/09\/Herunterladen-1-768x705.jpg 768w, https:\/\/grundschule-fasanenhof.de\/wp-content\/uploads\/2022\/09\/Herunterladen-1.jpg 1005w\" sizes=\"auto, (max-width: 300px) 100vw, 300px\" \/><\/a><\/p>\r\n<h2>Juni 2023 &#8211; Bei der 1b summts und brummts<\/h2>\r\n<div>Die Klasse 1b hat sich in der Projektwoche in einer Werkstattarbeit mit Insekten besch\u00e4ftigt. Wir haben einen Imker besucht, Insekten mit dem Lupenglas gesucht, den Abenteuerspielplatz in der Aue besucht, das Insektenhotel der Schule weiter bewohnbar gemacht und Wachst\u00fccher hergestellt.<\/div>\r\n<div><a href=\"https:\/\/grundschule-fasanenhof.de\/wp-content\/uploads\/2022\/09\/IMG_0883-rotated.jpg\"><img loading=\"lazy\" decoding=\"async\" class=\"alignnone size-medium wp-image-3583\" src=\"https:\/\/grundschule-fasanenhof.de\/wp-content\/uploads\/2022\/09\/IMG_0883-225x300.jpg\" alt=\"\" width=\"225\" height=\"300\" srcset=\"https:\/\/grundschule-fasanenhof.de\/wp-content\/uploads\/2022\/09\/IMG_0883-225x300.jpg 225w, https:\/\/grundschule-fasanenhof.de\/wp-content\/uploads\/2022\/09\/IMG_0883-768x1024.jpg 768w, https:\/\/grundschule-fasanenhof.de\/wp-content\/uploads\/2022\/09\/IMG_0883-1152x1536.jpg 1152w, https:\/\/grundschule-fasanenhof.de\/wp-content\/uploads\/2022\/09\/IMG_0883-rotated.jpg 1512w\" sizes=\"auto, (max-width: 225px) 100vw, 225px\" \/><\/a> <a href=\"https:\/\/grundschule-fasanenhof.de\/wp-content\/uploads\/2022\/09\/IMG_0874-rotated.jpg\"><img loading=\"lazy\" decoding=\"async\" class=\"alignnone size-medium wp-image-3584\" src=\"https:\/\/grundschule-fasanenhof.de\/wp-content\/uploads\/2022\/09\/IMG_0874-225x300.jpg\" alt=\"\" width=\"225\" height=\"300\" srcset=\"https:\/\/grundschule-fasanenhof.de\/wp-content\/uploads\/2022\/09\/IMG_0874-225x300.jpg 225w, https:\/\/grundschule-fasanenhof.de\/wp-content\/uploads\/2022\/09\/IMG_0874-768x1024.jpg 768w, https:\/\/grundschule-fasanenhof.de\/wp-content\/uploads\/2022\/09\/IMG_0874-1152x1536.jpg 1152w, https:\/\/grundschule-fasanenhof.de\/wp-content\/uploads\/2022\/09\/IMG_0874-rotated.jpg 1512w\" sizes=\"auto, (max-width: 225px) 100vw, 225px\" \/><\/a> <a href=\"https:\/\/grundschule-fasanenhof.de\/wp-content\/uploads\/2022\/09\/IMG_0873-rotated.jpg\"><img loading=\"lazy\" decoding=\"async\" class=\"alignnone size-medium wp-image-3585\" src=\"https:\/\/grundschule-fasanenhof.de\/wp-content\/uploads\/2022\/09\/IMG_0873-225x300.jpg\" alt=\"\" width=\"225\" height=\"300\" srcset=\"https:\/\/grundschule-fasanenhof.de\/wp-content\/uploads\/2022\/09\/IMG_0873-225x300.jpg 225w, https:\/\/grundschule-fasanenhof.de\/wp-content\/uploads\/2022\/09\/IMG_0873-768x1024.jpg 768w, https:\/\/grundschule-fasanenhof.de\/wp-content\/uploads\/2022\/09\/IMG_0873-1152x1536.jpg 1152w, https:\/\/grundschule-fasanenhof.de\/wp-content\/uploads\/2022\/09\/IMG_0873-rotated.jpg 1512w\" sizes=\"auto, (max-width: 225px) 100vw, 225px\" \/><\/a><\/div>\r\n<h2>Juni 2023 &#8211; Hoch hinaus mit der 2c<\/h2>\r\n<p>Heute hatte die Klasse 2c eine Privatf\u00fchrung bis unters Dach der Erl\u00f6serkirche. Hier konnten sogar die riesigen Glocken bestaunt werden, die wir sonst immer nur h\u00f6ren. Unser Vikar Herr Janssen hatte alles liebevoll vorbereitet und sogar Muffins f\u00fcr uns gebacken. Die Orgel konnte bestaunt und das Klavier ausprobiert werden, auch gesungen und gebastelt wurde. Es war ein toller Ausflug!<\/p>\r\n<p><a href=\"https:\/\/grundschule-fasanenhof.de\/wp-content\/uploads\/2022\/09\/IMG_3502-rotated.jpg\"><img loading=\"lazy\" decoding=\"async\" class=\"alignnone size-medium wp-image-3537\" src=\"https:\/\/grundschule-fasanenhof.de\/wp-content\/uploads\/2022\/09\/IMG_3502-225x300.jpg\" alt=\"\" width=\"225\" height=\"300\" srcset=\"https:\/\/grundschule-fasanenhof.de\/wp-content\/uploads\/2022\/09\/IMG_3502-225x300.jpg 225w, https:\/\/grundschule-fasanenhof.de\/wp-content\/uploads\/2022\/09\/IMG_3502-rotated.jpg 480w\" sizes=\"auto, (max-width: 225px) 100vw, 225px\" \/><\/a> <a href=\"https:\/\/grundschule-fasanenhof.de\/wp-content\/uploads\/2022\/09\/IMG_3503-rotated.jpg\"><img loading=\"lazy\" decoding=\"async\" class=\"alignnone size-medium wp-image-3538\" src=\"https:\/\/grundschule-fasanenhof.de\/wp-content\/uploads\/2022\/09\/IMG_3503-225x300.jpg\" alt=\"\" width=\"225\" height=\"300\" srcset=\"https:\/\/grundschule-fasanenhof.de\/wp-content\/uploads\/2022\/09\/IMG_3503-225x300.jpg 225w, https:\/\/grundschule-fasanenhof.de\/wp-content\/uploads\/2022\/09\/IMG_3503-rotated.jpg 480w\" sizes=\"auto, (max-width: 225px) 100vw, 225px\" \/><\/a> <a href=\"https:\/\/grundschule-fasanenhof.de\/wp-content\/uploads\/2022\/09\/IMG_3519-rotated.jpg\"><img loading=\"lazy\" decoding=\"async\" class=\"alignnone size-medium wp-image-3539\" src=\"https:\/\/grundschule-fasanenhof.de\/wp-content\/uploads\/2022\/09\/IMG_3519-225x300.jpg\" alt=\"\" width=\"225\" height=\"300\" srcset=\"https:\/\/grundschule-fasanenhof.de\/wp-content\/uploads\/2022\/09\/IMG_3519-225x300.jpg 225w, https:\/\/grundschule-fasanenhof.de\/wp-content\/uploads\/2022\/09\/IMG_3519-rotated.jpg 480w\" sizes=\"auto, (max-width: 225px) 100vw, 225px\" \/><\/a> <a href=\"https:\/\/grundschule-fasanenhof.de\/wp-content\/uploads\/2022\/09\/IMG_3514-rotated.jpg\"><img loading=\"lazy\" decoding=\"async\" class=\"alignnone size-medium wp-image-3540\" src=\"https:\/\/grundschule-fasanenhof.de\/wp-content\/uploads\/2022\/09\/IMG_3514-225x300.jpg\" alt=\"\" width=\"225\" height=\"300\" srcset=\"https:\/\/grundschule-fasanenhof.de\/wp-content\/uploads\/2022\/09\/IMG_3514-225x300.jpg 225w, https:\/\/grundschule-fasanenhof.de\/wp-content\/uploads\/2022\/09\/IMG_3514-rotated.jpg 480w\" sizes=\"auto, (max-width: 225px) 100vw, 225px\" \/><\/a> <a href=\"https:\/\/grundschule-fasanenhof.de\/wp-content\/uploads\/2022\/09\/IMG_3510-rotated.jpg\"><img loading=\"lazy\" decoding=\"async\" class=\"alignnone size-medium wp-image-3541\" src=\"https:\/\/grundschule-fasanenhof.de\/wp-content\/uploads\/2022\/09\/IMG_3510-225x300.jpg\" alt=\"\" width=\"225\" height=\"300\" srcset=\"https:\/\/grundschule-fasanenhof.de\/wp-content\/uploads\/2022\/09\/IMG_3510-225x300.jpg 225w, https:\/\/grundschule-fasanenhof.de\/wp-content\/uploads\/2022\/09\/IMG_3510-rotated.jpg 480w\" sizes=\"auto, (max-width: 225px) 100vw, 225px\" \/><\/a> <a href=\"https:\/\/grundschule-fasanenhof.de\/wp-content\/uploads\/2022\/09\/IMG_3511-rotated.jpg\"><img loading=\"lazy\" decoding=\"async\" class=\"alignnone size-medium wp-image-3542\" src=\"https:\/\/grundschule-fasanenhof.de\/wp-content\/uploads\/2022\/09\/IMG_3511-225x300.jpg\" alt=\"\" width=\"225\" height=\"300\" srcset=\"https:\/\/grundschule-fasanenhof.de\/wp-content\/uploads\/2022\/09\/IMG_3511-225x300.jpg 225w, https:\/\/grundschule-fasanenhof.de\/wp-content\/uploads\/2022\/09\/IMG_3511-rotated.jpg 480w\" sizes=\"auto, (max-width: 225px) 100vw, 225px\" \/><\/a><\/p>\r\n<h2>Juni 2023 &#8211; Bei der Klasse 1c ist tierisch was los<\/h2>\r\n<p>In der Lamaklasse hat sich in der Projektwoche alles um das Thema Hund gedreht. Die Kinder haben zur Abstammung, dem K\u00f6rperbau und den Sinnesorganen des Hundes sowie zu den verschiedenen Hunderassen und der Haltung von Hunden gearbeitet. Zweimal durfte Gro\u00dfpudel Wilma Frau Reygers in die Schule begleiten. Zun\u00e4chst wurden die Regeln im Umgang mit einem Hund aufgestellt. So konnte Erlerntes gleich an Wilma ge\u00fcbt und ausprobiert werden. Neben einer Trickvorf\u00fchrung hat Wilma mit den Kindern ein Rechenduell gespielt und versteckte Lernw\u00f6rter ge\u00fcbt. Aber auch die ein oder andere Streicheleinheit durfte nicht zu kurz kommen. Tenor der Lamaklasse: Wilma ist gro\u00df, lieb, weich und schlau.<\/p>\r\n<div>Ein weiteres Highlight der Woche: der Ausflug mit allen 1. Klassen auf den Abenteuerspielplatz in der Karlsaue mit einem anschlie\u00dfenden Eis aus der Eisdiele sowie das gemeinsame Abschlussfr\u00fchst\u00fcck am Freitag.<\/div>\r\n<div>\u00a0<\/div>\r\n<div><a href=\"https:\/\/grundschule-fasanenhof.de\/wp-content\/uploads\/2022\/09\/image0-rotated.jpeg\"><img loading=\"lazy\" decoding=\"async\" class=\"alignnone size-medium wp-image-3531\" src=\"https:\/\/grundschule-fasanenhof.de\/wp-content\/uploads\/2022\/09\/image0-225x300.jpeg\" alt=\"\" width=\"225\" height=\"300\" srcset=\"https:\/\/grundschule-fasanenhof.de\/wp-content\/uploads\/2022\/09\/image0-225x300.jpeg 225w, https:\/\/grundschule-fasanenhof.de\/wp-content\/uploads\/2022\/09\/image0-rotated.jpeg 480w\" sizes=\"auto, (max-width: 225px) 100vw, 225px\" \/><\/a> <a href=\"https:\/\/grundschule-fasanenhof.de\/wp-content\/uploads\/2022\/09\/image1-rotated.jpeg\"><img loading=\"lazy\" decoding=\"async\" class=\"alignnone size-medium wp-image-3532\" src=\"https:\/\/grundschule-fasanenhof.de\/wp-content\/uploads\/2022\/09\/image1-225x300.jpeg\" alt=\"\" width=\"225\" height=\"300\" srcset=\"https:\/\/grundschule-fasanenhof.de\/wp-content\/uploads\/2022\/09\/image1-225x300.jpeg 225w, https:\/\/grundschule-fasanenhof.de\/wp-content\/uploads\/2022\/09\/image1-rotated.jpeg 480w\" sizes=\"auto, (max-width: 225px) 100vw, 225px\" \/><\/a> <a href=\"https:\/\/grundschule-fasanenhof.de\/wp-content\/uploads\/2022\/09\/image2-rotated.jpeg\"><img loading=\"lazy\" decoding=\"async\" class=\"alignnone size-medium wp-image-3533\" src=\"https:\/\/grundschule-fasanenhof.de\/wp-content\/uploads\/2022\/09\/image2-225x300.jpeg\" alt=\"\" width=\"225\" height=\"300\" srcset=\"https:\/\/grundschule-fasanenhof.de\/wp-content\/uploads\/2022\/09\/image2-225x300.jpeg 225w, https:\/\/grundschule-fasanenhof.de\/wp-content\/uploads\/2022\/09\/image2-rotated.jpeg 480w\" sizes=\"auto, (max-width: 225px) 100vw, 225px\" \/><\/a> <a href=\"https:\/\/grundschule-fasanenhof.de\/wp-content\/uploads\/2022\/09\/image3-rotated.jpeg\"><img loading=\"lazy\" decoding=\"async\" class=\"alignnone size-medium wp-image-3534\" src=\"https:\/\/grundschule-fasanenhof.de\/wp-content\/uploads\/2022\/09\/image3-225x300.jpeg\" alt=\"\" width=\"225\" height=\"300\" srcset=\"https:\/\/grundschule-fasanenhof.de\/wp-content\/uploads\/2022\/09\/image3-225x300.jpeg 225w, https:\/\/grundschule-fasanenhof.de\/wp-content\/uploads\/2022\/09\/image3-rotated.jpeg 480w\" sizes=\"auto, (max-width: 225px) 100vw, 225px\" \/><\/a> <a href=\"https:\/\/grundschule-fasanenhof.de\/wp-content\/uploads\/2022\/09\/image5-rotated.jpeg\"><img loading=\"lazy\" decoding=\"async\" class=\"alignnone size-medium wp-image-3535\" src=\"https:\/\/grundschule-fasanenhof.de\/wp-content\/uploads\/2022\/09\/image5-225x300.jpeg\" alt=\"\" width=\"225\" height=\"300\" srcset=\"https:\/\/grundschule-fasanenhof.de\/wp-content\/uploads\/2022\/09\/image5-225x300.jpeg 225w, https:\/\/grundschule-fasanenhof.de\/wp-content\/uploads\/2022\/09\/image5-rotated.jpeg 480w\" sizes=\"auto, (max-width: 225px) 100vw, 225px\" \/><\/a> <a href=\"https:\/\/grundschule-fasanenhof.de\/wp-content\/uploads\/2022\/09\/image6-rotated.jpeg\"><img loading=\"lazy\" decoding=\"async\" class=\"alignnone size-medium wp-image-3536\" src=\"https:\/\/grundschule-fasanenhof.de\/wp-content\/uploads\/2022\/09\/image6-225x300.jpeg\" alt=\"\" width=\"225\" height=\"300\" srcset=\"https:\/\/grundschule-fasanenhof.de\/wp-content\/uploads\/2022\/09\/image6-225x300.jpeg 225w, https:\/\/grundschule-fasanenhof.de\/wp-content\/uploads\/2022\/09\/image6-rotated.jpeg 480w\" sizes=\"auto, (max-width: 225px) 100vw, 225px\" \/><\/a><\/div>\r\n<h2>\u00a0<\/h2>\r\n<h2>Juni 2023 &#8211; Die Klasse 2c stellt die Lauscher auf<\/h2>\r\n<p>In der Projektwoche w\u00e4hlte sich die Klasse 2c das Thema &#8222;Unsere Sinne&#8220;. Die Kinder lernten viel Neues und besuchten auch den Klangpfad im Park Sch\u00f6nfeld. Dort lauschten sie an verschiedenen Stationen zahlreichen T\u00f6nen und hatten eine richtig tolle Zeit.\u00a0<\/p>\r\n<p><a href=\"https:\/\/grundschule-fasanenhof.de\/wp-content\/uploads\/2022\/09\/2-2.jpg\"><img loading=\"lazy\" decoding=\"async\" class=\"alignnone size-medium wp-image-3520\" src=\"https:\/\/grundschule-fasanenhof.de\/wp-content\/uploads\/2022\/09\/2-2-300x225.jpg\" alt=\"\" width=\"300\" height=\"225\" srcset=\"https:\/\/grundschule-fasanenhof.de\/wp-content\/uploads\/2022\/09\/2-2-300x225.jpg 300w, https:\/\/grundschule-fasanenhof.de\/wp-content\/uploads\/2022\/09\/2-2.jpg 640w\" sizes=\"auto, (max-width: 300px) 100vw, 300px\" \/><\/a> <a href=\"https:\/\/grundschule-fasanenhof.de\/wp-content\/uploads\/2022\/09\/2-4.jpg\"><img loading=\"lazy\" decoding=\"async\" class=\"alignnone size-medium wp-image-3521\" src=\"https:\/\/grundschule-fasanenhof.de\/wp-content\/uploads\/2022\/09\/2-4-300x225.jpg\" alt=\"\" width=\"300\" height=\"225\" srcset=\"https:\/\/grundschule-fasanenhof.de\/wp-content\/uploads\/2022\/09\/2-4-300x225.jpg 300w, https:\/\/grundschule-fasanenhof.de\/wp-content\/uploads\/2022\/09\/2-4.jpg 640w\" sizes=\"auto, (max-width: 300px) 100vw, 300px\" \/><\/a> <a href=\"https:\/\/grundschule-fasanenhof.de\/wp-content\/uploads\/2022\/09\/2-5.jpg\"><img loading=\"lazy\" decoding=\"async\" class=\"alignnone size-medium wp-image-3522\" src=\"https:\/\/grundschule-fasanenhof.de\/wp-content\/uploads\/2022\/09\/2-5-300x225.jpg\" alt=\"\" width=\"300\" height=\"225\" srcset=\"https:\/\/grundschule-fasanenhof.de\/wp-content\/uploads\/2022\/09\/2-5-300x225.jpg 300w, https:\/\/grundschule-fasanenhof.de\/wp-content\/uploads\/2022\/09\/2-5.jpg 640w\" sizes=\"auto, (max-width: 300px) 100vw, 300px\" \/><\/a> <a href=\"https:\/\/grundschule-fasanenhof.de\/wp-content\/uploads\/2022\/09\/2-6.jpg\"><img loading=\"lazy\" decoding=\"async\" class=\"alignnone size-medium wp-image-3523\" src=\"https:\/\/grundschule-fasanenhof.de\/wp-content\/uploads\/2022\/09\/2-6-300x225.jpg\" alt=\"\" width=\"300\" height=\"225\" srcset=\"https:\/\/grundschule-fasanenhof.de\/wp-content\/uploads\/2022\/09\/2-6-300x225.jpg 300w, https:\/\/grundschule-fasanenhof.de\/wp-content\/uploads\/2022\/09\/2-6.jpg 640w\" sizes=\"auto, (max-width: 300px) 100vw, 300px\" \/><\/a> <img loading=\"lazy\" decoding=\"async\" class=\" wp-image-3524 alignleft\" src=\"https:\/\/grundschule-fasanenhof.de\/wp-content\/uploads\/2022\/09\/kkkkkk-225x300.jpg\" alt=\"\" width=\"219\" height=\"292\" srcset=\"https:\/\/grundschule-fasanenhof.de\/wp-content\/uploads\/2022\/09\/kkkkkk-225x300.jpg 225w, https:\/\/grundschule-fasanenhof.de\/wp-content\/uploads\/2022\/09\/kkkkkk-rotated.jpg 480w\" sizes=\"auto, (max-width: 219px) 100vw, 219px\" \/><a href=\"https:\/\/grundschule-fasanenhof.de\/wp-content\/uploads\/2022\/09\/lllll-rotated.jpg\"><img loading=\"lazy\" decoding=\"async\" class=\"alignnone size-medium wp-image-3525\" src=\"https:\/\/grundschule-fasanenhof.de\/wp-content\/uploads\/2022\/09\/lllll-225x300.jpg\" alt=\"\" width=\"225\" height=\"300\" srcset=\"https:\/\/grundschule-fasanenhof.de\/wp-content\/uploads\/2022\/09\/lllll-225x300.jpg 225w, https:\/\/grundschule-fasanenhof.de\/wp-content\/uploads\/2022\/09\/lllll-rotated.jpg 480w\" sizes=\"auto, (max-width: 225px) 100vw, 225px\" \/><\/a> \u00a0\u00a0 <a href=\"https:\/\/grundschule-fasanenhof.de\/wp-content\/uploads\/2022\/09\/mmmm-rotated.jpg\"><img loading=\"lazy\" decoding=\"async\" class=\"alignnone size-medium wp-image-3526\" src=\"https:\/\/grundschule-fasanenhof.de\/wp-content\/uploads\/2022\/09\/mmmm-225x300.jpg\" alt=\"\" width=\"225\" height=\"300\" srcset=\"https:\/\/grundschule-fasanenhof.de\/wp-content\/uploads\/2022\/09\/mmmm-225x300.jpg 225w, https:\/\/grundschule-fasanenhof.de\/wp-content\/uploads\/2022\/09\/mmmm-rotated.jpg 480w\" sizes=\"auto, (max-width: 225px) 100vw, 225px\" \/><\/a><\/p>\r\n<h2>Juni 2023 &#8211; Die 4c ist laser-m\u00e4\u00dfig unterwegs<\/h2>\r\n<p>Am Montag ging es f\u00fcr die Klasse 4c in die N\u00e4he des Hauptbahnhofs. Dort besuchten die Kinder, Frau Rauch, Frau Peter\u00df und Herr Wenzel die Lasertag-Halle. In zwei Teams trat die Klasse in einem sportlichen Wettkampf gegeneinander an. Ziel war es, mit dem Laserstrahl die Sensoren am Stirnband des Gegners zu treffen und ordentlich Punkte zu sammeln, ohne selbst ins Visier zu geraten. In der Domination-Runde mussten au\u00dferdem drei Checkpoints f\u00fcrs eigene Team eingenommen und so gut wie m\u00f6glich verteidigt werden. Alle hatten sichtlich Spa\u00df und waren nach einer Stunde Spielzeit ordentlich ausgepowert.<\/p>\r\n<p><a href=\"https:\/\/grundschule-fasanenhof.de\/wp-content\/uploads\/2022\/09\/1-scaled.jpg\"><img loading=\"lazy\" decoding=\"async\" class=\"alignnone size-medium wp-image-3496\" src=\"https:\/\/grundschule-fasanenhof.de\/wp-content\/uploads\/2022\/09\/1-300x171.jpg\" alt=\"\" width=\"300\" height=\"171\" srcset=\"https:\/\/grundschule-fasanenhof.de\/wp-content\/uploads\/2022\/09\/1-300x171.jpg 300w, https:\/\/grundschule-fasanenhof.de\/wp-content\/uploads\/2022\/09\/1-1024x583.jpg 1024w, https:\/\/grundschule-fasanenhof.de\/wp-content\/uploads\/2022\/09\/1-768x438.jpg 768w, https:\/\/grundschule-fasanenhof.de\/wp-content\/uploads\/2022\/09\/1-1536x875.jpg 1536w, https:\/\/grundschule-fasanenhof.de\/wp-content\/uploads\/2022\/09\/1-2048x1167.jpg 2048w, https:\/\/grundschule-fasanenhof.de\/wp-content\/uploads\/2022\/09\/1-848x480.jpg 848w\" sizes=\"auto, (max-width: 300px) 100vw, 300px\" \/><\/a> <a href=\"https:\/\/grundschule-fasanenhof.de\/wp-content\/uploads\/2022\/09\/2-scaled.jpg\"><img loading=\"lazy\" decoding=\"async\" class=\"alignnone size-medium wp-image-3497\" src=\"https:\/\/grundschule-fasanenhof.de\/wp-content\/uploads\/2022\/09\/2-300x171.jpg\" alt=\"\" width=\"300\" height=\"171\" srcset=\"https:\/\/grundschule-fasanenhof.de\/wp-content\/uploads\/2022\/09\/2-300x171.jpg 300w, https:\/\/grundschule-fasanenhof.de\/wp-content\/uploads\/2022\/09\/2-1024x585.jpg 1024w, https:\/\/grundschule-fasanenhof.de\/wp-content\/uploads\/2022\/09\/2-768x439.jpg 768w, https:\/\/grundschule-fasanenhof.de\/wp-content\/uploads\/2022\/09\/2-1536x878.jpg 1536w, https:\/\/grundschule-fasanenhof.de\/wp-content\/uploads\/2022\/09\/2-2048x1171.jpg 2048w, https:\/\/grundschule-fasanenhof.de\/wp-content\/uploads\/2022\/09\/2-848x480.jpg 848w\" sizes=\"auto, (max-width: 300px) 100vw, 300px\" \/><\/a> <a href=\"https:\/\/grundschule-fasanenhof.de\/wp-content\/uploads\/2022\/09\/3-scaled.jpg\"><img loading=\"lazy\" decoding=\"async\" class=\"alignnone size-medium wp-image-3498\" src=\"https:\/\/grundschule-fasanenhof.de\/wp-content\/uploads\/2022\/09\/3-300x172.jpg\" alt=\"\" width=\"300\" height=\"172\" srcset=\"https:\/\/grundschule-fasanenhof.de\/wp-content\/uploads\/2022\/09\/3-300x172.jpg 300w, https:\/\/grundschule-fasanenhof.de\/wp-content\/uploads\/2022\/09\/3-1024x586.jpg 1024w, https:\/\/grundschule-fasanenhof.de\/wp-content\/uploads\/2022\/09\/3-768x439.jpg 768w, https:\/\/grundschule-fasanenhof.de\/wp-content\/uploads\/2022\/09\/3-1536x879.jpg 1536w, https:\/\/grundschule-fasanenhof.de\/wp-content\/uploads\/2022\/09\/3-2048x1172.jpg 2048w\" sizes=\"auto, (max-width: 300px) 100vw, 300px\" \/><\/a> <a href=\"https:\/\/grundschule-fasanenhof.de\/wp-content\/uploads\/2022\/09\/4-scaled.jpg\"><img loading=\"lazy\" decoding=\"async\" class=\"alignnone size-medium wp-image-3499\" src=\"https:\/\/grundschule-fasanenhof.de\/wp-content\/uploads\/2022\/09\/4-300x169.jpg\" alt=\"\" width=\"300\" height=\"169\" srcset=\"https:\/\/grundschule-fasanenhof.de\/wp-content\/uploads\/2022\/09\/4-300x169.jpg 300w, https:\/\/grundschule-fasanenhof.de\/wp-content\/uploads\/2022\/09\/4-1024x576.jpg 1024w, https:\/\/grundschule-fasanenhof.de\/wp-content\/uploads\/2022\/09\/4-768x432.jpg 768w, https:\/\/grundschule-fasanenhof.de\/wp-content\/uploads\/2022\/09\/4-1536x864.jpg 1536w, https:\/\/grundschule-fasanenhof.de\/wp-content\/uploads\/2022\/09\/4-2048x1152.jpg 2048w, https:\/\/grundschule-fasanenhof.de\/wp-content\/uploads\/2022\/09\/4-848x480.jpg 848w\" sizes=\"auto, (max-width: 300px) 100vw, 300px\" \/><\/a><\/p>\r\n<h2>Juni 2023 &#8211; Die Kochen&amp;Backen-AG war wieder flei\u00dfig<\/h2>\r\n<p>In der Kochen&amp;Backen-AG gab es wieder Leckeres. Hier sind es herzhafte Muffins mit K\u00e4se und Sucuk. Letzte Woche konnten sich die Familien \u00fcber selbstgemachte Erdbeermarmelade freuen und diese Woche waren es Pizzabr\u00f6tchen.<\/p>\r\n<p><a href=\"https:\/\/grundschule-fasanenhof.de\/wp-content\/uploads\/2022\/09\/IMG_20230612_140241-scaled.jpg\"><img loading=\"lazy\" decoding=\"async\" class=\"alignnone size-medium wp-image-3503\" src=\"https:\/\/grundschule-fasanenhof.de\/wp-content\/uploads\/2022\/09\/IMG_20230612_140241-225x300.jpg\" alt=\"\" width=\"225\" height=\"300\" srcset=\"https:\/\/grundschule-fasanenhof.de\/wp-content\/uploads\/2022\/09\/IMG_20230612_140241-225x300.jpg 225w, https:\/\/grundschule-fasanenhof.de\/wp-content\/uploads\/2022\/09\/IMG_20230612_140241-768x1024.jpg 768w, https:\/\/grundschule-fasanenhof.de\/wp-content\/uploads\/2022\/09\/IMG_20230612_140241-1152x1536.jpg 1152w, https:\/\/grundschule-fasanenhof.de\/wp-content\/uploads\/2022\/09\/IMG_20230612_140241-1536x2048.jpg 1536w, https:\/\/grundschule-fasanenhof.de\/wp-content\/uploads\/2022\/09\/IMG_20230612_140241-scaled.jpg 1920w\" sizes=\"auto, (max-width: 225px) 100vw, 225px\" \/><\/a> <a href=\"https:\/\/grundschule-fasanenhof.de\/wp-content\/uploads\/2022\/09\/IMG_20230612_140221-scaled.jpg\"><img loading=\"lazy\" decoding=\"async\" class=\"alignnone size-medium wp-image-3504\" src=\"https:\/\/grundschule-fasanenhof.de\/wp-content\/uploads\/2022\/09\/IMG_20230612_140221-225x300.jpg\" alt=\"\" width=\"225\" height=\"300\" srcset=\"https:\/\/grundschule-fasanenhof.de\/wp-content\/uploads\/2022\/09\/IMG_20230612_140221-225x300.jpg 225w, https:\/\/grundschule-fasanenhof.de\/wp-content\/uploads\/2022\/09\/IMG_20230612_140221-768x1024.jpg 768w, https:\/\/grundschule-fasanenhof.de\/wp-content\/uploads\/2022\/09\/IMG_20230612_140221-1152x1536.jpg 1152w, https:\/\/grundschule-fasanenhof.de\/wp-content\/uploads\/2022\/09\/IMG_20230612_140221-1536x2048.jpg 1536w, https:\/\/grundschule-fasanenhof.de\/wp-content\/uploads\/2022\/09\/IMG_20230612_140221-scaled.jpg 1920w\" sizes=\"auto, (max-width: 225px) 100vw, 225px\" \/><\/a> <a href=\"https:\/\/grundschule-fasanenhof.de\/wp-content\/uploads\/2022\/09\/IMG_20230612_140317-scaled.jpg\"><img loading=\"lazy\" decoding=\"async\" class=\"alignnone size-medium wp-image-3505\" src=\"https:\/\/grundschule-fasanenhof.de\/wp-content\/uploads\/2022\/09\/IMG_20230612_140317-225x300.jpg\" alt=\"\" width=\"225\" height=\"300\" srcset=\"https:\/\/grundschule-fasanenhof.de\/wp-content\/uploads\/2022\/09\/IMG_20230612_140317-225x300.jpg 225w, https:\/\/grundschule-fasanenhof.de\/wp-content\/uploads\/2022\/09\/IMG_20230612_140317-768x1024.jpg 768w, https:\/\/grundschule-fasanenhof.de\/wp-content\/uploads\/2022\/09\/IMG_20230612_140317-1152x1536.jpg 1152w, https:\/\/grundschule-fasanenhof.de\/wp-content\/uploads\/2022\/09\/IMG_20230612_140317-1536x2048.jpg 1536w, https:\/\/grundschule-fasanenhof.de\/wp-content\/uploads\/2022\/09\/IMG_20230612_140317-scaled.jpg 1920w\" sizes=\"auto, (max-width: 225px) 100vw, 225px\" \/><\/a> <a href=\"https:\/\/grundschule-fasanenhof.de\/wp-content\/uploads\/2022\/09\/IMG_20230612_140256-scaled.jpg\"><img loading=\"lazy\" decoding=\"async\" class=\"alignnone size-medium wp-image-3506\" src=\"https:\/\/grundschule-fasanenhof.de\/wp-content\/uploads\/2022\/09\/IMG_20230612_140256-225x300.jpg\" alt=\"\" width=\"225\" height=\"300\" srcset=\"https:\/\/grundschule-fasanenhof.de\/wp-content\/uploads\/2022\/09\/IMG_20230612_140256-225x300.jpg 225w, https:\/\/grundschule-fasanenhof.de\/wp-content\/uploads\/2022\/09\/IMG_20230612_140256-768x1024.jpg 768w, https:\/\/grundschule-fasanenhof.de\/wp-content\/uploads\/2022\/09\/IMG_20230612_140256-1152x1536.jpg 1152w, https:\/\/grundschule-fasanenhof.de\/wp-content\/uploads\/2022\/09\/IMG_20230612_140256-1536x2048.jpg 1536w, https:\/\/grundschule-fasanenhof.de\/wp-content\/uploads\/2022\/09\/IMG_20230612_140256-scaled.jpg 1920w\" sizes=\"auto, (max-width: 225px) 100vw, 225px\" \/><\/a> <a href=\"https:\/\/grundschule-fasanenhof.de\/wp-content\/uploads\/2022\/09\/IMG_20230612_140913-scaled.jpg\"><img loading=\"lazy\" decoding=\"async\" class=\"alignnone size-medium wp-image-3507\" src=\"https:\/\/grundschule-fasanenhof.de\/wp-content\/uploads\/2022\/09\/IMG_20230612_140913-225x300.jpg\" alt=\"\" width=\"225\" height=\"300\" srcset=\"https:\/\/grundschule-fasanenhof.de\/wp-content\/uploads\/2022\/09\/IMG_20230612_140913-225x300.jpg 225w, https:\/\/grundschule-fasanenhof.de\/wp-content\/uploads\/2022\/09\/IMG_20230612_140913-768x1024.jpg 768w, https:\/\/grundschule-fasanenhof.de\/wp-content\/uploads\/2022\/09\/IMG_20230612_140913-1152x1536.jpg 1152w, https:\/\/grundschule-fasanenhof.de\/wp-content\/uploads\/2022\/09\/IMG_20230612_140913-1536x2048.jpg 1536w, https:\/\/grundschule-fasanenhof.de\/wp-content\/uploads\/2022\/09\/IMG_20230612_140913-scaled.jpg 1920w\" sizes=\"auto, (max-width: 225px) 100vw, 225px\" \/><\/a><\/p>\r\n<h2>Mai 2023- Autorenlesung von Jean-Philippe Devise<\/h2>\r\n<div>Am 25. Mai 2023 war es endlich so weit: Nach einer langen Pause wegen Corona konnte die Fasanenhofschule wieder einen Autor begr\u00fc\u00dfen.<\/div>\r\n<div>Jean-Philippe Devise las unterhaltsam und mitrei\u00dfend aus seinen 2 B\u00fcchern. Die j\u00fcngeren Sch\u00fclerinnen und Sch\u00fcler lernten Jonas kennen, der beschlossen hatte, nie wieder aufzustehen und schon gar nicht in die Schule zu gehen. Auf dem spannenden und ber\u00fchrenden Weg von Jonas, der am Ende durch seinen Freund Tim stark und mutig wird und wieder Lust auf die Schule hat, nahm der Autor die Kinder auf seine ganz eigene Art und Weise zu lesen mit. Das Buch &#8220; Jonas steht nicht mehr auf&#8220; ist ein Buch gegen die Angst.\u00a0<\/div>\r\n<div>Die \u00e4lteren Sch\u00fcler und Sch\u00fclerinnen gingen mit Annika und der Katze Elefant durch dick und d\u00fcnn, denn Annika wird gemobbt, weil sie etwas moppelig ist. Die magische Katze &#8211; klein, h\u00fcbsch und weise &#8211; freundet sich mit Annika an. Von da an nimmt Annikas Leben eine unerwartete Wendung, von der sie nie zu tr\u00e4umen gewagt h\u00e4tte. Das Buch &#8222;Die Katze Elefant auf meiner Schulter&#8220; kam gut an.<\/div>\r\n<div>Der Vormittag war ein voller Erfolg f\u00fcr die Schulgemeinde.\u00a0<\/div>\r\n<div>\u00a0<\/div>\r\n<div><a href=\"https:\/\/grundschule-fasanenhof.de\/wp-content\/uploads\/2022\/09\/51MgKseI5YL._SY445_SX342_.jpg\"><img loading=\"lazy\" decoding=\"async\" class=\"alignnone size-medium wp-image-3509\" src=\"https:\/\/grundschule-fasanenhof.de\/wp-content\/uploads\/2022\/09\/51MgKseI5YL._SY445_SX342_-212x300.jpg\" alt=\"\" width=\"212\" height=\"300\" srcset=\"https:\/\/grundschule-fasanenhof.de\/wp-content\/uploads\/2022\/09\/51MgKseI5YL._SY445_SX342_-212x300.jpg 212w, https:\/\/grundschule-fasanenhof.de\/wp-content\/uploads\/2022\/09\/51MgKseI5YL._SY445_SX342_.jpg 314w\" sizes=\"auto, (max-width: 212px) 100vw, 212px\" \/><\/a> <a href=\"https:\/\/grundschule-fasanenhof.de\/wp-content\/uploads\/2022\/09\/5112c87qoL.jpg\"><img loading=\"lazy\" decoding=\"async\" class=\"alignnone size-medium wp-image-3510\" src=\"https:\/\/grundschule-fasanenhof.de\/wp-content\/uploads\/2022\/09\/5112c87qoL-211x300.jpg\" alt=\"\" width=\"211\" height=\"300\" srcset=\"https:\/\/grundschule-fasanenhof.de\/wp-content\/uploads\/2022\/09\/5112c87qoL-211x300.jpg 211w, https:\/\/grundschule-fasanenhof.de\/wp-content\/uploads\/2022\/09\/5112c87qoL.jpg 351w\" sizes=\"auto, (max-width: 211px) 100vw, 211px\" \/><\/a><\/div>\r\n<h2>\u00a0<\/h2>\r\n<h2>M\u00e4rz 2023 &#8211; 100 Schultage geschafft! Die Feier der Klasse 1b<\/h2>\n\n\n\n<div data-wp-interactive=\"core\/file\" class=\"wp-block-file\"><object data-wp-bind--hidden=\"!state.hasPdfPreview\" hidden class=\"wp-block-file__embed\" style=\"width: 100%; height: 600px;\" data=\"https:\/\/grundschule-fasanenhof.de\/wp-content\/uploads\/2023\/03\/100Tage_1b.pdf\" type=\"application\/pdf\" width=\"300\" height=\"150\" aria-label=\"Einbettung von 100Tage_1b.\"><\/object><a id=\"wp-block-file--media-c1e31133-ceec-46cd-b4fc-f16be31d324f\" href=\"https:\/\/grundschule-fasanenhof.de\/wp-content\/uploads\/2023\/03\/100Tage_1b.pdf\">100Tage_1b<\/a><\/div>\n\n\n\n<h2 class=\"wp-block-heading\">Februrar und M\u00e4rz 2023 &#8211; Gesponsertes Insektenprojekt<\/h2>\n\n\n\n<div data-wp-interactive=\"core\/file\" class=\"wp-block-file\"><object data-wp-bind--hidden=\"!state.hasPdfPreview\" hidden class=\"wp-block-file__embed\" style=\"width: 100%; height: 600px;\" data=\"https:\/\/grundschule-fasanenhof.de\/wp-content\/uploads\/2023\/03\/Insektenprojekt-am-28-1.pdf\" type=\"application\/pdf\" width=\"300\" height=\"150\" aria-label=\"Einbettung von Insektenprojekt-am-28-1.\"><\/object><a id=\"wp-block-file--media-7d63d9ad-ec13-420a-b723-f8fabc073440\" href=\"https:\/\/grundschule-fasanenhof.de\/wp-content\/uploads\/2023\/03\/Insektenprojekt-am-28-1.pdf\">Insektenprojekt-am-28-1<\/a><\/div>\n\n\n\n<h2 class=\"wp-block-heading\">Februar 2023 &#8211; Zu Besuch in der Hegelsbergschule<\/h2>\n\n\n\n<p>Am 02.02.2023 machte sich der Jahrgang vier bei Wind und Wetter zu einem Ausflug an die Hegelsbergschule auf. Dort wurden die Jungen und M\u00e4dchen zu Zuschauern eines Konzerts und Theaterst\u00fccks der dortigen Sch\u00fclerschaft.<\/p>\n\n\n\n<p>Die Kinder lauschten Songs wie \u201eRolling in the Deep\u201c, \u201eI\u00b4ll be missing you\u201c und \u201eBonnie und Clyde\u201c, die von den verschiedenen Jahrg\u00e4ngen der weiterf\u00fchrenden Gesamtschule performt wurden. Besonders gut kam das St\u00fcck \u201eAschenputtel mal anders\u201c an, bei dem es vor allem auf Grund des \u201esch\u00f6nen Prinzen\u201c viel zu lachen gab.<\/p>\n\n\n\n<p>Trotz des schlechten Wetters waren sich am Ende des Ausflug alle dar\u00fcber einig, dass er sich auf jeden Fall gelohnt hatte. F\u00fcr die begleitenden Lehrkr\u00e4fte war es au\u00dferdem sehr sch\u00f6n, ehemalige Sch\u00fclerinnen und Sch\u00fcler der Fasanenhofschule und ihre tollen Auftritte beobachten zu k\u00f6nnen.<\/p>\n\n\n\n<figure class=\"wp-block-gallery has-nested-images columns-default is-cropped wp-block-gallery-41 is-layout-flex wp-block-gallery-is-layout-flex\">\n<figure class=\"wp-block-image size-large\"><img loading=\"lazy\" decoding=\"async\" width=\"1024\" height=\"766\" data-id=\"3141\" src=\"https:\/\/grundschule-fasanenhof.de\/wp-content\/uploads\/2023\/02\/IMG_20230202_113343-1024x766.jpg\" alt=\"\" class=\"wp-image-3141\" srcset=\"https:\/\/grundschule-fasanenhof.de\/wp-content\/uploads\/2023\/02\/IMG_20230202_113343-1024x766.jpg 1024w, https:\/\/grundschule-fasanenhof.de\/wp-content\/uploads\/2023\/02\/IMG_20230202_113343-300x224.jpg 300w, https:\/\/grundschule-fasanenhof.de\/wp-content\/uploads\/2023\/02\/IMG_20230202_113343-768x574.jpg 768w, https:\/\/grundschule-fasanenhof.de\/wp-content\/uploads\/2023\/02\/IMG_20230202_113343-1536x1149.jpg 1536w, https:\/\/grundschule-fasanenhof.de\/wp-content\/uploads\/2023\/02\/IMG_20230202_113343-2048x1532.jpg 2048w\" sizes=\"auto, (max-width: 1024px) 100vw, 1024px\" \/><\/figure>\n\n\n\n<figure class=\"wp-block-image size-large\"><img loading=\"lazy\" decoding=\"async\" width=\"766\" height=\"1024\" data-id=\"3140\" src=\"https:\/\/grundschule-fasanenhof.de\/wp-content\/uploads\/2023\/02\/IMG_20230202_120810-766x1024.jpg\" alt=\"\" class=\"wp-image-3140\" srcset=\"https:\/\/grundschule-fasanenhof.de\/wp-content\/uploads\/2023\/02\/IMG_20230202_120810-766x1024.jpg 766w, https:\/\/grundschule-fasanenhof.de\/wp-content\/uploads\/2023\/02\/IMG_20230202_120810-224x300.jpg 224w, https:\/\/grundschule-fasanenhof.de\/wp-content\/uploads\/2023\/02\/IMG_20230202_120810-768x1027.jpg 768w, https:\/\/grundschule-fasanenhof.de\/wp-content\/uploads\/2023\/02\/IMG_20230202_120810-1149x1536.jpg 1149w, https:\/\/grundschule-fasanenhof.de\/wp-content\/uploads\/2023\/02\/IMG_20230202_120810-1532x2048.jpg 1532w, https:\/\/grundschule-fasanenhof.de\/wp-content\/uploads\/2023\/02\/IMG_20230202_120810-scaled.jpg 1915w\" sizes=\"auto, (max-width: 766px) 100vw, 766px\" \/><\/figure>\n<\/figure>\n\n\n\n<h2 class=\"wp-block-heading\">Februar 2023 &#8211; Projekt &#8222;Klickstarter&#8220;<\/h2>\n\n\n\n<p>Im Jahrgang drei war in den letzten Monaten einiges los. Die Kinder nahmen am Klickstarter-Projekt teil und lernten den richtigen Umgang mit Medien und dem Internet kennen.<\/p>\n\n\n\n<p>Im Rahmen des Sachunterrichts besch\u00e4ftigten sich die M\u00e4dchen und Jungen unter der Anleitung von Frau Bley, Frau Schilling und Frau Rauch mit vier gro\u00dfen Themenfeldern: \u201eMedien und wie wir sie nutzen\u201c, \u201eDas Internet und Recherche mit dessen Hilfe\u201c, \u201eMeine pers\u00f6nlichen Daten und ihr Schutz\u201c und \u201eKommunikation und Mobbing im Internet\u201c.<\/p>\n\n\n\n<p>Zum Abschluss der Unterrichtseinheiten kamen Frau von Berlepsch und Frau Sch\u00f6nherr vom Medienblau-Team in den Klassen vorbei. Im Rahmen eines Projekttags erstellten sie zusammen mit den Kindern kleine Fotostories zu den vier Themenfeldern, die auf Plakaten festgehalten wurden.<\/p>\n\n\n\n<p>Seinen H\u00f6henpunkt fand das Klickstarter-Projekt dann am 01.02.2023: Die Kinder der dritten Klassen kamen zusammen mit ihren Eltern in die Schule. Dort pr\u00e4sentierten die M\u00e4dchen und Jungen ihre Plakate und erz\u00e4hlten den Erwachsenen, was sie alles gelernt hatten. Und das war so einiges! Im Anschluss fand noch eine Informationsveranstaltung unter der Durchf\u00fchrung von Frau von Berlepsch statt, die den Eltern Tipps und Tricks zur Medienerziehung der Kinder n\u00e4her brachte.<\/p>\n\n\n\n<figure class=\"wp-block-gallery has-nested-images columns-default is-cropped wp-block-gallery-42 is-layout-flex wp-block-gallery-is-layout-flex\">\n<figure class=\"wp-block-image size-large\"><img loading=\"lazy\" decoding=\"async\" width=\"766\" height=\"1024\" data-id=\"3139\" src=\"https:\/\/grundschule-fasanenhof.de\/wp-content\/uploads\/2023\/02\/IMG_20230201_172426-8-766x1024.jpg\" alt=\"\" class=\"wp-image-3139\" srcset=\"https:\/\/grundschule-fasanenhof.de\/wp-content\/uploads\/2023\/02\/IMG_20230201_172426-8-766x1024.jpg 766w, https:\/\/grundschule-fasanenhof.de\/wp-content\/uploads\/2023\/02\/IMG_20230201_172426-8-224x300.jpg 224w, https:\/\/grundschule-fasanenhof.de\/wp-content\/uploads\/2023\/02\/IMG_20230201_172426-8-768x1027.jpg 768w, https:\/\/grundschule-fasanenhof.de\/wp-content\/uploads\/2023\/02\/IMG_20230201_172426-8-1149x1536.jpg 1149w, https:\/\/grundschule-fasanenhof.de\/wp-content\/uploads\/2023\/02\/IMG_20230201_172426-8-1532x2048.jpg 1532w, https:\/\/grundschule-fasanenhof.de\/wp-content\/uploads\/2023\/02\/IMG_20230201_172426-8-scaled.jpg 1915w\" sizes=\"auto, (max-width: 766px) 100vw, 766px\" \/><\/figure>\n\n\n\n<figure class=\"wp-block-image size-large\"><img loading=\"lazy\" decoding=\"async\" width=\"766\" height=\"1024\" data-id=\"3138\" src=\"https:\/\/grundschule-fasanenhof.de\/wp-content\/uploads\/2023\/02\/1675456280410-1-766x1024.jpg\" alt=\"\" class=\"wp-image-3138\" srcset=\"https:\/\/grundschule-fasanenhof.de\/wp-content\/uploads\/2023\/02\/1675456280410-1-766x1024.jpg 766w, https:\/\/grundschule-fasanenhof.de\/wp-content\/uploads\/2023\/02\/1675456280410-1-224x300.jpg 224w, https:\/\/grundschule-fasanenhof.de\/wp-content\/uploads\/2023\/02\/1675456280410-1-768x1027.jpg 768w, https:\/\/grundschule-fasanenhof.de\/wp-content\/uploads\/2023\/02\/1675456280410-1-1149x1536.jpg 1149w, https:\/\/grundschule-fasanenhof.de\/wp-content\/uploads\/2023\/02\/1675456280410-1-1532x2048.jpg 1532w, https:\/\/grundschule-fasanenhof.de\/wp-content\/uploads\/2023\/02\/1675456280410-1-scaled.jpg 1915w\" sizes=\"auto, (max-width: 766px) 100vw, 766px\" \/><\/figure>\n\n\n\n<figure class=\"wp-block-image size-large\"><img loading=\"lazy\" decoding=\"async\" width=\"776\" height=\"1024\" data-id=\"3136\" src=\"https:\/\/grundschule-fasanenhof.de\/wp-content\/uploads\/2023\/02\/IMG_20230201_172435-4-776x1024.jpg\" alt=\"\" class=\"wp-image-3136\" srcset=\"https:\/\/grundschule-fasanenhof.de\/wp-content\/uploads\/2023\/02\/IMG_20230201_172435-4-776x1024.jpg 776w, https:\/\/grundschule-fasanenhof.de\/wp-content\/uploads\/2023\/02\/IMG_20230201_172435-4-227x300.jpg 227w, https:\/\/grundschule-fasanenhof.de\/wp-content\/uploads\/2023\/02\/IMG_20230201_172435-4-768x1013.jpg 768w, https:\/\/grundschule-fasanenhof.de\/wp-content\/uploads\/2023\/02\/IMG_20230201_172435-4-1164x1536.jpg 1164w, https:\/\/grundschule-fasanenhof.de\/wp-content\/uploads\/2023\/02\/IMG_20230201_172435-4-1552x2048.jpg 1552w, https:\/\/grundschule-fasanenhof.de\/wp-content\/uploads\/2023\/02\/IMG_20230201_172435-4-scaled.jpg 1940w\" sizes=\"auto, (max-width: 776px) 100vw, 776px\" \/><\/figure>\n\n\n\n<figure class=\"wp-block-image size-large\"><img loading=\"lazy\" decoding=\"async\" width=\"1024\" height=\"766\" data-id=\"3137\" src=\"https:\/\/grundschule-fasanenhof.de\/wp-content\/uploads\/2023\/02\/IMG_20230201_174043-3-1024x766.jpg\" alt=\"\" class=\"wp-image-3137\" srcset=\"https:\/\/grundschule-fasanenhof.de\/wp-content\/uploads\/2023\/02\/IMG_20230201_174043-3-1024x766.jpg 1024w, https:\/\/grundschule-fasanenhof.de\/wp-content\/uploads\/2023\/02\/IMG_20230201_174043-3-300x224.jpg 300w, https:\/\/grundschule-fasanenhof.de\/wp-content\/uploads\/2023\/02\/IMG_20230201_174043-3-768x574.jpg 768w, https:\/\/grundschule-fasanenhof.de\/wp-content\/uploads\/2023\/02\/IMG_20230201_174043-3-1536x1149.jpg 1536w, https:\/\/grundschule-fasanenhof.de\/wp-content\/uploads\/2023\/02\/IMG_20230201_174043-3-2048x1532.jpg 2048w\" sizes=\"auto, (max-width: 1024px) 100vw, 1024px\" \/><\/figure>\n\n\n\n<figure class=\"wp-block-image size-large\"><img loading=\"lazy\" decoding=\"async\" width=\"1024\" height=\"749\" data-id=\"3135\" src=\"https:\/\/grundschule-fasanenhof.de\/wp-content\/uploads\/2023\/02\/IMG_20230201_175021-3-1024x749.jpg\" alt=\"\" class=\"wp-image-3135\" srcset=\"https:\/\/grundschule-fasanenhof.de\/wp-content\/uploads\/2023\/02\/IMG_20230201_175021-3-1024x749.jpg 1024w, https:\/\/grundschule-fasanenhof.de\/wp-content\/uploads\/2023\/02\/IMG_20230201_175021-3-300x219.jpg 300w, https:\/\/grundschule-fasanenhof.de\/wp-content\/uploads\/2023\/02\/IMG_20230201_175021-3-768x562.jpg 768w, https:\/\/grundschule-fasanenhof.de\/wp-content\/uploads\/2023\/02\/IMG_20230201_175021-3-1536x1123.jpg 1536w, https:\/\/grundschule-fasanenhof.de\/wp-content\/uploads\/2023\/02\/IMG_20230201_175021-3-2048x1498.jpg 2048w\" sizes=\"auto, (max-width: 1024px) 100vw, 1024px\" \/><\/figure>\n<\/figure>\n\n\n\n<h2 class=\"wp-block-heading\">Januar 2023 &#8211; Spielraumtheater<\/h2>\n\n\n\n<p>Mit gro\u00dfer Begeisterung wurden die Kinder und Lehrkr\u00e4fte der Fasanenhofschule von Stefan Becker in den Bann des Theaters gezogen. Die Fasanenhofschule bedankt sich beim Spielraum-Theater f\u00fcr die 4 tollen St\u00fccke, die die Kinder erleben durften.<\/p>\n\n\n\n<p>Wir freuen uns auf eine weitere vertrauensvolle Kooperation.<\/p>\n\n\n\n<p>\u201eDas Spielraum\u2010Theater ist ein gefragtes und international anerkanntes mobiles Theater. Das Ensemble spielt mehr als 20 verschiedene Produktionen f\u00fcr Kinder und Erwachsene \u2013 nicht nur in Kassel. Ob auf dem Land oder in der Gro\u00dfstadt, das Spielraum\u2010Theater ist auf allen B\u00fchnen zuhause. Regelm\u00e4\u00dfig ist das Theater auf internationalen Festivals zu sehen und wird zu renommierten Gro\u00dfveranstaltungen eingeladen. Die Mitglieder engagieren sich auch nachhaltig in Sprach \u2013 und Kulturf\u00f6rderprojekten f\u00fcr Kinder und Kinderg\u00e4rten sowie Familien in sozialen Brennpunkten. Allein 15 Kinderg\u00e4rten in Kassel bekommen j\u00e4hrlich jeweils 4\u22125 Auff\u00fchrungen und theaterp\u00e4dagogische Fortbildungen. Das Spielraum\u2010Theater besticht mit unterschiedlichen theatralische Ausdrucksformen wie Schauspiel, Erz\u00e4hl\u2010 und Bilderbuchtheater, Tanz, das Theater der Dinge, Figuren\u2010 und Schattentheater. Ensemblemitglieder sind Stefan Becker, Jutta Damaschke, Gisela Honens, Carlo Ghirardelli und Josephine Damaschke\u2010Becker. Zusammen mit dem Theater \u201eLaku Paka\u201c bildet das Spielraum\u2010Theater das Kindertheaterb\u00fcro.\u201c<\/p>\n\n\n\n<p>&nbsp;(Zitat: \u201eSpielraum-Theater|Stadt Kassel\u201c)<\/p>\n\n\n\n<figure class=\"wp-block-gallery has-nested-images columns-default is-cropped wp-block-gallery-43 is-layout-flex wp-block-gallery-is-layout-flex\">\n<figure class=\"wp-block-image size-large\"><img loading=\"lazy\" decoding=\"async\" width=\"1024\" height=\"768\" data-id=\"3105\" src=\"https:\/\/grundschule-fasanenhof.de\/wp-content\/uploads\/2023\/01\/PHOTO-2023-01-22-18-16-18-1024x768.jpg\" alt=\"\" class=\"wp-image-3105\" srcset=\"https:\/\/grundschule-fasanenhof.de\/wp-content\/uploads\/2023\/01\/PHOTO-2023-01-22-18-16-18-1024x768.jpg 1024w, https:\/\/grundschule-fasanenhof.de\/wp-content\/uploads\/2023\/01\/PHOTO-2023-01-22-18-16-18-300x225.jpg 300w, https:\/\/grundschule-fasanenhof.de\/wp-content\/uploads\/2023\/01\/PHOTO-2023-01-22-18-16-18-768x576.jpg 768w, https:\/\/grundschule-fasanenhof.de\/wp-content\/uploads\/2023\/01\/PHOTO-2023-01-22-18-16-18-1536x1152.jpg 1536w, https:\/\/grundschule-fasanenhof.de\/wp-content\/uploads\/2023\/01\/PHOTO-2023-01-22-18-16-18.jpg 2000w\" sizes=\"auto, (max-width: 1024px) 100vw, 1024px\" \/><\/figure>\n\n\n\n<figure class=\"wp-block-image size-large\"><img loading=\"lazy\" decoding=\"async\" width=\"1024\" height=\"768\" data-id=\"3104\" src=\"https:\/\/grundschule-fasanenhof.de\/wp-content\/uploads\/2023\/01\/PHOTO-2023-01-22-18-16-19-1024x768.jpg\" alt=\"\" class=\"wp-image-3104\" srcset=\"https:\/\/grundschule-fasanenhof.de\/wp-content\/uploads\/2023\/01\/PHOTO-2023-01-22-18-16-19-1024x768.jpg 1024w, https:\/\/grundschule-fasanenhof.de\/wp-content\/uploads\/2023\/01\/PHOTO-2023-01-22-18-16-19-300x225.jpg 300w, https:\/\/grundschule-fasanenhof.de\/wp-content\/uploads\/2023\/01\/PHOTO-2023-01-22-18-16-19-768x576.jpg 768w, https:\/\/grundschule-fasanenhof.de\/wp-content\/uploads\/2023\/01\/PHOTO-2023-01-22-18-16-19-1536x1152.jpg 1536w, https:\/\/grundschule-fasanenhof.de\/wp-content\/uploads\/2023\/01\/PHOTO-2023-01-22-18-16-19.jpg 2000w\" sizes=\"auto, (max-width: 1024px) 100vw, 1024px\" \/><\/figure>\n\n\n\n<figure class=\"wp-block-image size-large\"><img loading=\"lazy\" decoding=\"async\" width=\"1024\" height=\"768\" data-id=\"3103\" src=\"https:\/\/grundschule-fasanenhof.de\/wp-content\/uploads\/2023\/01\/PHOTO-2023-01-22-18-16-19-1-1024x768.jpg\" alt=\"\" class=\"wp-image-3103\" srcset=\"https:\/\/grundschule-fasanenhof.de\/wp-content\/uploads\/2023\/01\/PHOTO-2023-01-22-18-16-19-1-1024x768.jpg 1024w, https:\/\/grundschule-fasanenhof.de\/wp-content\/uploads\/2023\/01\/PHOTO-2023-01-22-18-16-19-1-300x225.jpg 300w, https:\/\/grundschule-fasanenhof.de\/wp-content\/uploads\/2023\/01\/PHOTO-2023-01-22-18-16-19-1-768x576.jpg 768w, https:\/\/grundschule-fasanenhof.de\/wp-content\/uploads\/2023\/01\/PHOTO-2023-01-22-18-16-19-1-1536x1152.jpg 1536w, https:\/\/grundschule-fasanenhof.de\/wp-content\/uploads\/2023\/01\/PHOTO-2023-01-22-18-16-19-1.jpg 2000w\" sizes=\"auto, (max-width: 1024px) 100vw, 1024px\" \/><\/figure>\n\n\n\n<figure class=\"wp-block-image size-large\"><img loading=\"lazy\" decoding=\"async\" width=\"1024\" height=\"702\" data-id=\"3102\" src=\"https:\/\/grundschule-fasanenhof.de\/wp-content\/uploads\/2023\/01\/PHOTO-2023-01-22-18-16-20-1024x702.jpg\" alt=\"\" class=\"wp-image-3102\" srcset=\"https:\/\/grundschule-fasanenhof.de\/wp-content\/uploads\/2023\/01\/PHOTO-2023-01-22-18-16-20-1024x702.jpg 1024w, https:\/\/grundschule-fasanenhof.de\/wp-content\/uploads\/2023\/01\/PHOTO-2023-01-22-18-16-20-300x206.jpg 300w, https:\/\/grundschule-fasanenhof.de\/wp-content\/uploads\/2023\/01\/PHOTO-2023-01-22-18-16-20-768x526.jpg 768w, https:\/\/grundschule-fasanenhof.de\/wp-content\/uploads\/2023\/01\/PHOTO-2023-01-22-18-16-20-1536x1053.jpg 1536w, https:\/\/grundschule-fasanenhof.de\/wp-content\/uploads\/2023\/01\/PHOTO-2023-01-22-18-16-20.jpg 2000w\" sizes=\"auto, (max-width: 1024px) 100vw, 1024px\" \/><\/figure>\n\n\n\n<figure class=\"wp-block-image size-large\"><img loading=\"lazy\" decoding=\"async\" width=\"1024\" height=\"768\" data-id=\"3101\" src=\"https:\/\/grundschule-fasanenhof.de\/wp-content\/uploads\/2023\/01\/PHOTO-2023-01-22-18-16-20-1-1024x768.jpg\" alt=\"\" class=\"wp-image-3101\" srcset=\"https:\/\/grundschule-fasanenhof.de\/wp-content\/uploads\/2023\/01\/PHOTO-2023-01-22-18-16-20-1-1024x768.jpg 1024w, https:\/\/grundschule-fasanenhof.de\/wp-content\/uploads\/2023\/01\/PHOTO-2023-01-22-18-16-20-1-300x225.jpg 300w, https:\/\/grundschule-fasanenhof.de\/wp-content\/uploads\/2023\/01\/PHOTO-2023-01-22-18-16-20-1-768x576.jpg 768w, https:\/\/grundschule-fasanenhof.de\/wp-content\/uploads\/2023\/01\/PHOTO-2023-01-22-18-16-20-1-1536x1152.jpg 1536w, https:\/\/grundschule-fasanenhof.de\/wp-content\/uploads\/2023\/01\/PHOTO-2023-01-22-18-16-20-1.jpg 2000w\" sizes=\"auto, (max-width: 1024px) 100vw, 1024px\" \/><\/figure>\n\n\n\n<figure class=\"wp-block-image size-large\"><img loading=\"lazy\" decoding=\"async\" width=\"1024\" height=\"768\" data-id=\"3100\" src=\"https:\/\/grundschule-fasanenhof.de\/wp-content\/uploads\/2023\/01\/PHOTO-2023-01-22-18-16-20-2-1024x768.jpg\" alt=\"\" class=\"wp-image-3100\" srcset=\"https:\/\/grundschule-fasanenhof.de\/wp-content\/uploads\/2023\/01\/PHOTO-2023-01-22-18-16-20-2-1024x768.jpg 1024w, https:\/\/grundschule-fasanenhof.de\/wp-content\/uploads\/2023\/01\/PHOTO-2023-01-22-18-16-20-2-300x225.jpg 300w, https:\/\/grundschule-fasanenhof.de\/wp-content\/uploads\/2023\/01\/PHOTO-2023-01-22-18-16-20-2-768x576.jpg 768w, https:\/\/grundschule-fasanenhof.de\/wp-content\/uploads\/2023\/01\/PHOTO-2023-01-22-18-16-20-2-1536x1152.jpg 1536w, https:\/\/grundschule-fasanenhof.de\/wp-content\/uploads\/2023\/01\/PHOTO-2023-01-22-18-16-20-2.jpg 2000w\" sizes=\"auto, (max-width: 1024px) 100vw, 1024px\" \/><\/figure>\n\n\n\n<figure class=\"wp-block-image size-large\"><img loading=\"lazy\" decoding=\"async\" width=\"1024\" height=\"768\" data-id=\"3099\" src=\"https:\/\/grundschule-fasanenhof.de\/wp-content\/uploads\/2023\/01\/PHOTO-2023-01-22-18-16-20-3-1024x768.jpg\" alt=\"\" class=\"wp-image-3099\" srcset=\"https:\/\/grundschule-fasanenhof.de\/wp-content\/uploads\/2023\/01\/PHOTO-2023-01-22-18-16-20-3-1024x768.jpg 1024w, https:\/\/grundschule-fasanenhof.de\/wp-content\/uploads\/2023\/01\/PHOTO-2023-01-22-18-16-20-3-300x225.jpg 300w, https:\/\/grundschule-fasanenhof.de\/wp-content\/uploads\/2023\/01\/PHOTO-2023-01-22-18-16-20-3-768x576.jpg 768w, https:\/\/grundschule-fasanenhof.de\/wp-content\/uploads\/2023\/01\/PHOTO-2023-01-22-18-16-20-3-1536x1152.jpg 1536w, https:\/\/grundschule-fasanenhof.de\/wp-content\/uploads\/2023\/01\/PHOTO-2023-01-22-18-16-20-3.jpg 2000w\" sizes=\"auto, (max-width: 1024px) 100vw, 1024px\" \/><\/figure>\n\n\n\n<figure class=\"wp-block-image size-large\"><img loading=\"lazy\" decoding=\"async\" width=\"1024\" height=\"768\" data-id=\"3098\" src=\"https:\/\/grundschule-fasanenhof.de\/wp-content\/uploads\/2023\/01\/PHOTO-2023-01-22-18-16-20-4-1024x768.jpg\" alt=\"\" class=\"wp-image-3098\" srcset=\"https:\/\/grundschule-fasanenhof.de\/wp-content\/uploads\/2023\/01\/PHOTO-2023-01-22-18-16-20-4-1024x768.jpg 1024w, https:\/\/grundschule-fasanenhof.de\/wp-content\/uploads\/2023\/01\/PHOTO-2023-01-22-18-16-20-4-300x225.jpg 300w, https:\/\/grundschule-fasanenhof.de\/wp-content\/uploads\/2023\/01\/PHOTO-2023-01-22-18-16-20-4-768x576.jpg 768w, https:\/\/grundschule-fasanenhof.de\/wp-content\/uploads\/2023\/01\/PHOTO-2023-01-22-18-16-20-4-1536x1152.jpg 1536w, https:\/\/grundschule-fasanenhof.de\/wp-content\/uploads\/2023\/01\/PHOTO-2023-01-22-18-16-20-4.jpg 2000w\" sizes=\"auto, (max-width: 1024px) 100vw, 1024px\" \/><\/figure>\n<\/figure>\n\n\n\n<h2 class=\"wp-block-heading has-medium-font-size\"><\/h2>\n\n\n\n<p><\/p>\n\n\n\n<h2 class=\"wp-block-heading has-medium-font-size\"><\/h2>\n\n\n\n<p><\/p>\n","protected":false},"excerpt":{"rendered":"<p>Das Spielraumtheater war mit spannenden St\u00fccken bei uns Vom 20. bis 22.04.26 war wieder einmal das Spielraumtheater bei uns zu &hellip; <\/p>\n","protected":false},"author":1,"featured_media":0,"comment_status":"open","ping_status":"open","sticky":false,"template":"","format":"image","meta":{"footnotes":""},"categories":[1],"tags":[],"class_list":["post-2536","post","type-post","status-publish","format-image","hentry","category-uncategorized","post_format-post-format-image"],"_links":{"self":[{"href":"https:\/\/grundschule-fasanenhof.de\/index.php?rest_route=\/wp\/v2\/posts\/2536","targetHints":{"allow":["GET"]}}],"collection":[{"href":"https:\/\/grundschule-fasanenhof.de\/index.php?rest_route=\/wp\/v2\/posts"}],"about":[{"href":"https:\/\/grundschule-fasanenhof.de\/index.php?rest_route=\/wp\/v2\/types\/post"}],"author":[{"embeddable":true,"href":"https:\/\/grundschule-fasanenhof.de\/index.php?rest_route=\/wp\/v2\/users\/1"}],"replies":[{"embeddable":true,"href":"https:\/\/grundschule-fasanenhof.de\/index.php?rest_route=%2Fwp%2Fv2%2Fcomments&post=2536"}],"version-history":[{"count":139,"href":"https:\/\/grundschule-fasanenhof.de\/index.php?rest_route=\/wp\/v2\/posts\/2536\/revisions"}],"predecessor-version":[{"id":5497,"href":"https:\/\/grundschule-fasanenhof.de\/index.php?rest_route=\/wp\/v2\/posts\/2536\/revisions\/5497"}],"wp:attachment":[{"href":"https:\/\/grundschule-fasanenhof.de\/index.php?rest_route=%2Fwp%2Fv2%2Fmedia&parent=2536"}],"wp:term":[{"taxonomy":"category","embeddable":true,"href":"https:\/\/grundschule-fasanenhof.de\/index.php?rest_route=%2Fwp%2Fv2%2Fcategories&post=2536"},{"taxonomy":"post_tag","embeddable":true,"href":"https:\/\/grundschule-fasanenhof.de\/index.php?rest_route=%2Fwp%2Fv2%2Ftags&post=2536"}],"curies":[{"name":"wp","href":"https:\/\/api.w.org\/{rel}","templated":true}]}}